{"id":31818,"date":"2022-07-13T09:32:41","date_gmt":"2022-07-13T08:32:41","guid":{"rendered":"https:\/\/fundaciosetba.org\/las-fotografas-tanit-plana-y-marta-fabregas-seran-las-mentoras-de-dos-internas-de-wad-ras\/"},"modified":"2022-09-22T09:03:41","modified_gmt":"2022-09-22T08:03:41","slug":"las-fotografas-tanit-plana-y-marta-fabregas-seran-las-mentoras-de-dos-internas-de-wad-ras","status":"publish","type":"post","link":"https:\/\/fundaciosetba.org\/es\/las-fotografas-tanit-plana-y-marta-fabregas-seran-las-mentoras-de-dos-internas-de-wad-ras\/","title":{"rendered":"Las fot\u00f3grafas Tanit Plana y Marta F\u00e0bregas ser\u00e1n las mentoras de dos internas de Wad-Ras"},"content":{"rendered":"<p><em>BRIANS: Mujeres invisibles<\/em> cuenta con dos reportajes realizados por las ex internas de Brians 1: Camila Oliveira y Sofia Kyprisli. Estos reportajes fueron guiados por la artista Marta F\u00e0bregas y la fotoperiodista Sandra Balsells. Este a\u00f1o, <strong>la fot\u00f3grafa Tanit Plana se une como mentora con Marta F\u00e0bregas para crear uno de los reportajes que se encontrar\u00e1 en el segundo libro de la colecci\u00f3n dedicado al centro penitenciario de Wad-Ras<\/strong> .<\/p>\n<p>La mentor\u00eda es el acompa\u00f1amiento, seguimiento y formaci\u00f3n por parte de una fot\u00f3grafa profesional a una participante del proyecto <em>Traspasando el objetivo<\/em> . Durante cuatro sesiones repartidas en tres meses, la mentora trabaja conjuntamente con la mentorizada para realizar el reportaje fotogr\u00e1fico.<\/p>\n<p><strong>De las diecis\u00e9is participantes del proyecto en Wad-Ras, se seleccionaron dos, despu\u00e9s de pasar una prueba fotogr\u00e1fica<\/strong> . El equipo del jurado compuesto por la directora art\u00edstica del proyecto, Marta F\u00e0bregas; Laura G\u00e1lvez-Rhein, fot\u00f3grafa y asistente de direcci\u00f3n, Bernat Millet, codirector de la editorial Lum\u00ednic y Cristina Sampere, directora de la Fundaci\u00f3n Setba, pidieron a las participantes que hicieran un reportaje de narrativa fotogr\u00e1fica: 24 horas en el Centro Penitenciario Wad-Ras a trav\u00e9s de la fotograf\u00eda. <strong>Las internas premiadas con las mentor\u00edas fueron Diama T. y Beatriz F.<\/strong><\/p>\n<div class=\"w-gallery fit_cover wp_gallery type_grid action_popup_image ratio_1x1 count_2\" style=\"--columns:2;--items-gap:8px;\"><div class=\"w-gallery-list\"><div class=\"w-gallery-item\"><div class=\"w-gallery-item-img\"><img loading=\"lazy\" decoding=\"async\" width=\"300\" height=\"300\" src=\"https:\/\/fundaciosetba.org\/wp-content\/uploads\/2022\/06\/P1010917-300x300.jpg\" class=\"attachment-shop_catalog size-shop_catalog\" alt=\"\" srcset=\"https:\/\/fundaciosetba.org\/wp-content\/uploads\/2022\/06\/P1010917-300x300.jpg 300w, https:\/\/fundaciosetba.org\/wp-content\/uploads\/2022\/06\/P1010917-150x150.jpg 150w\" sizes=\"auto, (max-width: 300px) 100vw, 300px\" \/><\/div><a class=\"w-gallery-item-link\" aria-label=\"Escaleras \u00a9 Beatriz\" href=\"https:\/\/fundaciosetba.org\/wp-content\/uploads\/2022\/06\/P1010917-scaled.jpg\" title=\"Escaleras \u00a9 Beatriz\"><\/a><\/div><div class=\"w-gallery-item\"><div class=\"w-gallery-item-img\"><img loading=\"lazy\" decoding=\"async\" width=\"300\" height=\"300\" src=\"https:\/\/fundaciosetba.org\/wp-content\/uploads\/2022\/06\/P1010948-300x300.jpg\" class=\"attachment-shop_catalog size-shop_catalog\" alt=\"\" srcset=\"https:\/\/fundaciosetba.org\/wp-content\/uploads\/2022\/06\/P1010948-300x300.jpg 300w, https:\/\/fundaciosetba.org\/wp-content\/uploads\/2022\/06\/P1010948-150x150.jpg 150w\" sizes=\"auto, (max-width: 300px) 100vw, 300px\" \/><\/div><a class=\"w-gallery-item-link\" aria-label=\"Vis a vis \u00a9 Diama T\" href=\"https:\/\/fundaciosetba.org\/wp-content\/uploads\/2022\/06\/P1010948-scaled.jpg\" title=\"Vis a vis \u00a9 Diama T\"><\/a><\/div><\/div><\/div>\n<p>Para llevar a cabo las mentor\u00edas, la empresa PANASONIC ha cedido el material fotogr\u00e1fico compuesto por: 4 tarjetas de memoria SD de 16GB, 2 c\u00e1maras fotogr\u00e1ficas LUMIX DC-G9, 2 objetivos LEICA 12-60mm, 2 objetivos LEICA 8-18mm, 2 objetivos LEICA 25mm, 2 bater\u00edas, 2 cargadores de bater\u00eda + cable + cable HDMI<\/p>\n<p>Tanit Plana es una fot\u00f3grafa especializada en proyectos de investigaci\u00f3n fotogr\u00e1fica por los que ha recibido los premios FotoPres&#8217;01 y Descubrimientos PhotoEspa\u00f1a 2003 y ha sido becada por la Fundaci\u00f3n &#8220;la Caixa&#8221; 2012 y la Fundaci\u00f3n BBVA 2016 para la creaci\u00f3n fotogr\u00e1fica, entre otros. En 2011 funda la productora Beluga Family para dar respuesta a los encargos publicitarios. Algunos de sus clientes m\u00e1s destacados son Ogilvy Barcelona, DDB Barcelona y SCPF.<\/p>\n<p>Este proyecto est\u00e1 patrocinado por el Departamento de Justicia de la Generalitat de Catalunya, Panasonic \u2013 Lumix y Bizcabar Servicios Inmobiliarios. Y colabora el Instituto de Estudios Fotogr\u00e1ficos de Catalu\u00f1a (IEFC), Lum\u00ednic Festival, Maquillaje Tutusaus y Marc Mart\u00ed.<\/p>\n","protected":false},"excerpt":{"rendered":"<p>La mentor\u00eda es el acompa\u00f1amiento, seguimiento y formaci\u00f3n por parte de una fot\u00f3grafa profesional a una participante del proyecto Traspasando el objetivo.<\/p>\n","protected":false},"author":1,"featured_media":31976,"comment_status":"closed","ping_status":"closed","sticky":false,"template":"","format":"standard","meta":{"footnotes":""},"categories":[1350],"tags":[],"class_list":["post-31818","post","type-post","status-publish","format-standard","has-post-thumbnail","hentry","category-traspasando-el-objetivo-es"],"_links":{"self":[{"href":"https:\/\/fundaciosetba.org\/es\/wp-json\/wp\/v2\/posts\/31818","targetHints":{"allow":["GET"]}}],"collection":[{"href":"https:\/\/fundaciosetba.org\/es\/wp-json\/wp\/v2\/posts"}],"about":[{"href":"https:\/\/fundaciosetba.org\/es\/wp-json\/wp\/v2\/types\/post"}],"author":[{"embeddable":true,"href":"https:\/\/fundaciosetba.org\/es\/wp-json\/wp\/v2\/users\/1"}],"replies":[{"embeddable":true,"href":"https:\/\/fundaciosetba.org\/es\/wp-json\/wp\/v2\/comments?post=31818"}],"version-history":[{"count":2,"href":"https:\/\/fundaciosetba.org\/es\/wp-json\/wp\/v2\/posts\/31818\/revisions"}],"predecessor-version":[{"id":31849,"href":"https:\/\/fundaciosetba.org\/es\/wp-json\/wp\/v2\/posts\/31818\/revisions\/31849"}],"wp:featuredmedia":[{"embeddable":true,"href":"https:\/\/fundaciosetba.org\/es\/wp-json\/wp\/v2\/media\/31976"}],"wp:attachment":[{"href":"https:\/\/fundaciosetba.org\/es\/wp-json\/wp\/v2\/media?parent=31818"}],"wp:term":[{"taxonomy":"category","embeddable":true,"href":"https:\/\/fundaciosetba.org\/es\/wp-json\/wp\/v2\/categories?post=31818"},{"taxonomy":"post_tag","embeddable":true,"href":"https:\/\/fundaciosetba.org\/es\/wp-json\/wp\/v2\/tags?post=31818"}],"curies":[{"name":"wp","href":"https:\/\/api.w.org\/{rel}","templated":true}]}}