{"id":32043,"date":"2022-09-23T08:48:41","date_gmt":"2022-09-23T07:48:41","guid":{"rendered":"https:\/\/fundaciosetba.org\/los-proyectos-de-la-fundacion-setba-se-hacen-un-lugar-en-la-fiesta-del-viver-de-argentona\/"},"modified":"2022-09-23T09:46:36","modified_gmt":"2022-09-23T08:46:36","slug":"los-proyectos-de-la-fundacion-setba-se-hacen-un-lugar-en-la-fiesta-del-viver-de-argentona","status":"publish","type":"post","link":"https:\/\/fundaciosetba.org\/es\/los-proyectos-de-la-fundacion-setba-se-hacen-un-lugar-en-la-fiesta-del-viver-de-argentona\/","title":{"rendered":"Los proyectos de la Fundaci\u00f3n Setba se hacen un lugar en la Fiesta del Viver de Argentona"},"content":{"rendered":"<p>El pasado 18 de septiembre la Fundaci\u00f3n Setba colabor\u00f3 con la organizaci\u00f3n de la Fiesta de la Virgen del Viver de Argentona, una jornada anual en la que conviven la tradici\u00f3n, cultura popular y expresiones art\u00edsticas.<\/p>\n<p>La Fundaci\u00f3n Setba tuvo un espacio para <strong>explicar dos de los cuatro proyectos que desarrollan: <em>Traspasando el objetivo<\/em><\/strong>, dirigido a mujeres internas en centros penitenciarios, y <strong><em>Natura es Cultura<\/em><\/strong>, para personas que conviven con transtornos mentales.<\/p>\n<p>El primero lleg\u00f3 en forma de presentaci\u00f3n a cargo de la periodista y escritora, S\u00f2nia Hern\u00e0ndez. Durante el acto se present\u00f3 el fotolibro <em>Brians: mujeres invisibles<\/em>, editado por Lum\u00ednic, que muestra <strong>c\u00f3mo la fotograf\u00eda puede convertirse en una herramienta de empoderamiento para mujeres internas en centros penitenciarios<\/strong>. La presentaci\u00f3n fue una conversaci\u00f3n a tres con la fot\u00f3grafa y artista <strong>Marta F\u00e0bregas<\/strong> y la directora de la Fundaci\u00f3n Setba, <strong>Cristina Sampere<\/strong>.<\/p>\n<div class=\"w-gallery fit_cover wp_gallery type_grid action_popup_image ratio_1x1 count_2\" style=\"--columns:2;--items-gap:8px;\"><div class=\"w-gallery-list\"><div class=\"w-gallery-item\"><div class=\"w-gallery-item-img\"><img loading=\"lazy\" decoding=\"async\" width=\"1024\" height=\"768\" src=\"https:\/\/fundaciosetba.org\/wp-content\/uploads\/2022\/09\/Festa-del-Viver-86-1024x768.jpeg\" class=\"attachment-large size-large\" alt=\"\" srcset=\"https:\/\/fundaciosetba.org\/wp-content\/uploads\/2022\/09\/Festa-del-Viver-86-1024x768.jpeg 1024w, https:\/\/fundaciosetba.org\/wp-content\/uploads\/2022\/09\/Festa-del-Viver-86-300x225.jpeg 300w, https:\/\/fundaciosetba.org\/wp-content\/uploads\/2022\/09\/Festa-del-Viver-86-133x100.jpeg 133w, https:\/\/fundaciosetba.org\/wp-content\/uploads\/2022\/09\/Festa-del-Viver-86-533x400.jpeg 533w, https:\/\/fundaciosetba.org\/wp-content\/uploads\/2022\/09\/Festa-del-Viver-86-600x450.jpeg 600w\" sizes=\"auto, (max-width: 1024px) 100vw, 1024px\" \/><\/div><a class=\"w-gallery-item-link\" aria-label=\"Festa del Viver (86)\" href=\"https:\/\/fundaciosetba.org\/wp-content\/uploads\/2022\/09\/Festa-del-Viver-86-scaled.jpeg\" title=\"Festa del Viver (86)\"><\/a><\/div><div class=\"w-gallery-item\"><div class=\"w-gallery-item-img\"><img loading=\"lazy\" decoding=\"async\" width=\"1024\" height=\"768\" src=\"https:\/\/fundaciosetba.org\/wp-content\/uploads\/2022\/09\/Festa-del-Viver-90-1024x768.jpeg\" class=\"attachment-large size-large\" alt=\"\" srcset=\"https:\/\/fundaciosetba.org\/wp-content\/uploads\/2022\/09\/Festa-del-Viver-90-1024x768.jpeg 1024w, https:\/\/fundaciosetba.org\/wp-content\/uploads\/2022\/09\/Festa-del-Viver-90-300x225.jpeg 300w, https:\/\/fundaciosetba.org\/wp-content\/uploads\/2022\/09\/Festa-del-Viver-90-133x100.jpeg 133w, https:\/\/fundaciosetba.org\/wp-content\/uploads\/2022\/09\/Festa-del-Viver-90-533x400.jpeg 533w, https:\/\/fundaciosetba.org\/wp-content\/uploads\/2022\/09\/Festa-del-Viver-90-600x450.jpeg 600w\" sizes=\"auto, (max-width: 1024px) 100vw, 1024px\" \/><\/div><a class=\"w-gallery-item-link\" aria-label=\"Festa del Viver (90)\" href=\"https:\/\/fundaciosetba.org\/wp-content\/uploads\/2022\/09\/Festa-del-Viver-90-scaled.jpeg\" title=\"Festa del Viver (90)\"><\/a><\/div><\/div><\/div>\n<p>Para explicar el proyecto <em>Natura es Cultura<\/em>, la Fundaci\u00f3n Setba organiz\u00f3 a primera hora de la tarde un <strong>taller art\u00edstico y familiar en un espacio muy especial de la finca; en el bosque de los \u00e1rboles pintados<\/strong>. All\u00ed es d\u00f3nde durante tres a\u00f1os se ha desarrollado parte del proyecto <em>Natura es Cultura<\/em> con el grupo <a href=\"https:\/\/itasaludmental.com\/centros\/itaargentonatca\">ITA de Argentona<\/a>, un centro de salud mental para j\u00f3venes y menores de edad. Y para hacerlo m\u00e1s especial, <strong>la Fundaci\u00f3n Setba cont\u00f3 con la direcci\u00f3n art\u00edstica de Kira Mercader<\/strong>, una exparticipante del proyecto que destac\u00f3 por sus habilidades art\u00edsticas. Durante una hora explic\u00f3 su experiencia con el proyecto y anim\u00f3 a los participantes del taller a que pintaran unos trozos de madera. La tem\u00e1tica que hab\u00eda que seguir era el cielo y para hacerlo Kira llev\u00f3 imprimidas diferentes representaciones art\u00edsticas de cielos pintados por parte de grandes artistas de la historia.<\/p>\n<div class=\"w-gallery fit_cover wp_gallery type_grid action_popup_image ratio_1x1 count_3\" style=\"--columns:3;--items-gap:8px;\"><div class=\"w-gallery-list\"><div class=\"w-gallery-item\"><div class=\"w-gallery-item-img\"><img loading=\"lazy\" decoding=\"async\" width=\"1024\" height=\"768\" src=\"https:\/\/fundaciosetba.org\/wp-content\/uploads\/2022\/09\/Festa-del-Viver-178-1024x768.jpeg\" class=\"attachment-large size-large\" alt=\"\" srcset=\"https:\/\/fundaciosetba.org\/wp-content\/uploads\/2022\/09\/Festa-del-Viver-178-1024x768.jpeg 1024w, https:\/\/fundaciosetba.org\/wp-content\/uploads\/2022\/09\/Festa-del-Viver-178-300x225.jpeg 300w, https:\/\/fundaciosetba.org\/wp-content\/uploads\/2022\/09\/Festa-del-Viver-178-133x100.jpeg 133w, https:\/\/fundaciosetba.org\/wp-content\/uploads\/2022\/09\/Festa-del-Viver-178-533x400.jpeg 533w, https:\/\/fundaciosetba.org\/wp-content\/uploads\/2022\/09\/Festa-del-Viver-178-600x450.jpeg 600w\" sizes=\"auto, (max-width: 1024px) 100vw, 1024px\" \/><\/div><a class=\"w-gallery-item-link\" aria-label=\"Festa del Viver (178)\" href=\"https:\/\/fundaciosetba.org\/wp-content\/uploads\/2022\/09\/Festa-del-Viver-178-scaled.jpeg\" title=\"Festa del Viver (178)\"><\/a><\/div><div class=\"w-gallery-item\"><div class=\"w-gallery-item-img\"><img loading=\"lazy\" decoding=\"async\" width=\"1024\" height=\"768\" src=\"https:\/\/fundaciosetba.org\/wp-content\/uploads\/2022\/09\/Festa-del-Viver-165-scaled-e1663922754216-1024x768.jpeg\" class=\"attachment-large size-large\" alt=\"\" srcset=\"https:\/\/fundaciosetba.org\/wp-content\/uploads\/2022\/09\/Festa-del-Viver-165-scaled-e1663922754216-1024x768.jpeg 1024w, https:\/\/fundaciosetba.org\/wp-content\/uploads\/2022\/09\/Festa-del-Viver-165-scaled-e1663922754216-300x225.jpeg 300w, https:\/\/fundaciosetba.org\/wp-content\/uploads\/2022\/09\/Festa-del-Viver-165-scaled-e1663922754216-133x100.jpeg 133w, https:\/\/fundaciosetba.org\/wp-content\/uploads\/2022\/09\/Festa-del-Viver-165-scaled-e1663922754216-533x400.jpeg 533w, https:\/\/fundaciosetba.org\/wp-content\/uploads\/2022\/09\/Festa-del-Viver-165-scaled-e1663922754216-600x450.jpeg 600w\" sizes=\"auto, (max-width: 1024px) 100vw, 1024px\" \/><\/div><a class=\"w-gallery-item-link\" aria-label=\"Festa del Viver (165)\" href=\"https:\/\/fundaciosetba.org\/wp-content\/uploads\/2022\/09\/Festa-del-Viver-165-scaled-e1663922754216.jpeg\" title=\"Festa del Viver (165)\"><\/a><\/div><div class=\"w-gallery-item\"><div class=\"w-gallery-item-img\"><img loading=\"lazy\" decoding=\"async\" width=\"1024\" height=\"768\" src=\"https:\/\/fundaciosetba.org\/wp-content\/uploads\/2022\/09\/Festa-del-Viver-163-scaled-e1663922785769-1024x768.jpeg\" class=\"attachment-large size-large\" alt=\"\" srcset=\"https:\/\/fundaciosetba.org\/wp-content\/uploads\/2022\/09\/Festa-del-Viver-163-scaled-e1663922785769-1024x768.jpeg 1024w, https:\/\/fundaciosetba.org\/wp-content\/uploads\/2022\/09\/Festa-del-Viver-163-scaled-e1663922785769-300x225.jpeg 300w, https:\/\/fundaciosetba.org\/wp-content\/uploads\/2022\/09\/Festa-del-Viver-163-scaled-e1663922785769-133x100.jpeg 133w, https:\/\/fundaciosetba.org\/wp-content\/uploads\/2022\/09\/Festa-del-Viver-163-scaled-e1663922785769-533x400.jpeg 533w, https:\/\/fundaciosetba.org\/wp-content\/uploads\/2022\/09\/Festa-del-Viver-163-scaled-e1663922785769-600x450.jpeg 600w\" sizes=\"auto, (max-width: 1024px) 100vw, 1024px\" \/><\/div><a class=\"w-gallery-item-link\" aria-label=\"Festa del Viver (163)\" href=\"https:\/\/fundaciosetba.org\/wp-content\/uploads\/2022\/09\/Festa-del-Viver-163-scaled-e1663922785769.jpeg\" title=\"Festa del Viver (163)\"><\/a><\/div><\/div><\/div>\n<p>Para finalizar la jornada, tuvo lugar la <strong>presentaci\u00f3n del libro <em>LA RIERA<\/em> con poemas de Dario Olaortua<\/strong>, presidente de la Fundaci\u00f3n Setba, <strong> y obras del artista Miquel Arnau<\/strong>. El acto fue presentado por el empresario y amigo de los autores, Pere Font.<\/p>\n<div class=\"w-gallery fit_cover wp_gallery type_grid action_popup_image ratio_1x1 count_2\" style=\"--columns:2;--items-gap:8px;\"><div class=\"w-gallery-list\"><div class=\"w-gallery-item\"><div class=\"w-gallery-item-img\"><img loading=\"lazy\" decoding=\"async\" width=\"1024\" height=\"768\" src=\"https:\/\/fundaciosetba.org\/wp-content\/uploads\/2022\/09\/Festa-del-Viver-141-1024x768.jpeg\" class=\"attachment-large size-large\" alt=\"\" srcset=\"https:\/\/fundaciosetba.org\/wp-content\/uploads\/2022\/09\/Festa-del-Viver-141-1024x768.jpeg 1024w, https:\/\/fundaciosetba.org\/wp-content\/uploads\/2022\/09\/Festa-del-Viver-141-300x225.jpeg 300w, https:\/\/fundaciosetba.org\/wp-content\/uploads\/2022\/09\/Festa-del-Viver-141-133x100.jpeg 133w, https:\/\/fundaciosetba.org\/wp-content\/uploads\/2022\/09\/Festa-del-Viver-141-533x400.jpeg 533w, https:\/\/fundaciosetba.org\/wp-content\/uploads\/2022\/09\/Festa-del-Viver-141-600x450.jpeg 600w\" sizes=\"auto, (max-width: 1024px) 100vw, 1024px\" \/><\/div><a class=\"w-gallery-item-link\" aria-label=\"Festa del Viver (141)\" href=\"https:\/\/fundaciosetba.org\/wp-content\/uploads\/2022\/09\/Festa-del-Viver-141-scaled.jpeg\" title=\"Festa del Viver (141)\"><\/a><\/div><div class=\"w-gallery-item\"><div class=\"w-gallery-item-img\"><img loading=\"lazy\" decoding=\"async\" width=\"1024\" height=\"768\" src=\"https:\/\/fundaciosetba.org\/wp-content\/uploads\/2022\/09\/Festa-del-Viver-161-1024x768.jpeg\" class=\"attachment-large size-large\" alt=\"\" srcset=\"https:\/\/fundaciosetba.org\/wp-content\/uploads\/2022\/09\/Festa-del-Viver-161-1024x768.jpeg 1024w, https:\/\/fundaciosetba.org\/wp-content\/uploads\/2022\/09\/Festa-del-Viver-161-300x225.jpeg 300w, https:\/\/fundaciosetba.org\/wp-content\/uploads\/2022\/09\/Festa-del-Viver-161-133x100.jpeg 133w, https:\/\/fundaciosetba.org\/wp-content\/uploads\/2022\/09\/Festa-del-Viver-161-533x400.jpeg 533w, https:\/\/fundaciosetba.org\/wp-content\/uploads\/2022\/09\/Festa-del-Viver-161-600x450.jpeg 600w\" sizes=\"auto, (max-width: 1024px) 100vw, 1024px\" \/><\/div><a class=\"w-gallery-item-link\" aria-label=\"Festa del Viver (161)\" href=\"https:\/\/fundaciosetba.org\/wp-content\/uploads\/2022\/09\/Festa-del-Viver-161-scaled.jpeg\" title=\"Festa del Viver (161)\"><\/a><\/div><\/div><\/div>\n<p>El Viver de Argentona es una finca, ubicada en la comarca del Maresme, con mucha historia y un encanto \u00fanico. Cuenta con un conjunto de edificaciones singulares, una ermita rom\u00e1nica del siglo XII, un gran casal residencial de estilo novecentista y decenas de rincones llenos de magia, jardines configurados por grandes paisajistas y \u00e1rboles centenarios.<\/p>\n<p>&nbsp;<\/p>\n","protected":false},"excerpt":{"rendered":"<p>La Fundaci\u00f3n Setba tuvo un espacio para explicar dos de los cuatro proyectos que desarrollan: Traspasando el objetivo, dirigido a mujeres internas en centros penitenciarios, y Natura es Cultura, para personas que conviven con transtornos mentales.<\/p>\n","protected":false},"author":1,"featured_media":32046,"comment_status":"closed","ping_status":"closed","sticky":false,"template":"","format":"standard","meta":{"footnotes":""},"categories":[1355,1350],"tags":[],"class_list":["post-32043","post","type-post","status-publish","format-standard","has-post-thumbnail","hentry","category-naturaleza-es-cultura","category-traspasando-el-objetivo-es"],"_links":{"self":[{"href":"https:\/\/fundaciosetba.org\/es\/wp-json\/wp\/v2\/posts\/32043","targetHints":{"allow":["GET"]}}],"collection":[{"href":"https:\/\/fundaciosetba.org\/es\/wp-json\/wp\/v2\/posts"}],"about":[{"href":"https:\/\/fundaciosetba.org\/es\/wp-json\/wp\/v2\/types\/post"}],"author":[{"embeddable":true,"href":"https:\/\/fundaciosetba.org\/es\/wp-json\/wp\/v2\/users\/1"}],"replies":[{"embeddable":true,"href":"https:\/\/fundaciosetba.org\/es\/wp-json\/wp\/v2\/comments?post=32043"}],"version-history":[{"count":3,"href":"https:\/\/fundaciosetba.org\/es\/wp-json\/wp\/v2\/posts\/32043\/revisions"}],"predecessor-version":[{"id":32049,"href":"https:\/\/fundaciosetba.org\/es\/wp-json\/wp\/v2\/posts\/32043\/revisions\/32049"}],"wp:featuredmedia":[{"embeddable":true,"href":"https:\/\/fundaciosetba.org\/es\/wp-json\/wp\/v2\/media\/32046"}],"wp:attachment":[{"href":"https:\/\/fundaciosetba.org\/es\/wp-json\/wp\/v2\/media?parent=32043"}],"wp:term":[{"taxonomy":"category","embeddable":true,"href":"https:\/\/fundaciosetba.org\/es\/wp-json\/wp\/v2\/categories?post=32043"},{"taxonomy":"post_tag","embeddable":true,"href":"https:\/\/fundaciosetba.org\/es\/wp-json\/wp\/v2\/tags?post=32043"}],"curies":[{"name":"wp","href":"https:\/\/api.w.org\/{rel}","templated":true}]}}