{"id":32131,"date":"2022-09-27T15:35:56","date_gmt":"2022-09-27T14:35:56","guid":{"rendered":"https:\/\/fundaciosetba.org\/el-proyecto-traspasando-el-objetivo-participa-en-el-seminario-cultura-en-prision\/"},"modified":"2022-09-28T15:24:43","modified_gmt":"2022-09-28T14:24:43","slug":"el-proyecto-traspasando-el-objetivo-participa-en-el-seminario-cultura-en-prision","status":"publish","type":"post","link":"https:\/\/fundaciosetba.org\/es\/el-proyecto-traspasando-el-objetivo-participa-en-el-seminario-cultura-en-prision\/","title":{"rendered":"El proyecto &#8220;Traspasando el objetivo&#8221; participa en el seminario \u201cCultura en prisi\u00f3n\u201d"},"content":{"rendered":"<p>El pasado 22 de septiembre la Fundaci\u00f3n Setba particip\u00f3 en el <strong>seminario \u201cCultura en prisi\u00f3n\u201d, organizado por el Observatorio Cultural de la Universidad de Valencia<\/strong> , en una mesa redonda integrada por mujeres que han liderado proyectos art\u00edsticos en centros penitenciarios de diferentes lugares de Espa\u00f1a. El objetivo fue analizar el papel que puede jugar la cultura entre las personas recluidas en prisi\u00f3n, reflexionar abiertamente sobre qu\u00e9 suponen estas actividades dentro de los centros penitenciarios y demostrar c\u00f3mo la cultura y el arte estimulan el desarrollo de la creatividad, contribuyen a reforzar la autoestima y cumplen una funci\u00f3n terap\u00e9utica.<\/p>\n<p>Cristina Sampere, directora de la Fundaci\u00f3n Setba, tuvo un espacio para explicar el proyecto <em>Traspasando el objetivo<\/em> , que est\u00e1 dirigido a mujeres internas en centros penitenciarios, donde se trabaja la fotograf\u00eda como herramienta de empoderamiento. Bajo la direcci\u00f3n art\u00edstica de la fot\u00f3grafa y activista Marta F\u00e0bregas, el proyecto pretende contribuir a la mejora de la calidad de vida de las participantes, mediante una mejora de su autoestima. Tambi\u00e9n se hizo referencia a <em>Brians: Mujeres invisibles<\/em> , el primer fotolibro de la Fundaci\u00f3n Setba, que incluye retratos de las internas, fotograf\u00edas del espacio y dos reportajes realizados por participantes del taller.<\/p>\n<p>Durante el seminario se trataron temas centrados en c\u00f3mo la realizaci\u00f3n de actividades art\u00edsticas con personas privadas de libertad tienen desaf\u00edos complejos y se debati\u00f3 si el arte es capaz de modificar el entorno carcelario, c\u00f3mo se involucra el personal penitenciario en estas iniciativas o si es efectiva su capacidad rehabilitadora. <strong>Cristina Sampere dio importancia a que todas las c\u00e1rceles de Catalu\u00f1a tienen talleres art\u00edsticos<\/strong> . Adem\u00e1s, relat\u00f3 lo que pens\u00f3 cuando entr\u00f3 en una c\u00e1rcel de mujeres por primera vez: \u201c<strong>Cuando me mir\u00e9 en sus espejos, que son de pl\u00e1stico y rayados, vi c\u00f3mo la imagen se desvirtuaba.<\/strong> Por eso, consideramos que un proyecto fotogr\u00e1fico podr\u00eda ayudarlas a mejorar su autoestima y a fomentar su empoderamiento.\u201d<\/p>\n<p>El acto cont\u00f3 con la intervenci\u00f3n de Elena C\u00e1novas, fundadora y directora de la Compa\u00f1\u00eda <a href=\"https:\/\/teatroyeses.com\/\">Teatro YESES<\/a> ; de Mar\u00eda Rufilanchas, creadora de <a href=\"https:\/\/alasolvidadas.org\/\">A las Olvidadas<\/a> y fundadora de <a href=\"https:\/\/tetayteta.com\/\">&#8216;teta &amp; teta&#8217;<\/a> y fue moderado por la periodista Pilar Almenar, directora del <a href=\"http:\/\/impresas.org\/\">Proyecto Impresas<\/a> .<\/p>\n<div class=\"w-gallery fit_cover wp_gallery type_grid action_popup_image ratio_1x1 count_3\" style=\"--columns:3;--items-gap:8px;\"><div class=\"w-gallery-list\"><div class=\"w-gallery-item\"><div class=\"w-gallery-item-img\"><img loading=\"lazy\" decoding=\"async\" width=\"1024\" height=\"697\" src=\"https:\/\/fundaciosetba.org\/wp-content\/uploads\/2022\/09\/Seminari-Cultura-a-la-preso-c-Estrella-Jover-2-1024x697.jpeg\" class=\"attachment-large size-large\" alt=\"\" srcset=\"https:\/\/fundaciosetba.org\/wp-content\/uploads\/2022\/09\/Seminari-Cultura-a-la-preso-c-Estrella-Jover-2-1024x697.jpeg 1024w, https:\/\/fundaciosetba.org\/wp-content\/uploads\/2022\/09\/Seminari-Cultura-a-la-preso-c-Estrella-Jover-2-300x204.jpeg 300w, https:\/\/fundaciosetba.org\/wp-content\/uploads\/2022\/09\/Seminari-Cultura-a-la-preso-c-Estrella-Jover-2-147x100.jpeg 147w, https:\/\/fundaciosetba.org\/wp-content\/uploads\/2022\/09\/Seminari-Cultura-a-la-preso-c-Estrella-Jover-2-588x400.jpeg 588w, https:\/\/fundaciosetba.org\/wp-content\/uploads\/2022\/09\/Seminari-Cultura-a-la-preso-c-Estrella-Jover-2-600x408.jpeg 600w, https:\/\/fundaciosetba.org\/wp-content\/uploads\/2022\/09\/Seminari-Cultura-a-la-preso-c-Estrella-Jover-2.jpeg 2048w\" sizes=\"auto, (max-width: 1024px) 100vw, 1024px\" \/><\/div><div class=\"w-gallery-item-meta\"><div class=\"w-gallery-item-title\">Estrella Jover<\/div><\/div><a class=\"w-gallery-item-link\" aria-label=\"Estrella Jover\" href=\"https:\/\/fundaciosetba.org\/wp-content\/uploads\/2022\/09\/Seminari-Cultura-a-la-preso-c-Estrella-Jover-2.jpeg\" title=\"Estrella Jover\"><\/a><\/div><div class=\"w-gallery-item\"><div class=\"w-gallery-item-img\"><img loading=\"lazy\" decoding=\"async\" width=\"1024\" height=\"683\" src=\"https:\/\/fundaciosetba.org\/wp-content\/uploads\/2022\/09\/Seminari-Cultura-a-la-preso-c-Estrella-Jover-3-1024x683.jpeg\" class=\"attachment-large size-large\" alt=\"\" srcset=\"https:\/\/fundaciosetba.org\/wp-content\/uploads\/2022\/09\/Seminari-Cultura-a-la-preso-c-Estrella-Jover-3-1024x683.jpeg 1024w, https:\/\/fundaciosetba.org\/wp-content\/uploads\/2022\/09\/Seminari-Cultura-a-la-preso-c-Estrella-Jover-3-300x200.jpeg 300w, https:\/\/fundaciosetba.org\/wp-content\/uploads\/2022\/09\/Seminari-Cultura-a-la-preso-c-Estrella-Jover-3-150x100.jpeg 150w, https:\/\/fundaciosetba.org\/wp-content\/uploads\/2022\/09\/Seminari-Cultura-a-la-preso-c-Estrella-Jover-3-600x400.jpeg 600w, https:\/\/fundaciosetba.org\/wp-content\/uploads\/2022\/09\/Seminari-Cultura-a-la-preso-c-Estrella-Jover-3.jpeg 2048w\" sizes=\"auto, (max-width: 1024px) 100vw, 1024px\" \/><\/div><div class=\"w-gallery-item-meta\"><div class=\"w-gallery-item-title\">\u00a9 Estrella Jover<\/div><\/div><a class=\"w-gallery-item-link\" aria-label=\"\u00a9 Estrella Jover\" href=\"https:\/\/fundaciosetba.org\/wp-content\/uploads\/2022\/09\/Seminari-Cultura-a-la-preso-c-Estrella-Jover-3.jpeg\" title=\"\u00a9 Estrella Jover\"><\/a><\/div><div class=\"w-gallery-item\"><div class=\"w-gallery-item-img\"><img loading=\"lazy\" decoding=\"async\" width=\"1024\" height=\"685\" src=\"https:\/\/fundaciosetba.org\/wp-content\/uploads\/2022\/09\/Seminari-Cultura-a-la-preso-c-Estrella-Jover-4-1024x685.jpeg\" class=\"attachment-large size-large\" alt=\"\" srcset=\"https:\/\/fundaciosetba.org\/wp-content\/uploads\/2022\/09\/Seminari-Cultura-a-la-preso-c-Estrella-Jover-4-1024x685.jpeg 1024w, https:\/\/fundaciosetba.org\/wp-content\/uploads\/2022\/09\/Seminari-Cultura-a-la-preso-c-Estrella-Jover-4-300x201.jpeg 300w, https:\/\/fundaciosetba.org\/wp-content\/uploads\/2022\/09\/Seminari-Cultura-a-la-preso-c-Estrella-Jover-4-150x100.jpeg 150w, https:\/\/fundaciosetba.org\/wp-content\/uploads\/2022\/09\/Seminari-Cultura-a-la-preso-c-Estrella-Jover-4-598x400.jpeg 598w, https:\/\/fundaciosetba.org\/wp-content\/uploads\/2022\/09\/Seminari-Cultura-a-la-preso-c-Estrella-Jover-4-600x401.jpeg 600w, https:\/\/fundaciosetba.org\/wp-content\/uploads\/2022\/09\/Seminari-Cultura-a-la-preso-c-Estrella-Jover-4.jpeg 2048w\" sizes=\"auto, (max-width: 1024px) 100vw, 1024px\" \/><\/div><div class=\"w-gallery-item-meta\"><div class=\"w-gallery-item-title\">\u00a9 Estrella Jover<\/div><\/div><a class=\"w-gallery-item-link\" aria-label=\"\u00a9 Estrella Jover\" href=\"https:\/\/fundaciosetba.org\/wp-content\/uploads\/2022\/09\/Seminari-Cultura-a-la-preso-c-Estrella-Jover-4.jpeg\" title=\"\u00a9 Estrella Jover\"><\/a><\/div><\/div><\/div>\n","protected":false},"excerpt":{"rendered":"<p>La Fundaci\u00f3n Setba participa en el seminario \u201cCultura en prisi\u00f3n\u201d, organizado por el Observatorio Cultural de la Universidad de Valencia.<\/p>\n","protected":false},"author":1,"featured_media":32334,"comment_status":"closed","ping_status":"closed","sticky":false,"template":"","format":"standard","meta":{"footnotes":""},"categories":[1350],"tags":[],"class_list":["post-32131","post","type-post","status-publish","format-standard","has-post-thumbnail","hentry","category-traspasando-el-objetivo-es"],"_links":{"self":[{"href":"https:\/\/fundaciosetba.org\/es\/wp-json\/wp\/v2\/posts\/32131","targetHints":{"allow":["GET"]}}],"collection":[{"href":"https:\/\/fundaciosetba.org\/es\/wp-json\/wp\/v2\/posts"}],"about":[{"href":"https:\/\/fundaciosetba.org\/es\/wp-json\/wp\/v2\/types\/post"}],"author":[{"embeddable":true,"href":"https:\/\/fundaciosetba.org\/es\/wp-json\/wp\/v2\/users\/1"}],"replies":[{"embeddable":true,"href":"https:\/\/fundaciosetba.org\/es\/wp-json\/wp\/v2\/comments?post=32131"}],"version-history":[{"count":1,"href":"https:\/\/fundaciosetba.org\/es\/wp-json\/wp\/v2\/posts\/32131\/revisions"}],"predecessor-version":[{"id":32337,"href":"https:\/\/fundaciosetba.org\/es\/wp-json\/wp\/v2\/posts\/32131\/revisions\/32337"}],"wp:featuredmedia":[{"embeddable":true,"href":"https:\/\/fundaciosetba.org\/es\/wp-json\/wp\/v2\/media\/32334"}],"wp:attachment":[{"href":"https:\/\/fundaciosetba.org\/es\/wp-json\/wp\/v2\/media?parent=32131"}],"wp:term":[{"taxonomy":"category","embeddable":true,"href":"https:\/\/fundaciosetba.org\/es\/wp-json\/wp\/v2\/categories?post=32131"},{"taxonomy":"post_tag","embeddable":true,"href":"https:\/\/fundaciosetba.org\/es\/wp-json\/wp\/v2\/tags?post=32131"}],"curies":[{"name":"wp","href":"https:\/\/api.w.org\/{rel}","templated":true}]}}