{"id":32394,"date":"2022-09-29T09:49:15","date_gmt":"2022-09-29T08:49:15","guid":{"rendered":"https:\/\/fundaciosetba.org\/el-proyecto-natura-es-cultura-acaba-su-undecima-edicion-con-exito\/"},"modified":"2022-09-29T11:35:04","modified_gmt":"2022-09-29T10:35:04","slug":"el-proyecto-natura-es-cultura-acaba-su-undecima-edicion-con-exito","status":"publish","type":"post","link":"https:\/\/fundaciosetba.org\/es\/el-proyecto-natura-es-cultura-acaba-su-undecima-edicion-con-exito\/","title":{"rendered":"El proyecto \u201cNatura es cultura\u201d acaba su und\u00e9cima edici\u00f3n con \u00e9xito"},"content":{"rendered":"<p>El pasado 23 de septiembre se dio por finalizada la und\u00e9cima edici\u00f3n del <em>Natura es cultura<\/em>, <strong>un proyecto art\u00edstico de respiro en la naturaleza dirigido a usuarios y usuarias de entidades de salud mental de Catalu\u00f1a.<\/strong> La Fundaci\u00f3n Setba lo organitza desde el a\u00f1o 2012 con el objetivo de contibuir a la mejora de la calidad de vida, as\u00ed como desestigmatizar y visibilizar la realidad de las personas que conviven con trastornos mentales, fomentar el trabajo en equipo y el empoderamiento personal.<\/p>\n<p>En esta edici\u00f3n, el <em>Natura es cultura<\/em>, se ha dirigido a 24 usuarios de entidades de Salud Mental de Catalu\u00f1a, entre ellas: la Fundaci\u00f3n CPB \u2013 Dr. F\u00e0bregas, la Fundaci\u00f3n Drissa y la Fundaci\u00f3n Ampans.<\/p>\n<p>El proyecto, que comenz\u00f3 el 5 de septiembre, se desarroll\u00f3 en la zona del Bages, en la residencia de artistas Cal Gras de Aviny\u00f3. La actividad principal se centr\u00f3 en la <strong>intervenci\u00f3n art\u00edstica en el medio natural del bosque del camimo de la transhumancia.<\/strong> Esta propuesta art\u00edstica se enmarca dentro de los principios del Land Art (Arte terrestre), una corriente del arte contempor\u00e1neo, en el cual el paisaje y la obra estan estrachamente unidas, haciendo servir a la naturaleza como un material para la creaci\u00f3n.<\/p>\n<div class=\"w-gallery fit_cover wp_gallery type_grid action_popup_image ratio_1x1 count_2\" style=\"--columns:2;--items-gap:8px;\"><div class=\"w-gallery-list\"><div class=\"w-gallery-item\"><div class=\"w-gallery-item-img\"><img loading=\"lazy\" decoding=\"async\" width=\"1024\" height=\"684\" src=\"https:\/\/fundaciosetba.org\/wp-content\/uploads\/2022\/09\/2022-09-14_Natura-es-cultura-G2_SETBA_18-1024x684.jpg\" class=\"attachment-large size-large\" alt=\"\" srcset=\"https:\/\/fundaciosetba.org\/wp-content\/uploads\/2022\/09\/2022-09-14_Natura-es-cultura-G2_SETBA_18-1024x684.jpg 1024w, https:\/\/fundaciosetba.org\/wp-content\/uploads\/2022\/09\/2022-09-14_Natura-es-cultura-G2_SETBA_18-300x200.jpg 300w, https:\/\/fundaciosetba.org\/wp-content\/uploads\/2022\/09\/2022-09-14_Natura-es-cultura-G2_SETBA_18-150x100.jpg 150w, https:\/\/fundaciosetba.org\/wp-content\/uploads\/2022\/09\/2022-09-14_Natura-es-cultura-G2_SETBA_18-600x401.jpg 600w, https:\/\/fundaciosetba.org\/wp-content\/uploads\/2022\/09\/2022-09-14_Natura-es-cultura-G2_SETBA_18.jpg 1920w\" sizes=\"auto, (max-width: 1024px) 100vw, 1024px\" \/><\/div><a class=\"w-gallery-item-link\" aria-label=\"\u00a9 Laura G\u00e1lvez-Rhein\" href=\"https:\/\/fundaciosetba.org\/wp-content\/uploads\/2022\/09\/2022-09-14_Natura-es-cultura-G2_SETBA_18.jpg\" title=\"\u00a9 Laura G\u00e1lvez-Rhein\"><\/a><\/div><div class=\"w-gallery-item\"><div class=\"w-gallery-item-img\"><img loading=\"lazy\" decoding=\"async\" width=\"1024\" height=\"684\" src=\"https:\/\/fundaciosetba.org\/wp-content\/uploads\/2022\/09\/2022-09-14_Natura-es-cultura-G2_SETBA_49-1024x684.jpg\" class=\"attachment-large size-large\" alt=\"\" srcset=\"https:\/\/fundaciosetba.org\/wp-content\/uploads\/2022\/09\/2022-09-14_Natura-es-cultura-G2_SETBA_49-1024x684.jpg 1024w, https:\/\/fundaciosetba.org\/wp-content\/uploads\/2022\/09\/2022-09-14_Natura-es-cultura-G2_SETBA_49-300x200.jpg 300w, https:\/\/fundaciosetba.org\/wp-content\/uploads\/2022\/09\/2022-09-14_Natura-es-cultura-G2_SETBA_49-150x100.jpg 150w, https:\/\/fundaciosetba.org\/wp-content\/uploads\/2022\/09\/2022-09-14_Natura-es-cultura-G2_SETBA_49-600x401.jpg 600w, https:\/\/fundaciosetba.org\/wp-content\/uploads\/2022\/09\/2022-09-14_Natura-es-cultura-G2_SETBA_49.jpg 1920w\" sizes=\"auto, (max-width: 1024px) 100vw, 1024px\" \/><\/div><a class=\"w-gallery-item-link\" aria-label=\"\u00a9 Laura G\u00e1lvez-Rhein\" href=\"https:\/\/fundaciosetba.org\/wp-content\/uploads\/2022\/09\/2022-09-14_Natura-es-cultura-G2_SETBA_49.jpg\" title=\"\u00a9 Laura G\u00e1lvez-Rhein\"><\/a><\/div><\/div><\/div>\n<p><strong>El proyecto cont\u00f3 con la direcci\u00f3n art\u00edstica de Quim Moya<\/strong>, artista, gestor cultural y coordinador de Cal Gras. Conocido internacionalmente, desde el a\u00f1o 2008, realiza actuaciones de pintura en directo en diferentes pa\u00edses del mundo. Tambi\u00e9n, recibi\u00f3 la ayuda de Ignasi Vilarasau, ingeniero agr\u00f3nomo que hace 25 a\u00f1os que trabaja en el bosque. <strong>Los participantes convivieron durante una semana en la residencia de artistas y realizaron cinco sesiones de Land Art<\/strong>, donde hicieron un taller de pintura sobre trozos de madera, una recogida de material por el bosque, la preparaci\u00f3n de los troncos que formar\u00edan parte de la instalaci\u00f3n final, una sesi\u00f3n de expresi\u00f3n corporal a cargo de la bailarina Maria Ribera y el montaje y documentaci\u00f3n de la instalaci\u00f3n final en la subida del Serrat Ferrer, cerca de Cal Gras.<\/p>\n<div class=\"w-gallery fit_cover wp_gallery type_grid action_popup_image ratio_1x1 count_3\" style=\"--columns:3;--items-gap:8px;\"><div class=\"w-gallery-list\"><div class=\"w-gallery-item\"><div class=\"w-gallery-item-img\"><img loading=\"lazy\" decoding=\"async\" width=\"1024\" height=\"684\" src=\"https:\/\/fundaciosetba.org\/wp-content\/uploads\/2022\/09\/2022-09-09_Natura-es-cultura-G1_SETBA_35-1024x684.jpg\" class=\"attachment-large size-large\" alt=\"\" srcset=\"https:\/\/fundaciosetba.org\/wp-content\/uploads\/2022\/09\/2022-09-09_Natura-es-cultura-G1_SETBA_35-1024x684.jpg 1024w, https:\/\/fundaciosetba.org\/wp-content\/uploads\/2022\/09\/2022-09-09_Natura-es-cultura-G1_SETBA_35-300x200.jpg 300w, https:\/\/fundaciosetba.org\/wp-content\/uploads\/2022\/09\/2022-09-09_Natura-es-cultura-G1_SETBA_35-150x100.jpg 150w, https:\/\/fundaciosetba.org\/wp-content\/uploads\/2022\/09\/2022-09-09_Natura-es-cultura-G1_SETBA_35-600x401.jpg 600w, https:\/\/fundaciosetba.org\/wp-content\/uploads\/2022\/09\/2022-09-09_Natura-es-cultura-G1_SETBA_35.jpg 1920w\" sizes=\"auto, (max-width: 1024px) 100vw, 1024px\" \/><\/div><a class=\"w-gallery-item-link\" aria-label=\"\u00a9 Laura G\u00e1lvez-Rhein\" href=\"https:\/\/fundaciosetba.org\/wp-content\/uploads\/2022\/09\/2022-09-09_Natura-es-cultura-G1_SETBA_35.jpg\" title=\"\u00a9 Laura G\u00e1lvez-Rhein\"><\/a><\/div><div class=\"w-gallery-item\"><div class=\"w-gallery-item-img\"><img loading=\"lazy\" decoding=\"async\" width=\"1024\" height=\"684\" src=\"https:\/\/fundaciosetba.org\/wp-content\/uploads\/2022\/09\/2022-09-14_Natura-es-cultura-G2_SETBA_26-1024x684.jpg\" class=\"attachment-large size-large\" alt=\"\" srcset=\"https:\/\/fundaciosetba.org\/wp-content\/uploads\/2022\/09\/2022-09-14_Natura-es-cultura-G2_SETBA_26-1024x684.jpg 1024w, https:\/\/fundaciosetba.org\/wp-content\/uploads\/2022\/09\/2022-09-14_Natura-es-cultura-G2_SETBA_26-300x200.jpg 300w, https:\/\/fundaciosetba.org\/wp-content\/uploads\/2022\/09\/2022-09-14_Natura-es-cultura-G2_SETBA_26-150x100.jpg 150w, https:\/\/fundaciosetba.org\/wp-content\/uploads\/2022\/09\/2022-09-14_Natura-es-cultura-G2_SETBA_26-600x401.jpg 600w, https:\/\/fundaciosetba.org\/wp-content\/uploads\/2022\/09\/2022-09-14_Natura-es-cultura-G2_SETBA_26.jpg 1920w\" sizes=\"auto, (max-width: 1024px) 100vw, 1024px\" \/><\/div><a class=\"w-gallery-item-link\" aria-label=\"\u00a9 Laura G\u00e1lvez-Rhein\" href=\"https:\/\/fundaciosetba.org\/wp-content\/uploads\/2022\/09\/2022-09-14_Natura-es-cultura-G2_SETBA_26.jpg\" title=\"\u00a9 Laura G\u00e1lvez-Rhein\"><\/a><\/div><div class=\"w-gallery-item\"><div class=\"w-gallery-item-img\"><img loading=\"lazy\" decoding=\"async\" width=\"1024\" height=\"684\" src=\"https:\/\/fundaciosetba.org\/wp-content\/uploads\/2022\/09\/2022-09-22_Natura-es-cultura-G3_SETBA_30-1024x684.jpg\" class=\"attachment-large size-large\" alt=\"\" srcset=\"https:\/\/fundaciosetba.org\/wp-content\/uploads\/2022\/09\/2022-09-22_Natura-es-cultura-G3_SETBA_30-1024x684.jpg 1024w, https:\/\/fundaciosetba.org\/wp-content\/uploads\/2022\/09\/2022-09-22_Natura-es-cultura-G3_SETBA_30-300x200.jpg 300w, https:\/\/fundaciosetba.org\/wp-content\/uploads\/2022\/09\/2022-09-22_Natura-es-cultura-G3_SETBA_30-150x100.jpg 150w, https:\/\/fundaciosetba.org\/wp-content\/uploads\/2022\/09\/2022-09-22_Natura-es-cultura-G3_SETBA_30-600x401.jpg 600w, https:\/\/fundaciosetba.org\/wp-content\/uploads\/2022\/09\/2022-09-22_Natura-es-cultura-G3_SETBA_30.jpg 1920w\" sizes=\"auto, (max-width: 1024px) 100vw, 1024px\" \/><\/div><a class=\"w-gallery-item-link\" aria-label=\"\u00a9 Laura G\u00e1lvez-Rhein\" href=\"https:\/\/fundaciosetba.org\/wp-content\/uploads\/2022\/09\/2022-09-22_Natura-es-cultura-G3_SETBA_30.jpg\" title=\"\u00a9 Laura G\u00e1lvez-Rhein\"><\/a><\/div><\/div><\/div>\n<p>Adem\u00e1s, con motivo del Dia Internacional para la Salud Mental, se organizar\u00e1 un acto para visibilizar el problema y luchar contra el estigma que supone esta enfermedad. El <strong>pr\u00f3ximo viernes 14 de octubre a las 11 horas el Festival Art&amp;Gavarres incluir\u00e1 \u201cCaminants\u201d<\/strong>, la instalaci\u00f3n de la Fundaci\u00f3n Setba con la colaboraci\u00f3n del artista Quim Moya, el ingeniero agr\u00f3mono Ignasi Vilarasau y los usuarios de la entidad gerundense de salud mental Fundaci\u00f3 Drissa. A partir de la recogida y trabajo de troncos de pino blanco, las brancas de estos \u00e1rboles luchan para llegar a la luz del sol, creando formas curvil\u00edneas muy particulares. Una vez se dan la vuelta, se convierten en caminantes, que bailaran entorno al gran pino situado detr\u00e1s del Museo Arqueol\u00f3gico de Gerona.<\/p>\n<p>El proyecto<em> Natura es cultura<\/em> est\u00e1 patrocinado por Bizcabar, Capital Care y Diputaci\u00f3n de Barcelona con la colaboraci\u00f3n del Ayuntamiento de Aviny\u00f3, Art &amp; Gavarres, Cal Gras, Pintures Lepanto i Xocolates Torras.<\/p>\n<div class=\"w-gallery fit_cover wp_gallery type_grid action_popup_image ratio_1x1 count_2\" style=\"--columns:2;--items-gap:8px;\"><div class=\"w-gallery-list\"><div class=\"w-gallery-item\"><div class=\"w-gallery-item-img\"><img loading=\"lazy\" decoding=\"async\" width=\"1024\" height=\"684\" src=\"https:\/\/fundaciosetba.org\/wp-content\/uploads\/2022\/09\/2022-09-09_Natura-es-cultura-G1_SETBA_40-1024x684.jpg\" class=\"attachment-large size-large\" alt=\"\" srcset=\"https:\/\/fundaciosetba.org\/wp-content\/uploads\/2022\/09\/2022-09-09_Natura-es-cultura-G1_SETBA_40-1024x684.jpg 1024w, https:\/\/fundaciosetba.org\/wp-content\/uploads\/2022\/09\/2022-09-09_Natura-es-cultura-G1_SETBA_40-300x200.jpg 300w, https:\/\/fundaciosetba.org\/wp-content\/uploads\/2022\/09\/2022-09-09_Natura-es-cultura-G1_SETBA_40-150x100.jpg 150w, https:\/\/fundaciosetba.org\/wp-content\/uploads\/2022\/09\/2022-09-09_Natura-es-cultura-G1_SETBA_40-600x401.jpg 600w, https:\/\/fundaciosetba.org\/wp-content\/uploads\/2022\/09\/2022-09-09_Natura-es-cultura-G1_SETBA_40.jpg 1920w\" sizes=\"auto, (max-width: 1024px) 100vw, 1024px\" \/><\/div><a class=\"w-gallery-item-link\" aria-label=\"\u00a9 Laura G\u00e1lvez-Rhein\" href=\"https:\/\/fundaciosetba.org\/wp-content\/uploads\/2022\/09\/2022-09-09_Natura-es-cultura-G1_SETBA_40.jpg\" title=\"\u00a9 Laura G\u00e1lvez-Rhein\"><\/a><\/div><div class=\"w-gallery-item\"><div class=\"w-gallery-item-img\"><img loading=\"lazy\" decoding=\"async\" width=\"1024\" height=\"684\" src=\"https:\/\/fundaciosetba.org\/wp-content\/uploads\/2022\/09\/2022-09-22_Natura-es-cultura-G3_SETBA_15-1-1024x684.jpg\" class=\"attachment-large size-large\" alt=\"\" srcset=\"https:\/\/fundaciosetba.org\/wp-content\/uploads\/2022\/09\/2022-09-22_Natura-es-cultura-G3_SETBA_15-1-1024x684.jpg 1024w, https:\/\/fundaciosetba.org\/wp-content\/uploads\/2022\/09\/2022-09-22_Natura-es-cultura-G3_SETBA_15-1-300x200.jpg 300w, https:\/\/fundaciosetba.org\/wp-content\/uploads\/2022\/09\/2022-09-22_Natura-es-cultura-G3_SETBA_15-1-150x100.jpg 150w, https:\/\/fundaciosetba.org\/wp-content\/uploads\/2022\/09\/2022-09-22_Natura-es-cultura-G3_SETBA_15-1-600x401.jpg 600w, https:\/\/fundaciosetba.org\/wp-content\/uploads\/2022\/09\/2022-09-22_Natura-es-cultura-G3_SETBA_15-1.jpg 1920w\" sizes=\"auto, (max-width: 1024px) 100vw, 1024px\" \/><\/div><a class=\"w-gallery-item-link\" aria-label=\"\u00a9 Laura G\u00e1lvez-Rhein\" href=\"https:\/\/fundaciosetba.org\/wp-content\/uploads\/2022\/09\/2022-09-22_Natura-es-cultura-G3_SETBA_15-1.jpg\" title=\"\u00a9 Laura G\u00e1lvez-Rhein\"><\/a><\/div><\/div><\/div>\n<p>&nbsp;<\/p>\n<p>&nbsp;<\/p>\n<p>&nbsp;<\/p>\n<p>&nbsp;<\/p>\n","protected":false},"excerpt":{"rendered":"<p>Finaliza la und\u00e9cima edici\u00f3n del Natura es cultura, un proyecto art\u00edstico dirigido a usuarios de entidades de salud mental de Catalu\u00f1a, que se ha centrado en la intervenci\u00f3n art\u00edstica en el medio natural bajo la direcci\u00f3n de Quim Moya.<\/p>\n","protected":false},"author":1,"featured_media":32420,"comment_status":"closed","ping_status":"closed","sticky":false,"template":"","format":"standard","meta":{"footnotes":""},"categories":[1242,1355],"tags":[],"class_list":["post-32394","post","type-post","status-publish","format-standard","has-post-thumbnail","hentry","category-natura-es-cultura-2","category-naturaleza-es-cultura"],"_links":{"self":[{"href":"https:\/\/fundaciosetba.org\/es\/wp-json\/wp\/v2\/posts\/32394","targetHints":{"allow":["GET"]}}],"collection":[{"href":"https:\/\/fundaciosetba.org\/es\/wp-json\/wp\/v2\/posts"}],"about":[{"href":"https:\/\/fundaciosetba.org\/es\/wp-json\/wp\/v2\/types\/post"}],"author":[{"embeddable":true,"href":"https:\/\/fundaciosetba.org\/es\/wp-json\/wp\/v2\/users\/1"}],"replies":[{"embeddable":true,"href":"https:\/\/fundaciosetba.org\/es\/wp-json\/wp\/v2\/comments?post=32394"}],"version-history":[{"count":11,"href":"https:\/\/fundaciosetba.org\/es\/wp-json\/wp\/v2\/posts\/32394\/revisions"}],"predecessor-version":[{"id":32429,"href":"https:\/\/fundaciosetba.org\/es\/wp-json\/wp\/v2\/posts\/32394\/revisions\/32429"}],"wp:featuredmedia":[{"embeddable":true,"href":"https:\/\/fundaciosetba.org\/es\/wp-json\/wp\/v2\/media\/32420"}],"wp:attachment":[{"href":"https:\/\/fundaciosetba.org\/es\/wp-json\/wp\/v2\/media?parent=32394"}],"wp:term":[{"taxonomy":"category","embeddable":true,"href":"https:\/\/fundaciosetba.org\/es\/wp-json\/wp\/v2\/categories?post=32394"},{"taxonomy":"post_tag","embeddable":true,"href":"https:\/\/fundaciosetba.org\/es\/wp-json\/wp\/v2\/tags?post=32394"}],"curies":[{"name":"wp","href":"https:\/\/api.w.org\/{rel}","templated":true}]}}