{"id":32511,"date":"2022-10-05T16:03:04","date_gmt":"2022-10-05T15:03:04","guid":{"rendered":"https:\/\/fundaciosetba.org\/el-proyecto-natura-es-cultura-participa-en-el-festival-art-gavarres\/"},"modified":"2022-10-07T11:51:41","modified_gmt":"2022-10-07T10:51:41","slug":"el-proyecto-natura-es-cultura-participa-en-el-festival-art-gavarres","status":"publish","type":"post","link":"https:\/\/fundaciosetba.org\/es\/el-proyecto-natura-es-cultura-participa-en-el-festival-art-gavarres\/","title":{"rendered":"El proyecto \u201cNatura es cultura\u201d participa en el festival Art &amp; Gavarres"},"content":{"rendered":"<p>El pr\u00f3ximo 14 de octubre a las 11h tendr\u00e1 lugar la <strong>presentaci\u00f3n de la instal\u00b7laci\u00f3n \u201cCaminants\u201d en el Festival Internacional de <em>Land Art<\/em> Art &amp; Gavarres<\/strong>, que celebra su quinta edici\u00f3n. <strong>Esta obra fue creada por la Fundaci\u00f3n Setba con la colaboraci\u00f3n del artista Quim Moya, el ingeniero forestal Ignasi Vilarasau y la Fundaci\u00f3 Drissa<\/strong>, entidad sin \u00e1nimo de lucro que trabaja para la mejora de la calidad de vida de las personas que sufren problemas de salud mental.<\/p>\n<p>El punto de partida de esta instalaci\u00f3n es el proyecto de respiro art\u00edstico <em>Natura es Cultura<\/em>, en el que ocho usuarios y dos professionales de la entidad gerundense Drissa han convivido durante una semana en la residencia de artistas Cal Gras de Aviny\u00f3 (Bages). <strong>La obra presentada ser\u00e1 \u201cCaminants\u201d, una instalaci\u00f3n con los troncos de pino blanco del bosque del camino de la transhumancia de Aviny\u00f3, recogidos y trabajados por los usuarios y usuarias durante el proyecto.<\/strong><\/p>\n<p>A partir de la recogida y trabajo de troncos de pino blanco, las brancas de estos \u00e1rboles luchan para llegar a la luz del sol, creando formas curvil\u00edneas muy particulares. Una vez se dan la vuelta, se convierten en caminantes, que bailaran entorno del gran pino situado en los <strong>Jardines del Doctor Figueres.<\/strong><\/p>\n<div class=\"w-gallery fit_cover wp_gallery type_grid action_popup_image ratio_1x1 count_3\" style=\"--columns:3;--items-gap:8px;\"><div class=\"w-gallery-list\"><div class=\"w-gallery-item\"><div class=\"w-gallery-item-img\"><img loading=\"lazy\" decoding=\"async\" width=\"1024\" height=\"684\" src=\"https:\/\/fundaciosetba.org\/wp-content\/uploads\/2022\/10\/2022-09-14_Natura-es-cultura-G2_SETBA_10-1024x684.jpg\" class=\"attachment-large size-large\" alt=\"\" srcset=\"https:\/\/fundaciosetba.org\/wp-content\/uploads\/2022\/10\/2022-09-14_Natura-es-cultura-G2_SETBA_10-1024x684.jpg 1024w, https:\/\/fundaciosetba.org\/wp-content\/uploads\/2022\/10\/2022-09-14_Natura-es-cultura-G2_SETBA_10-300x200.jpg 300w, https:\/\/fundaciosetba.org\/wp-content\/uploads\/2022\/10\/2022-09-14_Natura-es-cultura-G2_SETBA_10-150x100.jpg 150w, https:\/\/fundaciosetba.org\/wp-content\/uploads\/2022\/10\/2022-09-14_Natura-es-cultura-G2_SETBA_10-600x401.jpg 600w, https:\/\/fundaciosetba.org\/wp-content\/uploads\/2022\/10\/2022-09-14_Natura-es-cultura-G2_SETBA_10.jpg 1920w\" sizes=\"auto, (max-width: 1024px) 100vw, 1024px\" \/><\/div><div class=\"w-gallery-item-meta\"><div class=\"w-gallery-item-title\">\u00a9 Laura G\u00e1lvez-Rhein<\/div><\/div><a class=\"w-gallery-item-link\" aria-label=\"\u00a9 Laura G\u00e1lvez-Rhein\" href=\"https:\/\/fundaciosetba.org\/wp-content\/uploads\/2022\/10\/2022-09-14_Natura-es-cultura-G2_SETBA_10.jpg\" title=\"\u00a9 Laura G\u00e1lvez-Rhein\"><\/a><\/div><div class=\"w-gallery-item\"><div class=\"w-gallery-item-img\"><img loading=\"lazy\" decoding=\"async\" width=\"1024\" height=\"684\" src=\"https:\/\/fundaciosetba.org\/wp-content\/uploads\/2022\/10\/2022-09-14_Natura-es-cultura-G2_SETBA_11-1024x684.jpg\" class=\"attachment-large size-large\" alt=\"\" srcset=\"https:\/\/fundaciosetba.org\/wp-content\/uploads\/2022\/10\/2022-09-14_Natura-es-cultura-G2_SETBA_11-1024x684.jpg 1024w, https:\/\/fundaciosetba.org\/wp-content\/uploads\/2022\/10\/2022-09-14_Natura-es-cultura-G2_SETBA_11-300x200.jpg 300w, https:\/\/fundaciosetba.org\/wp-content\/uploads\/2022\/10\/2022-09-14_Natura-es-cultura-G2_SETBA_11-150x100.jpg 150w, https:\/\/fundaciosetba.org\/wp-content\/uploads\/2022\/10\/2022-09-14_Natura-es-cultura-G2_SETBA_11-600x401.jpg 600w, https:\/\/fundaciosetba.org\/wp-content\/uploads\/2022\/10\/2022-09-14_Natura-es-cultura-G2_SETBA_11.jpg 1920w\" sizes=\"auto, (max-width: 1024px) 100vw, 1024px\" \/><\/div><div class=\"w-gallery-item-meta\"><div class=\"w-gallery-item-title\">\u00a9 Laura G\u00e1lvez-Rhein<\/div><\/div><a class=\"w-gallery-item-link\" aria-label=\"\u00a9 Laura G\u00e1lvez-Rhein\" href=\"https:\/\/fundaciosetba.org\/wp-content\/uploads\/2022\/10\/2022-09-14_Natura-es-cultura-G2_SETBA_11.jpg\" title=\"\u00a9 Laura G\u00e1lvez-Rhein\"><\/a><\/div><div class=\"w-gallery-item\"><div class=\"w-gallery-item-img\"><img loading=\"lazy\" decoding=\"async\" width=\"1024\" height=\"684\" src=\"https:\/\/fundaciosetba.org\/wp-content\/uploads\/2022\/10\/2022-09-14_Natura-es-cultura-G2_SETBA_46-1024x684.jpg\" class=\"attachment-large size-large\" alt=\"\" srcset=\"https:\/\/fundaciosetba.org\/wp-content\/uploads\/2022\/10\/2022-09-14_Natura-es-cultura-G2_SETBA_46-1024x684.jpg 1024w, https:\/\/fundaciosetba.org\/wp-content\/uploads\/2022\/10\/2022-09-14_Natura-es-cultura-G2_SETBA_46-300x200.jpg 300w, https:\/\/fundaciosetba.org\/wp-content\/uploads\/2022\/10\/2022-09-14_Natura-es-cultura-G2_SETBA_46-150x100.jpg 150w, https:\/\/fundaciosetba.org\/wp-content\/uploads\/2022\/10\/2022-09-14_Natura-es-cultura-G2_SETBA_46-600x401.jpg 600w, https:\/\/fundaciosetba.org\/wp-content\/uploads\/2022\/10\/2022-09-14_Natura-es-cultura-G2_SETBA_46.jpg 1920w\" sizes=\"auto, (max-width: 1024px) 100vw, 1024px\" \/><\/div><div class=\"w-gallery-item-meta\"><div class=\"w-gallery-item-title\">\u00a9 Laura G\u00e1lvez-Rhein<\/div><\/div><a class=\"w-gallery-item-link\" aria-label=\"\u00a9 Laura G\u00e1lvez-Rhein\" href=\"https:\/\/fundaciosetba.org\/wp-content\/uploads\/2022\/10\/2022-09-14_Natura-es-cultura-G2_SETBA_46.jpg\" title=\"\u00a9 Laura G\u00e1lvez-Rhein\"><\/a><\/div><\/div><\/div>\n<p>Esta propuesta art\u00edstica se enmarca dentro de los principios del <em>Land Art<\/em> (Arte terrestre), una corriente del arte contempor\u00e1neo, en el cual el paisaje y la obra estan estrachamente unidas, haciendo sevir la naturaleza como un material para la creaci\u00f3n. Durante el pasado mes de septiembre, los usuarios i usuarias realizaron sesiones de <em>Land Art<\/em>, ayudados por Quim Moya e Ignasi Vilarasau.<\/p>\n<p><strong>La Fundaci\u00f3n Setba participar\u00e1 por primera vez en Art &amp; Gavarres, un festival que parte de la idea de que el arte puede ser una herramienta que nos ayude a reflexionar y a cambiar nuestra mirada sobre el paisaje.<\/strong> De la misma manera, relaciona el arte y la naturaleza para dar a conocer este espacio natural protegido y ponerlo en valor. Los artistas que participan crean intervenciones art\u00edsticas ef\u00edmeras con materiales naturales y las obras se pueden visitar hasta que la misma naturaleza, con el paso del tiempo, las borre.<\/p>\n<p><strong>Esta instalaci\u00f3n es parte de los actos del D\u00eda Mundial de la Salud Mental<\/strong>, visibilizando este problema y con el objetivo de desestigmatizar a las personas que sufren estos tipos de trastornos.<\/p>\n<p>Este festival est\u00e1 organizado por el Consorcio de las Gavarres y la Diputaci\u00f3n de Gerona con la colaboraci\u00f3n del Ayuntamiento de Gerona. El proyecto <em>Natura es cultura<\/em> recibe el patrocinio de Bizcabar Servicios Inmobiliarios, Capital Care, Diputaci\u00f3n de Barcelona y la colaboraci\u00f3n del Ayuntamiento de Aviny\u00f3, el Festival Internacional Art &amp; Gavarres, la residencia de artistas Cal Gras, la escuela \u00cdtaca de Manresa , Pinturas Lepanto y Chocolates Torras.<\/p>\n","protected":false},"excerpt":{"rendered":"<p>El pr\u00f3ximo 14 de octubre a las 11h tendr\u00e1 lugar la presentaci\u00f3n de la instalaci\u00f3n &#8220;Caminants&#8221; en el Festival Internacional de Land Art Art &amp; Gavarres<\/p>\n","protected":false},"author":1,"featured_media":32492,"comment_status":"closed","ping_status":"closed","sticky":false,"template":"","format":"standard","meta":{"footnotes":""},"categories":[1355],"tags":[],"class_list":["post-32511","post","type-post","status-publish","format-standard","has-post-thumbnail","hentry","category-naturaleza-es-cultura"],"_links":{"self":[{"href":"https:\/\/fundaciosetba.org\/es\/wp-json\/wp\/v2\/posts\/32511","targetHints":{"allow":["GET"]}}],"collection":[{"href":"https:\/\/fundaciosetba.org\/es\/wp-json\/wp\/v2\/posts"}],"about":[{"href":"https:\/\/fundaciosetba.org\/es\/wp-json\/wp\/v2\/types\/post"}],"author":[{"embeddable":true,"href":"https:\/\/fundaciosetba.org\/es\/wp-json\/wp\/v2\/users\/1"}],"replies":[{"embeddable":true,"href":"https:\/\/fundaciosetba.org\/es\/wp-json\/wp\/v2\/comments?post=32511"}],"version-history":[{"count":5,"href":"https:\/\/fundaciosetba.org\/es\/wp-json\/wp\/v2\/posts\/32511\/revisions"}],"predecessor-version":[{"id":32577,"href":"https:\/\/fundaciosetba.org\/es\/wp-json\/wp\/v2\/posts\/32511\/revisions\/32577"}],"wp:featuredmedia":[{"embeddable":true,"href":"https:\/\/fundaciosetba.org\/es\/wp-json\/wp\/v2\/media\/32492"}],"wp:attachment":[{"href":"https:\/\/fundaciosetba.org\/es\/wp-json\/wp\/v2\/media?parent=32511"}],"wp:term":[{"taxonomy":"category","embeddable":true,"href":"https:\/\/fundaciosetba.org\/es\/wp-json\/wp\/v2\/categories?post=32511"},{"taxonomy":"post_tag","embeddable":true,"href":"https:\/\/fundaciosetba.org\/es\/wp-json\/wp\/v2\/tags?post=32511"}],"curies":[{"name":"wp","href":"https:\/\/api.w.org\/{rel}","templated":true}]}}