{"id":32600,"date":"2022-10-18T12:05:31","date_gmt":"2022-10-18T11:05:31","guid":{"rendered":"https:\/\/fundaciosetba.org\/la-fundacion-setba-inaugura-la-instalacion-caminants-en-art-gavarres\/"},"modified":"2022-10-18T13:00:42","modified_gmt":"2022-10-18T12:00:42","slug":"la-fundacion-setba-inaugura-la-instalacion-caminants-en-art-gavarres","status":"publish","type":"post","link":"https:\/\/fundaciosetba.org\/es\/la-fundacion-setba-inaugura-la-instalacion-caminants-en-art-gavarres\/","title":{"rendered":"La Fundaci\u00f3n Setba inaugura la instalaci\u00f3n \u201cCaminants\u201d en Art &amp; Gavarres"},"content":{"rendered":"<p>En motivo del D\u00eda Mundial de la Salud Mental, <strong>el pasado 14 de octubre la Fundaci\u00f3n Setba present\u00f3 e inaugur\u00f3 la instalaci\u00f3n art\u00edstica \u201cCaminants\u201d en los jardines del Doctor Figueres del Museo Arqueol\u00f3gico de Gerona<\/strong>. Esta obra, que se podr\u00e1 visitar hasta el 30 de noviembre de 2022, <strong>forma parte de la quinta edici\u00f3n del Festival internacional de <em>Land Art<\/em> Art &amp; Gavarres<\/strong> y est\u00e1 formada a partir de los troncos de pino blanco del bosque del camino de la trashumancia de Aviny\u00f3, recogidos y trabajados por los usuarios y usuarias de entidades de salud mental durante nuestro proyecto de respiro art\u00edstico <em>Natura es cultura.<\/em><\/p>\n<p>\u201cCaminants\u201d fue creada por la Fundaci\u00f3n Setba con <strong>la colaboraci\u00f3n del artista Quim Moya y el ingeniero forestal Ignasi Vilarasau, durante el proyecto <em>Natura es cultura<\/em><\/strong>, en el que veinticuatro personas de las entidades Fundaci\u00f3n Drissa, CPB-Dr. F\u00e0bregas y la Fundaci\u00f3n Ampans convivieron durante una semana en la residencia de artistas Cal Gras de Aviny\u00f3 (Bages) y realizaron diferentes sesiones de <em>Land Art.<\/em><\/p>\n<p>Durante el acto, Quim Moya ha explicado que \u00aba partir de la recogida y el trabajo de troncos de pino blanco, las ramas de estos \u00e1rboles luchan por llegar a la luz del sol, y crean formas curvil\u00edneas muy particulares. Una vez se giran, se convierten en caminantes, que bailar\u00e1n en torno al gran pino situado en el jard\u00edn que hay detr\u00e1s del Museo Arqueol\u00f3gico de Gerona\u00bb. Adem\u00e1s, con este acto, <b>se ha conseguido el objetivo de visibilizar este problema y ha contribuido a desestigmatitzar\u00a0a las personas que padecen estos tipos de trastornos.<\/b><\/p>\n<div class=\"w-gallery fit_cover wp_gallery type_grid action_popup_image ratio_1x1 count_3\" style=\"--columns:3;--items-gap:8px;\"><div class=\"w-gallery-list\"><div class=\"w-gallery-item\"><div class=\"w-gallery-item-img\"><img loading=\"lazy\" decoding=\"async\" width=\"1024\" height=\"683\" src=\"https:\/\/fundaciosetba.org\/wp-content\/uploads\/2022\/10\/14102022-_DSC7175-1024x683.jpg\" class=\"attachment-large size-large\" alt=\"\" srcset=\"https:\/\/fundaciosetba.org\/wp-content\/uploads\/2022\/10\/14102022-_DSC7175-1024x683.jpg 1024w, https:\/\/fundaciosetba.org\/wp-content\/uploads\/2022\/10\/14102022-_DSC7175-300x200.jpg 300w, https:\/\/fundaciosetba.org\/wp-content\/uploads\/2022\/10\/14102022-_DSC7175-150x100.jpg 150w, https:\/\/fundaciosetba.org\/wp-content\/uploads\/2022\/10\/14102022-_DSC7175-600x400.jpg 600w\" sizes=\"auto, (max-width: 1024px) 100vw, 1024px\" \/><\/div><a class=\"w-gallery-item-link\" aria-label=\"\u00a9 Marc Sureda\" href=\"https:\/\/fundaciosetba.org\/wp-content\/uploads\/2022\/10\/14102022-_DSC7175-scaled.jpg\" title=\"\u00a9 Marc Sureda\"><\/a><\/div><div class=\"w-gallery-item\"><div class=\"w-gallery-item-img\"><img loading=\"lazy\" decoding=\"async\" width=\"1024\" height=\"683\" src=\"https:\/\/fundaciosetba.org\/wp-content\/uploads\/2022\/10\/14102022-_DSC7173-1024x683.jpg\" class=\"attachment-large size-large\" alt=\"\" srcset=\"https:\/\/fundaciosetba.org\/wp-content\/uploads\/2022\/10\/14102022-_DSC7173-1024x683.jpg 1024w, https:\/\/fundaciosetba.org\/wp-content\/uploads\/2022\/10\/14102022-_DSC7173-300x200.jpg 300w, https:\/\/fundaciosetba.org\/wp-content\/uploads\/2022\/10\/14102022-_DSC7173-150x100.jpg 150w, https:\/\/fundaciosetba.org\/wp-content\/uploads\/2022\/10\/14102022-_DSC7173-600x400.jpg 600w\" sizes=\"auto, (max-width: 1024px) 100vw, 1024px\" \/><\/div><a class=\"w-gallery-item-link\" aria-label=\"\u00a9 Marc Sureda\" href=\"https:\/\/fundaciosetba.org\/wp-content\/uploads\/2022\/10\/14102022-_DSC7173-scaled.jpg\" title=\"\u00a9 Marc Sureda\"><\/a><\/div><div class=\"w-gallery-item\"><div class=\"w-gallery-item-img\"><img loading=\"lazy\" decoding=\"async\" width=\"1024\" height=\"683\" src=\"https:\/\/fundaciosetba.org\/wp-content\/uploads\/2022\/10\/14102022-_DSC7160-1024x683.jpg\" class=\"attachment-large size-large\" alt=\"\" srcset=\"https:\/\/fundaciosetba.org\/wp-content\/uploads\/2022\/10\/14102022-_DSC7160-1024x683.jpg 1024w, https:\/\/fundaciosetba.org\/wp-content\/uploads\/2022\/10\/14102022-_DSC7160-300x200.jpg 300w, https:\/\/fundaciosetba.org\/wp-content\/uploads\/2022\/10\/14102022-_DSC7160-150x100.jpg 150w, https:\/\/fundaciosetba.org\/wp-content\/uploads\/2022\/10\/14102022-_DSC7160-600x400.jpg 600w\" sizes=\"auto, (max-width: 1024px) 100vw, 1024px\" \/><\/div><a class=\"w-gallery-item-link\" aria-label=\"\u00a9 Marc Sureda\" href=\"https:\/\/fundaciosetba.org\/wp-content\/uploads\/2022\/10\/14102022-_DSC7160-scaled.jpg\" title=\"\u00a9 Marc Sureda\"><\/a><\/div><\/div><\/div>\n<p>Con este proyecto, <strong>la Fundaci\u00f3n Setba participa por primera vez en el Festival Art &amp; Gavarres, que parte de la idea de que el arte puede ser una herramienta que nos ayude a reflexionar y a cambiar nuestra mirada sobre el paisaje<\/strong>. Relaciona arte y naturaleza para dar a conocer el Espacio Natural Protegido de las Gavarres y ponerlo en valor, ya que se utiliza la naturaleza como material para la creaci\u00f3n. Adem\u00e1s, combina artistas de trayectoria consolidada con artistas emergentes con el objetivo de convertirse en una oportunidad para dar a conocer j\u00f3venes talentos junto con artistas m\u00e1s reconocidos.<\/p>\n<p>El Festival Art &amp; Gavarres est\u00e1 comisariado por \u00c0ngels Artigas y Oriol Granyer, y organizado por el Consorcio de las Gavarres, adscrito a la Diputaci\u00f3n de Gerona, con la colaboraci\u00f3n de B\u00f2lit, Centro de Arte Contempor\u00e1neo, y de los ayuntamientos implicados, y con el apoyo de la Oficina de Apoyo a la Iniciativa Cultural (OSIC) del Departamento de Cultura. El proyecto Natura es cultura recibe el patrocinio de Bizcabar Servicios Inmobiliarios, Capital Care, Diputaci\u00f3n de Barcelona y la colaboraci\u00f3n del Ayuntamiento de Aviny\u00f3, la residencia de artistas Cal Gras, la escuela \u00cdtaca de Manresa, Pinturas Lepanto y Chocolates Torras.<\/p>\n","protected":false},"excerpt":{"rendered":"<p>La Fundaci\u00f3n Setba present\u00f3 e inaugur\u00f3 la instalaci\u00f3n art\u00edstica \u201cCaminants\u201d en el Festival internacional de Land Art Art &amp; Gavarres, que se podr\u00e1 visitar hasta el 30 de noviembre de 2022.<\/p>\n","protected":false},"author":1,"featured_media":32585,"comment_status":"closed","ping_status":"closed","sticky":false,"template":"","format":"standard","meta":{"footnotes":""},"categories":[1355],"tags":[],"class_list":["post-32600","post","type-post","status-publish","format-standard","has-post-thumbnail","hentry","category-naturaleza-es-cultura"],"_links":{"self":[{"href":"https:\/\/fundaciosetba.org\/es\/wp-json\/wp\/v2\/posts\/32600","targetHints":{"allow":["GET"]}}],"collection":[{"href":"https:\/\/fundaciosetba.org\/es\/wp-json\/wp\/v2\/posts"}],"about":[{"href":"https:\/\/fundaciosetba.org\/es\/wp-json\/wp\/v2\/types\/post"}],"author":[{"embeddable":true,"href":"https:\/\/fundaciosetba.org\/es\/wp-json\/wp\/v2\/users\/1"}],"replies":[{"embeddable":true,"href":"https:\/\/fundaciosetba.org\/es\/wp-json\/wp\/v2\/comments?post=32600"}],"version-history":[{"count":2,"href":"https:\/\/fundaciosetba.org\/es\/wp-json\/wp\/v2\/posts\/32600\/revisions"}],"predecessor-version":[{"id":32602,"href":"https:\/\/fundaciosetba.org\/es\/wp-json\/wp\/v2\/posts\/32600\/revisions\/32602"}],"wp:featuredmedia":[{"embeddable":true,"href":"https:\/\/fundaciosetba.org\/es\/wp-json\/wp\/v2\/media\/32585"}],"wp:attachment":[{"href":"https:\/\/fundaciosetba.org\/es\/wp-json\/wp\/v2\/media?parent=32600"}],"wp:term":[{"taxonomy":"category","embeddable":true,"href":"https:\/\/fundaciosetba.org\/es\/wp-json\/wp\/v2\/categories?post=32600"},{"taxonomy":"post_tag","embeddable":true,"href":"https:\/\/fundaciosetba.org\/es\/wp-json\/wp\/v2\/tags?post=32600"}],"curies":[{"name":"wp","href":"https:\/\/api.w.org\/{rel}","templated":true}]}}