{"id":32707,"date":"2022-11-04T11:04:02","date_gmt":"2022-11-04T10:04:02","guid":{"rendered":"https:\/\/fundaciosetba.org\/la-fundacion-setba-chile-anuncia-los-ganadores-del-premio-los-colores-de-mi-alma\/"},"modified":"2022-11-09T12:22:45","modified_gmt":"2022-11-09T11:22:45","slug":"la-fundacion-setba-chile-anuncia-los-ganadores-del-premio-los-colores-de-mi-alma","status":"publish","type":"post","link":"https:\/\/fundaciosetba.org\/es\/la-fundacion-setba-chile-anuncia-los-ganadores-del-premio-los-colores-de-mi-alma\/","title":{"rendered":"La Fundaci\u00f3n Setba Chile anuncia los ganadores del Premio &#8220;Los Colores de mi Alma&#8221;"},"content":{"rendered":"<p>El pasado 27 de septiembre <strong>la filial de la Fundaci\u00f3n Setba en Chile anunci\u00f3 los ganadores de su certamen &#8220;Los Colores de mi Alma\u201d, premio hermano del Premio Setba.<\/strong> Este certamen est\u00e1 destinado a personas residentes en Chile, mayores de 18 a\u00f1os, que presenten discapacidad por causa ps\u00edquica o intelectual. Este concurso tiene el objetivo de <strong>poner en valor y potenciar el talento art\u00edstico de estas personas,<\/strong> dignificar su trabajo y promover su integraci\u00f3n, as\u00ed como incentivar a este colectivo a trabajar en el terreno de las artes pl\u00e1sticas.<\/p>\n<p>El tema de este a\u00f1o del certamen pretend\u00eda que los artistas <strong>interpretaran los colores en su m\u00e1s amplia posibilidad:<\/strong> dentro de la naturaleza, el paisaje, el retrato, la alegor\u00eda, en la representaci\u00f3n de las emociones, en escenas, etc.<\/p>\n<p><strong>Francisco Jos\u00e9 Cruz Schele<\/strong> fue el ganador del primer premio por la obra <em>Me amo<\/em>, <strong>Javier Alejandro Barr\u00eda Ojeda<\/strong> recibi\u00f3 el segundo premio por la obra <em>Atardecer<\/em> y <strong>Zo\u00e9 Rivero Urz\u00faa<\/strong> fue galardonada con el tercer premio por la obra <em>Las flores<\/em>. Adem\u00e1s, tambi\u00e9n se dieron dos menciones honor\u00edficas a <strong>Helaman Humberto Linares Morales<\/strong> por la obra <em>Oxidaci\u00f3n Temporal<\/em> y a <strong>Nicol\u00e1s Roberto Alonso Vergara<\/strong> por la obra <em>Todo<\/em>.<\/p>\n<div class=\"w-gallery fit_cover wp_gallery type_grid action_popup_image ratio_1x1 count_3\" style=\"--columns:3;--items-gap:8px;\"><div class=\"w-gallery-list\"><div class=\"w-gallery-item\"><div class=\"w-gallery-item-img\"><img loading=\"lazy\" decoding=\"async\" width=\"1024\" height=\"1024\" src=\"https:\/\/fundaciosetba.org\/wp-content\/uploads\/2022\/11\/primer-lugar-1024x1024.jpeg\" class=\"attachment-large size-large\" alt=\"\" srcset=\"https:\/\/fundaciosetba.org\/wp-content\/uploads\/2022\/11\/primer-lugar-1024x1024.jpeg 1024w, https:\/\/fundaciosetba.org\/wp-content\/uploads\/2022\/11\/primer-lugar-300x300.jpeg 300w, https:\/\/fundaciosetba.org\/wp-content\/uploads\/2022\/11\/primer-lugar-150x150.jpeg 150w, https:\/\/fundaciosetba.org\/wp-content\/uploads\/2022\/11\/primer-lugar-100x100.jpeg 100w, https:\/\/fundaciosetba.org\/wp-content\/uploads\/2022\/11\/primer-lugar-400x400.jpeg 400w, https:\/\/fundaciosetba.org\/wp-content\/uploads\/2022\/11\/primer-lugar-600x600.jpeg 600w, https:\/\/fundaciosetba.org\/wp-content\/uploads\/2022\/11\/primer-lugar.jpeg 1080w\" sizes=\"auto, (max-width: 1024px) 100vw, 1024px\" \/><\/div><a class=\"w-gallery-item-link\" aria-label=\"primer lugar\" href=\"https:\/\/fundaciosetba.org\/wp-content\/uploads\/2022\/11\/primer-lugar.jpeg\" title=\"primer lugar\"><\/a><\/div><div class=\"w-gallery-item\"><div class=\"w-gallery-item-img\"><img loading=\"lazy\" decoding=\"async\" width=\"1024\" height=\"1024\" src=\"https:\/\/fundaciosetba.org\/wp-content\/uploads\/2022\/11\/segundo-lugar-1024x1024.jpeg\" class=\"attachment-large size-large\" alt=\"\" srcset=\"https:\/\/fundaciosetba.org\/wp-content\/uploads\/2022\/11\/segundo-lugar-1024x1024.jpeg 1024w, https:\/\/fundaciosetba.org\/wp-content\/uploads\/2022\/11\/segundo-lugar-300x300.jpeg 300w, https:\/\/fundaciosetba.org\/wp-content\/uploads\/2022\/11\/segundo-lugar-150x150.jpeg 150w, https:\/\/fundaciosetba.org\/wp-content\/uploads\/2022\/11\/segundo-lugar-100x100.jpeg 100w, https:\/\/fundaciosetba.org\/wp-content\/uploads\/2022\/11\/segundo-lugar-400x400.jpeg 400w, https:\/\/fundaciosetba.org\/wp-content\/uploads\/2022\/11\/segundo-lugar-600x600.jpeg 600w, https:\/\/fundaciosetba.org\/wp-content\/uploads\/2022\/11\/segundo-lugar.jpeg 1080w\" sizes=\"auto, (max-width: 1024px) 100vw, 1024px\" \/><\/div><a class=\"w-gallery-item-link\" aria-label=\"segundo lugar\" href=\"https:\/\/fundaciosetba.org\/wp-content\/uploads\/2022\/11\/segundo-lugar.jpeg\" title=\"segundo lugar\"><\/a><\/div><div class=\"w-gallery-item\"><div class=\"w-gallery-item-img\"><img loading=\"lazy\" decoding=\"async\" width=\"1024\" height=\"1024\" src=\"https:\/\/fundaciosetba.org\/wp-content\/uploads\/2022\/11\/tercer-lugar-1024x1024.jpeg\" class=\"attachment-large size-large\" alt=\"\" srcset=\"https:\/\/fundaciosetba.org\/wp-content\/uploads\/2022\/11\/tercer-lugar-1024x1024.jpeg 1024w, https:\/\/fundaciosetba.org\/wp-content\/uploads\/2022\/11\/tercer-lugar-300x300.jpeg 300w, https:\/\/fundaciosetba.org\/wp-content\/uploads\/2022\/11\/tercer-lugar-150x150.jpeg 150w, https:\/\/fundaciosetba.org\/wp-content\/uploads\/2022\/11\/tercer-lugar-100x100.jpeg 100w, https:\/\/fundaciosetba.org\/wp-content\/uploads\/2022\/11\/tercer-lugar-400x400.jpeg 400w, https:\/\/fundaciosetba.org\/wp-content\/uploads\/2022\/11\/tercer-lugar-600x600.jpeg 600w, https:\/\/fundaciosetba.org\/wp-content\/uploads\/2022\/11\/tercer-lugar.jpeg 1080w\" sizes=\"auto, (max-width: 1024px) 100vw, 1024px\" \/><\/div><a class=\"w-gallery-item-link\" aria-label=\"tercer lugar\" href=\"https:\/\/fundaciosetba.org\/wp-content\/uploads\/2022\/11\/tercer-lugar.jpeg\" title=\"tercer lugar\"><\/a><\/div><\/div><\/div>\n<p>El jurado fue formado por \u00d3scar Morales, artista y ganador de la edici\u00f3n de 2021; Magdalena Vial, artista visual; Natalia Miralles, acad\u00e9mica y licenciada en arte; Claudio di Girolamo, artista multidisciplinar y gestor cultural; Rodrigo Guendelman, periodista de cultura y conductor radial; Marcela Ba\u00f1ados, directora de contenidos del Museo Taller; Dario Olaortua, presidente de la Fundaci\u00f3n Setba Chile; Plan Urz\u00faa, coordinadora de proyectos en Color Animal y por Francisca Rodillo, artista visual y terapeuta de arte.<\/p>\n<p>Adem\u00e1s, el martes 27 de septiembre a las 16:30 horas s<strong>e inaugur\u00f3 la exposici\u00f3n <em>Los Colores de Mi Alma<\/em> en el Museo Taller, donde se exhibieron las 20 obras finalistas del concurso<\/strong> y se dio a conocer los 3 primeros puestos junto con las menciones honor\u00edficas. La muestra permanecer\u00e1 abierta al p\u00fablico hasta el 3 de diciembre. Tambi\u00e9n, <strong>se otorgar\u00e1 el Premio P\u00fablico, que consiste en un premio concedido por la Fundaci\u00f3n Setba Chile a la obra que obtenga m\u00e1s votos<\/strong> a trav\u00e9s de su p\u00e1gina web. Para participar: <a href=\"https:\/\/fundacionsetbachile.org\/vota-por-tu-obra-favorita\/\">https:\/\/fundacionsetbachile.org\/vota-por-tu-obra-favorita\/<\/a><\/p>\n<div class=\"w-gallery fit_cover wp_gallery type_grid action_popup_image ratio_1x1 count_3\" style=\"--columns:3;--items-gap:8px;\"><div class=\"w-gallery-list\"><div class=\"w-gallery-item\"><div class=\"w-gallery-item-img\"><img loading=\"lazy\" decoding=\"async\" width=\"1024\" height=\"683\" src=\"https:\/\/fundaciosetba.org\/wp-content\/uploads\/2022\/11\/MAY_6916-1024x683.jpg\" class=\"attachment-large size-large\" alt=\"\" srcset=\"https:\/\/fundaciosetba.org\/wp-content\/uploads\/2022\/11\/MAY_6916-1024x683.jpg 1024w, https:\/\/fundaciosetba.org\/wp-content\/uploads\/2022\/11\/MAY_6916-300x200.jpg 300w, https:\/\/fundaciosetba.org\/wp-content\/uploads\/2022\/11\/MAY_6916-150x100.jpg 150w, https:\/\/fundaciosetba.org\/wp-content\/uploads\/2022\/11\/MAY_6916-600x400.jpg 600w\" sizes=\"auto, (max-width: 1024px) 100vw, 1024px\" \/><\/div><a class=\"w-gallery-item-link\" aria-label=\"MAY_6916\" href=\"https:\/\/fundaciosetba.org\/wp-content\/uploads\/2022\/11\/MAY_6916-scaled.jpg\" title=\"MAY_6916\"><\/a><\/div><div class=\"w-gallery-item\"><div class=\"w-gallery-item-img\"><img loading=\"lazy\" decoding=\"async\" width=\"1024\" height=\"683\" src=\"https:\/\/fundaciosetba.org\/wp-content\/uploads\/2022\/11\/MAY_6764-1024x683.jpg\" class=\"attachment-large size-large\" alt=\"\" srcset=\"https:\/\/fundaciosetba.org\/wp-content\/uploads\/2022\/11\/MAY_6764-1024x683.jpg 1024w, https:\/\/fundaciosetba.org\/wp-content\/uploads\/2022\/11\/MAY_6764-300x200.jpg 300w, https:\/\/fundaciosetba.org\/wp-content\/uploads\/2022\/11\/MAY_6764-150x100.jpg 150w, https:\/\/fundaciosetba.org\/wp-content\/uploads\/2022\/11\/MAY_6764-600x400.jpg 600w\" sizes=\"auto, (max-width: 1024px) 100vw, 1024px\" \/><\/div><a class=\"w-gallery-item-link\" aria-label=\"MAY_6764\" href=\"https:\/\/fundaciosetba.org\/wp-content\/uploads\/2022\/11\/MAY_6764-scaled.jpg\" title=\"MAY_6764\"><\/a><\/div><div class=\"w-gallery-item\"><div class=\"w-gallery-item-img\"><img loading=\"lazy\" decoding=\"async\" width=\"1024\" height=\"683\" src=\"https:\/\/fundaciosetba.org\/wp-content\/uploads\/2022\/11\/MAY_8172-1024x683.jpg\" class=\"attachment-large size-large\" alt=\"\" srcset=\"https:\/\/fundaciosetba.org\/wp-content\/uploads\/2022\/11\/MAY_8172-1024x683.jpg 1024w, https:\/\/fundaciosetba.org\/wp-content\/uploads\/2022\/11\/MAY_8172-300x200.jpg 300w, https:\/\/fundaciosetba.org\/wp-content\/uploads\/2022\/11\/MAY_8172-150x100.jpg 150w, https:\/\/fundaciosetba.org\/wp-content\/uploads\/2022\/11\/MAY_8172-600x400.jpg 600w\" sizes=\"auto, (max-width: 1024px) 100vw, 1024px\" \/><\/div><a class=\"w-gallery-item-link\" aria-label=\"MAY_8172\" href=\"https:\/\/fundaciosetba.org\/wp-content\/uploads\/2022\/11\/MAY_8172-scaled.jpg\" title=\"MAY_8172\"><\/a><\/div><\/div><\/div>\n","protected":false},"excerpt":{"rendered":"<p>La filial de la Fundaci\u00f3n Setba en Chile dio a conocer a los ganadores de su certamen &#8220;Los Colores de mi Alma&#8221;, premio hermano del Premio Setba, con el objetivo de visibilizar el talento de los artistas con discapacidad intelectual.<\/p>\n","protected":false},"author":1,"featured_media":32702,"comment_status":"closed","ping_status":"closed","sticky":false,"template":"","format":"standard","meta":{"footnotes":""},"categories":[1353],"tags":[],"class_list":["post-32707","post","type-post","status-publish","format-standard","has-post-thumbnail","hentry","category-premio-setba-es"],"_links":{"self":[{"href":"https:\/\/fundaciosetba.org\/es\/wp-json\/wp\/v2\/posts\/32707","targetHints":{"allow":["GET"]}}],"collection":[{"href":"https:\/\/fundaciosetba.org\/es\/wp-json\/wp\/v2\/posts"}],"about":[{"href":"https:\/\/fundaciosetba.org\/es\/wp-json\/wp\/v2\/types\/post"}],"author":[{"embeddable":true,"href":"https:\/\/fundaciosetba.org\/es\/wp-json\/wp\/v2\/users\/1"}],"replies":[{"embeddable":true,"href":"https:\/\/fundaciosetba.org\/es\/wp-json\/wp\/v2\/comments?post=32707"}],"version-history":[{"count":3,"href":"https:\/\/fundaciosetba.org\/es\/wp-json\/wp\/v2\/posts\/32707\/revisions"}],"predecessor-version":[{"id":32730,"href":"https:\/\/fundaciosetba.org\/es\/wp-json\/wp\/v2\/posts\/32707\/revisions\/32730"}],"wp:featuredmedia":[{"embeddable":true,"href":"https:\/\/fundaciosetba.org\/es\/wp-json\/wp\/v2\/media\/32702"}],"wp:attachment":[{"href":"https:\/\/fundaciosetba.org\/es\/wp-json\/wp\/v2\/media?parent=32707"}],"wp:term":[{"taxonomy":"category","embeddable":true,"href":"https:\/\/fundaciosetba.org\/es\/wp-json\/wp\/v2\/categories?post=32707"},{"taxonomy":"post_tag","embeddable":true,"href":"https:\/\/fundaciosetba.org\/es\/wp-json\/wp\/v2\/tags?post=32707"}],"curies":[{"name":"wp","href":"https:\/\/api.w.org\/{rel}","templated":true}]}}