{"id":33021,"date":"2022-12-15T12:33:55","date_gmt":"2022-12-15T11:33:55","guid":{"rendered":"https:\/\/fundaciosetba.org\/feminismo-y-empoderamiento-en-la-nueva-edicion-de-traspasando-el-objetivo\/"},"modified":"2022-12-15T16:45:18","modified_gmt":"2022-12-15T15:45:18","slug":"feminismo-y-empoderamiento-en-la-nueva-edicion-de-traspasando-el-objetivo","status":"publish","type":"post","link":"https:\/\/fundaciosetba.org\/es\/feminismo-y-empoderamiento-en-la-nueva-edicion-de-traspasando-el-objetivo\/","title":{"rendered":"Feminismo y empoderamiento en la nueva edici\u00f3n de \u201cTraspasando el objetivo\u201d"},"content":{"rendered":"<p><strong>\u00abGracias a todo el equipo por vuestra colaboraci\u00f3n, para m\u00ed ha sido una experiencia muy bonita, muy agradable, me ha gustado much\u00edsimo y me he sentido muy bien. Ha sido como una peque\u00f1a ayuda para m\u00ed cada semana: me ha relajado, me ha hecho feliz y me gustar\u00eda repetir, para estudiarlo mejor para quien sabe en un futuro. Os lo gusto much\u00edsimo, sobre todo al grupo ya todas las colaboradoras\u00bb.<\/strong><\/p>\n<p style=\"text-align: right;\">Participante del proyecto en Brians 1.<\/p>\n<p>La sexta edici\u00f3n del proyecto fotogr\u00e1fico <em>Traspasando el objetivo<\/em> de la Fundaci\u00f3n Setba, que se ha llevado a cabo entre octubre y noviembre de 2022, ha sido un \u00e9xito. Dirigido por la artista y activista feminista Marta F\u00e0bregas, el taller pretende conseguir empoderar a las mujeres internas en centros penitenciarios y mejorar su autoestima, a trav\u00e9s de la fotograf\u00eda.<\/p>\n<p>Entre los objetivos del proyecto se encuentran: proporcionar a las internas un nuevo lenguaje expresivo, mejorar la comunicaci\u00f3n entre las participantes a trav\u00e9s del trabajo en equipo o reflexionar sobre el papel actual de la mujer, el feminismo y la igualdad.<\/p>\n<p>En un total de 10 sesiones, <strong>las internas han adquirido conocimientos sobre el funcionamiento de la c\u00e1mara y el retrato en la fotograf\u00eda<\/strong> . Durante las primeras clases, se entreg\u00f3 un kit que conten\u00eda todo el material necesario, as\u00ed como el libro de apuntes y se hizo una explicaci\u00f3n de conceptos b\u00e1sicos como los tipos de planos, el tipo de luz, el enfoque y composici\u00f3n con sus pr\u00e1cticas correspondientes.<\/p>\n<p>Tambi\u00e9n, durante la edici\u00f3n de este a\u00f1o, adem\u00e1s de la ense\u00f1anza t\u00e9cnica de las c\u00e1maras, <strong>en cada sesi\u00f3n se ha incorporado el empoderamiento a trav\u00e9s del conocimiento y aprendizaje de diferentes mujeres fot\u00f3grafas actuales desde un punto de vista feminista, cultural y de territorio<\/strong> . Fot\u00f3grafas que, en toda su trayectoria art\u00edstica, han demostrado que la fotograf\u00eda ha sido y sigue siendo una herramienta de transformaci\u00f3n social.<\/p>\n<div class=\"w-gallery fit_cover wp_gallery type_grid action_popup_image ratio_1x1 count_3\" style=\"--columns:3;--items-gap:8px;\"><div class=\"w-gallery-list\"><div class=\"w-gallery-item\"><div class=\"w-gallery-item-img\"><img loading=\"lazy\" decoding=\"async\" width=\"1024\" height=\"684\" src=\"https:\/\/fundaciosetba.org\/wp-content\/uploads\/2022\/12\/01_2022-10_Traspassant-Objectiu_6_BRIANS_Laura-galvez_02-1-1-1024x684.jpg\" class=\"attachment-large size-large\" alt=\"\" srcset=\"https:\/\/fundaciosetba.org\/wp-content\/uploads\/2022\/12\/01_2022-10_Traspassant-Objectiu_6_BRIANS_Laura-galvez_02-1-1-1024x684.jpg 1024w, https:\/\/fundaciosetba.org\/wp-content\/uploads\/2022\/12\/01_2022-10_Traspassant-Objectiu_6_BRIANS_Laura-galvez_02-1-1-300x200.jpg 300w, https:\/\/fundaciosetba.org\/wp-content\/uploads\/2022\/12\/01_2022-10_Traspassant-Objectiu_6_BRIANS_Laura-galvez_02-1-1-150x100.jpg 150w, https:\/\/fundaciosetba.org\/wp-content\/uploads\/2022\/12\/01_2022-10_Traspassant-Objectiu_6_BRIANS_Laura-galvez_02-1-1-600x401.jpg 600w, https:\/\/fundaciosetba.org\/wp-content\/uploads\/2022\/12\/01_2022-10_Traspassant-Objectiu_6_BRIANS_Laura-galvez_02-1-1.jpg 1920w\" sizes=\"auto, (max-width: 1024px) 100vw, 1024px\" \/><\/div><div class=\"w-gallery-item-meta\"><div class=\"w-gallery-item-title\">\u00a9 Laura G\u00e1lvez-Rhein<\/div><\/div><a class=\"w-gallery-item-link\" aria-label=\"\u00a9 Laura G\u00e1lvez-Rhein\" href=\"https:\/\/fundaciosetba.org\/wp-content\/uploads\/2022\/12\/01_2022-10_Traspassant-Objectiu_6_BRIANS_Laura-galvez_02-1-1.jpg\" title=\"\u00a9 Laura G\u00e1lvez-Rhein\"><\/a><\/div><div class=\"w-gallery-item\"><div class=\"w-gallery-item-img\"><img loading=\"lazy\" decoding=\"async\" width=\"1024\" height=\"684\" src=\"https:\/\/fundaciosetba.org\/wp-content\/uploads\/2022\/12\/01_2022-10_Traspassant-Objectiu_6_BRIANS_Laura-galvez_02-17-1024x684.jpg\" class=\"attachment-large size-large\" alt=\"\" srcset=\"https:\/\/fundaciosetba.org\/wp-content\/uploads\/2022\/12\/01_2022-10_Traspassant-Objectiu_6_BRIANS_Laura-galvez_02-17-1024x684.jpg 1024w, https:\/\/fundaciosetba.org\/wp-content\/uploads\/2022\/12\/01_2022-10_Traspassant-Objectiu_6_BRIANS_Laura-galvez_02-17-300x200.jpg 300w, https:\/\/fundaciosetba.org\/wp-content\/uploads\/2022\/12\/01_2022-10_Traspassant-Objectiu_6_BRIANS_Laura-galvez_02-17-150x100.jpg 150w, https:\/\/fundaciosetba.org\/wp-content\/uploads\/2022\/12\/01_2022-10_Traspassant-Objectiu_6_BRIANS_Laura-galvez_02-17-600x401.jpg 600w, https:\/\/fundaciosetba.org\/wp-content\/uploads\/2022\/12\/01_2022-10_Traspassant-Objectiu_6_BRIANS_Laura-galvez_02-17.jpg 1920w\" sizes=\"auto, (max-width: 1024px) 100vw, 1024px\" \/><\/div><div class=\"w-gallery-item-meta\"><div class=\"w-gallery-item-title\">\u00a9 Laura G\u00e1lvez-Rhein<\/div><\/div><a class=\"w-gallery-item-link\" aria-label=\"\u00a9 Laura G\u00e1lvez-Rhein\" href=\"https:\/\/fundaciosetba.org\/wp-content\/uploads\/2022\/12\/01_2022-10_Traspassant-Objectiu_6_BRIANS_Laura-galvez_02-17.jpg\" title=\"\u00a9 Laura G\u00e1lvez-Rhein\"><\/a><\/div><div class=\"w-gallery-item\"><div class=\"w-gallery-item-img\"><img loading=\"lazy\" decoding=\"async\" width=\"1024\" height=\"684\" src=\"https:\/\/fundaciosetba.org\/wp-content\/uploads\/2022\/12\/2022-10_Traspassant-Objectiu_6_BRIANS_52-1024x684.jpg\" class=\"attachment-large size-large\" alt=\"\" srcset=\"https:\/\/fundaciosetba.org\/wp-content\/uploads\/2022\/12\/2022-10_Traspassant-Objectiu_6_BRIANS_52-1024x684.jpg 1024w, https:\/\/fundaciosetba.org\/wp-content\/uploads\/2022\/12\/2022-10_Traspassant-Objectiu_6_BRIANS_52-300x200.jpg 300w, https:\/\/fundaciosetba.org\/wp-content\/uploads\/2022\/12\/2022-10_Traspassant-Objectiu_6_BRIANS_52-150x100.jpg 150w, https:\/\/fundaciosetba.org\/wp-content\/uploads\/2022\/12\/2022-10_Traspassant-Objectiu_6_BRIANS_52-600x401.jpg 600w, https:\/\/fundaciosetba.org\/wp-content\/uploads\/2022\/12\/2022-10_Traspassant-Objectiu_6_BRIANS_52.jpg 1920w\" sizes=\"auto, (max-width: 1024px) 100vw, 1024px\" \/><\/div><div class=\"w-gallery-item-meta\"><div class=\"w-gallery-item-title\">\u00a9 Laura G\u00e1lvez-Rhein<\/div><\/div><a class=\"w-gallery-item-link\" aria-label=\"\u00a9 Laura G\u00e1lvez-Rhein\" href=\"https:\/\/fundaciosetba.org\/wp-content\/uploads\/2022\/12\/2022-10_Traspassant-Objectiu_6_BRIANS_52.jpg\" title=\"\u00a9 Laura G\u00e1lvez-Rhein\"><\/a><\/div><\/div><\/div>\n<p>&nbsp;<\/p>\n<p>En una de estas sesiones, <strong>las internas contaron con una visita muy especial de la fotoperiodista Sandra Balsells<\/strong> , de la que ya hab\u00edan trabajado y comentado sus obras. Balsells, premio Ortega y Gasset a la Mejor Labor Informativa por su trabajo sobre la guerra y la posguerra en la antigua Yugoslavia, explic\u00f3 su experiencia profesional y dio algunas nociones de fotoperiodismo.<\/p>\n<p>Durante el proyecto, las internas tuvieron la oportunidad de sentirse como aut\u00e9nticas modelos de la mano de Maquillaje Tutus\u00e1us, que las pein\u00f3 y maquill\u00f3 para realizar una sesi\u00f3n de fotos como profesionales con un fondo de color magenta y ventiladores.<\/p>\n<p><strong>El pasado 25 de noviembre de 2022, en el marco del D\u00eda Internacional contra la Violencia Machista, tuvo lugar el acto de clausura<\/strong> de esta sexta edici\u00f3n de <em>Traspassant el objectiu<\/em> . Las participantes pudieron ver en gran formato los retratos, que ellas mismas hab\u00edan realizado durante el taller, creando un mural colectivo, que se enganch\u00f3 al patio de la c\u00e1rcel. Adem\u00e1s, se les hizo entrega de las fotos que hab\u00edan disparado durante el taller, una foto de la sesi\u00f3n profesional y una foto grupal.<\/p>\n<div class=\"w-gallery fit_cover wp_gallery type_grid action_popup_image ratio_1x1 count_4\" style=\"--columns:4;--items-gap:8px;\"><div class=\"w-gallery-list\"><div class=\"w-gallery-item\"><div class=\"w-gallery-item-img\"><img loading=\"lazy\" decoding=\"async\" width=\"1024\" height=\"684\" src=\"https:\/\/fundaciosetba.org\/wp-content\/uploads\/2022\/12\/2022-11_Traspassant-Objectiu-BRIANS-6_CLOENDA_01-1024x684.jpg\" class=\"attachment-large size-large\" alt=\"\" srcset=\"https:\/\/fundaciosetba.org\/wp-content\/uploads\/2022\/12\/2022-11_Traspassant-Objectiu-BRIANS-6_CLOENDA_01-1024x684.jpg 1024w, https:\/\/fundaciosetba.org\/wp-content\/uploads\/2022\/12\/2022-11_Traspassant-Objectiu-BRIANS-6_CLOENDA_01-300x200.jpg 300w, https:\/\/fundaciosetba.org\/wp-content\/uploads\/2022\/12\/2022-11_Traspassant-Objectiu-BRIANS-6_CLOENDA_01-150x100.jpg 150w, https:\/\/fundaciosetba.org\/wp-content\/uploads\/2022\/12\/2022-11_Traspassant-Objectiu-BRIANS-6_CLOENDA_01-600x401.jpg 600w, https:\/\/fundaciosetba.org\/wp-content\/uploads\/2022\/12\/2022-11_Traspassant-Objectiu-BRIANS-6_CLOENDA_01.jpg 1920w\" sizes=\"auto, (max-width: 1024px) 100vw, 1024px\" \/><\/div><div class=\"w-gallery-item-meta\"><div class=\"w-gallery-item-title\">\u00a9 Laura G\u00e1lvez-Rhein<\/div><\/div><a class=\"w-gallery-item-link\" aria-label=\"\u00a9 Laura G\u00e1lvez-Rhein\" href=\"https:\/\/fundaciosetba.org\/wp-content\/uploads\/2022\/12\/2022-11_Traspassant-Objectiu-BRIANS-6_CLOENDA_01.jpg\" title=\"\u00a9 Laura G\u00e1lvez-Rhein\"><\/a><\/div><div class=\"w-gallery-item\"><div class=\"w-gallery-item-img\"><img loading=\"lazy\" decoding=\"async\" width=\"1024\" height=\"684\" src=\"https:\/\/fundaciosetba.org\/wp-content\/uploads\/2022\/12\/2022-11_Traspassant-Objectiu-BRIANS-6_CLOENDA_11-1024x684.jpg\" class=\"attachment-large size-large\" alt=\"\" srcset=\"https:\/\/fundaciosetba.org\/wp-content\/uploads\/2022\/12\/2022-11_Traspassant-Objectiu-BRIANS-6_CLOENDA_11-1024x684.jpg 1024w, https:\/\/fundaciosetba.org\/wp-content\/uploads\/2022\/12\/2022-11_Traspassant-Objectiu-BRIANS-6_CLOENDA_11-300x200.jpg 300w, https:\/\/fundaciosetba.org\/wp-content\/uploads\/2022\/12\/2022-11_Traspassant-Objectiu-BRIANS-6_CLOENDA_11-150x100.jpg 150w, https:\/\/fundaciosetba.org\/wp-content\/uploads\/2022\/12\/2022-11_Traspassant-Objectiu-BRIANS-6_CLOENDA_11-600x401.jpg 600w, https:\/\/fundaciosetba.org\/wp-content\/uploads\/2022\/12\/2022-11_Traspassant-Objectiu-BRIANS-6_CLOENDA_11.jpg 1920w\" sizes=\"auto, (max-width: 1024px) 100vw, 1024px\" \/><\/div><div class=\"w-gallery-item-meta\"><div class=\"w-gallery-item-title\">\u00a9 Laura G\u00e1lvez-Rhein<\/div><\/div><a class=\"w-gallery-item-link\" aria-label=\"\u00a9 Laura G\u00e1lvez-Rhein\" href=\"https:\/\/fundaciosetba.org\/wp-content\/uploads\/2022\/12\/2022-11_Traspassant-Objectiu-BRIANS-6_CLOENDA_11.jpg\" title=\"\u00a9 Laura G\u00e1lvez-Rhein\"><\/a><\/div><div class=\"w-gallery-item\"><div class=\"w-gallery-item-img\"><img loading=\"lazy\" decoding=\"async\" width=\"1024\" height=\"684\" src=\"https:\/\/fundaciosetba.org\/wp-content\/uploads\/2022\/12\/2022-11_Traspassant-Objectiu-BRIANS-6_CLOENDA_28-1024x684.jpg\" class=\"attachment-large size-large\" alt=\"\" srcset=\"https:\/\/fundaciosetba.org\/wp-content\/uploads\/2022\/12\/2022-11_Traspassant-Objectiu-BRIANS-6_CLOENDA_28-1024x684.jpg 1024w, https:\/\/fundaciosetba.org\/wp-content\/uploads\/2022\/12\/2022-11_Traspassant-Objectiu-BRIANS-6_CLOENDA_28-300x200.jpg 300w, https:\/\/fundaciosetba.org\/wp-content\/uploads\/2022\/12\/2022-11_Traspassant-Objectiu-BRIANS-6_CLOENDA_28-150x100.jpg 150w, https:\/\/fundaciosetba.org\/wp-content\/uploads\/2022\/12\/2022-11_Traspassant-Objectiu-BRIANS-6_CLOENDA_28-600x401.jpg 600w, https:\/\/fundaciosetba.org\/wp-content\/uploads\/2022\/12\/2022-11_Traspassant-Objectiu-BRIANS-6_CLOENDA_28.jpg 1920w\" sizes=\"auto, (max-width: 1024px) 100vw, 1024px\" \/><\/div><div class=\"w-gallery-item-meta\"><div class=\"w-gallery-item-title\">\u00a9 Laura G\u00e1lvez-Rhein<\/div><\/div><a class=\"w-gallery-item-link\" aria-label=\"\u00a9 Laura G\u00e1lvez-Rhein\" href=\"https:\/\/fundaciosetba.org\/wp-content\/uploads\/2022\/12\/2022-11_Traspassant-Objectiu-BRIANS-6_CLOENDA_28.jpg\" title=\"\u00a9 Laura G\u00e1lvez-Rhein\"><\/a><\/div><div class=\"w-gallery-item\"><div class=\"w-gallery-item-img\"><img loading=\"lazy\" decoding=\"async\" width=\"1024\" height=\"684\" src=\"https:\/\/fundaciosetba.org\/wp-content\/uploads\/2022\/12\/2022-11_Traspassant-Objectiu-BRIANS-6_CLOENDA_25-1024x684.jpg\" class=\"attachment-large size-large\" alt=\"\" srcset=\"https:\/\/fundaciosetba.org\/wp-content\/uploads\/2022\/12\/2022-11_Traspassant-Objectiu-BRIANS-6_CLOENDA_25-1024x684.jpg 1024w, https:\/\/fundaciosetba.org\/wp-content\/uploads\/2022\/12\/2022-11_Traspassant-Objectiu-BRIANS-6_CLOENDA_25-300x200.jpg 300w, https:\/\/fundaciosetba.org\/wp-content\/uploads\/2022\/12\/2022-11_Traspassant-Objectiu-BRIANS-6_CLOENDA_25-150x100.jpg 150w, https:\/\/fundaciosetba.org\/wp-content\/uploads\/2022\/12\/2022-11_Traspassant-Objectiu-BRIANS-6_CLOENDA_25-600x401.jpg 600w, https:\/\/fundaciosetba.org\/wp-content\/uploads\/2022\/12\/2022-11_Traspassant-Objectiu-BRIANS-6_CLOENDA_25.jpg 1920w\" sizes=\"auto, (max-width: 1024px) 100vw, 1024px\" \/><\/div><div class=\"w-gallery-item-meta\"><div class=\"w-gallery-item-title\">\u00a9 Laura G\u00e1lvez-Rhein<\/div><\/div><a class=\"w-gallery-item-link\" aria-label=\"\u00a9 Laura G\u00e1lvez-Rhein\" href=\"https:\/\/fundaciosetba.org\/wp-content\/uploads\/2022\/12\/2022-11_Traspassant-Objectiu-BRIANS-6_CLOENDA_25.jpg\" title=\"\u00a9 Laura G\u00e1lvez-Rhein\"><\/a><\/div><\/div><\/div>\n<p>&nbsp;<\/p>\n<p>Si hablamos de impactos, en esta edici\u00f3n, hemos visto que en el cuestionario inicial de conocimientos fotogr\u00e1ficos las internas respondieron correctamente a un 25% de las preguntas y, al finalizar, a un 75% de las preguntas. <strong>El 80% de las mujeres asisten a la mayor\u00eda de sesiones del taller y los trabajadores de los centros penitenciarios afirman que se han establecido nuevas relaciones entre las participantes<\/strong> . Adem\u00e1s, el 100% de las participantes realizan comentarios positivos del taller, el 47% acceden a ser fotografiadas por el mural final y 4 participantes del proyecto en Brians quieren ser mentorizadas por las fot\u00f3grafas.<\/p>\n<p>Marta F\u00e0bregas, directora art\u00edstica del proyecto, destac\u00f3 lo gratificante que es realizar este proyecto: \u00abLas gracias os las damos nosotros porque realmente el esfuerzo y la energ\u00eda que supone organizar y venir, cuando os o\u00edmos, os vemos r\u00ede, os vemos contentas y que recuper\u00e1is un poco esta luz que tiene cada una de ustedes nos sentimos muy recompensadas. Nos vamos con los brazos vac\u00edos, pero con el coraz\u00f3n muy lleno\u00bb.<\/p>\n<p>&nbsp;<\/p>\n<p>El proyecto <em>Traspasando el objetivo<\/em> recibe el patrocinio del Departament de Just\u00edcia, el Institut Catal\u00e0 de les Dones, Bizcabar Serveis Immobiliaris, el apoyo de Fundaci\u00f3 Catalunya Cultura \u2013 Comunidad IMPULSA 2021 y la colaboraci\u00f3n del Institut d\u2019Estudis Fotogr\u00e0fics de Catalunya, Lum\u00ednic Festival, Maquillatge Tutusaus, Marc Mart\u00ed y Panasonic \u2013 Lum\u00edx.<\/p>\n","protected":false},"excerpt":{"rendered":"<p>Finaliza la sexta edici\u00f3n del proyecto fotogr\u00e1fico Traspasando el objetivo, que se ha llevado a cabo entre octubre y noviembre de 2022 en el Centro Penitenciario de Brians 1 bajo la direcci\u00f3n art\u00edstica de Marta F\u00e0bregas.<\/p>\n","protected":false},"author":1,"featured_media":32980,"comment_status":"closed","ping_status":"closed","sticky":false,"template":"","format":"standard","meta":{"footnotes":""},"categories":[1350],"tags":[],"class_list":["post-33021","post","type-post","status-publish","format-standard","has-post-thumbnail","hentry","category-traspasando-el-objetivo-es"],"_links":{"self":[{"href":"https:\/\/fundaciosetba.org\/es\/wp-json\/wp\/v2\/posts\/33021","targetHints":{"allow":["GET"]}}],"collection":[{"href":"https:\/\/fundaciosetba.org\/es\/wp-json\/wp\/v2\/posts"}],"about":[{"href":"https:\/\/fundaciosetba.org\/es\/wp-json\/wp\/v2\/types\/post"}],"author":[{"embeddable":true,"href":"https:\/\/fundaciosetba.org\/es\/wp-json\/wp\/v2\/users\/1"}],"replies":[{"embeddable":true,"href":"https:\/\/fundaciosetba.org\/es\/wp-json\/wp\/v2\/comments?post=33021"}],"version-history":[{"count":1,"href":"https:\/\/fundaciosetba.org\/es\/wp-json\/wp\/v2\/posts\/33021\/revisions"}],"predecessor-version":[{"id":33022,"href":"https:\/\/fundaciosetba.org\/es\/wp-json\/wp\/v2\/posts\/33021\/revisions\/33022"}],"wp:featuredmedia":[{"embeddable":true,"href":"https:\/\/fundaciosetba.org\/es\/wp-json\/wp\/v2\/media\/32980"}],"wp:attachment":[{"href":"https:\/\/fundaciosetba.org\/es\/wp-json\/wp\/v2\/media?parent=33021"}],"wp:term":[{"taxonomy":"category","embeddable":true,"href":"https:\/\/fundaciosetba.org\/es\/wp-json\/wp\/v2\/categories?post=33021"},{"taxonomy":"post_tag","embeddable":true,"href":"https:\/\/fundaciosetba.org\/es\/wp-json\/wp\/v2\/tags?post=33021"}],"curies":[{"name":"wp","href":"https:\/\/api.w.org\/{rel}","templated":true}]}}