{"id":33088,"date":"2022-12-22T16:14:11","date_gmt":"2022-12-22T15:14:11","guid":{"rendered":"https:\/\/fundaciosetba.org\/el-artista-jaime-sunico-visita-los-talleres-de-arte-de-entidades-did-dentro-del-proyecto-magistrals\/"},"modified":"2022-12-23T11:08:51","modified_gmt":"2022-12-23T10:08:51","slug":"el-artista-jaime-sunico-visita-los-talleres-de-arte-de-entidades-did-dentro-del-proyecto-magistrals","status":"publish","type":"post","link":"https:\/\/fundaciosetba.org\/es\/el-artista-jaime-sunico-visita-los-talleres-de-arte-de-entidades-did-dentro-del-proyecto-magistrals\/","title":{"rendered":"El artista Jaime S\u00fanico visita los talleres de arte de entidades DID, dentro del proyecto Magistrals"},"content":{"rendered":"<p>Con el objetivo de mejorar la formaci\u00f3n art\u00edstica de los talleres de arte de las entidades del sector de la discapacidad intelectual, as\u00ed como ayudar a los educadores sociales a detectar el talento art\u00edstico de sus usuarios, el 2021 la Fundaci\u00f3n Setba inici\u00f3 el proyecto Magistrales. Un <strong>proyecto pedag\u00f3gico de formato h\u00edbrido<\/strong> donde se combina, en una primera fase, la formaci\u00f3n en remoto a trav\u00e9s de unas c\u00e1psulas de v\u00eddeo, y en una segunda fase, la presencialidad en la que el artista visita los talleres de arte durante el a\u00f1o siguiente.<\/p>\n<p>El primer artista escogido ha sido<strong> Jaime S\u00fanico. Artista de reconocido prestigio<\/strong>. Sus obras est\u00e1n en colecciones como el Museo de Montserrat, la Fundaci\u00f3n Kaminsky, la Colecci\u00f3n Testimonio de la Fundaci\u00f3n La Caixa, la Fundaci\u00f3n Vila Casas y ha expuesto en galer\u00edas nacionales como Senda en Barcelona y Galerie von Braunbehrens de Munich o la Galer\u00eda Marwan Hoss de Par\u00eds entre otros. Tambi\u00e9n lleva m\u00e1s de 30 a\u00f1os impartiendo clases a artistas con discapacidad intelectual.<\/p>\n<p>V\u00eddeo formativo de la primera edici\u00f3n:<\/p>\n<p><iframe loading=\"lazy\" title=\"Magistrals: formaci\u00f3 art\u00edstica amb Jaime S\u00fanico\" width=\"640\" height=\"360\" src=\"https:\/\/www.youtube.com\/embed\/ac_-ySdhFFc?start=7&#038;feature=oembed\" frameborder=\"0\" allow=\"accelerometer; autoplay; clipboard-write; encrypted-media; gyroscope; picture-in-picture\" allowfullscreen><\/iframe><\/p>\n<p>&nbsp;<\/p>\n<p>Durante la primavera y oto\u00f1o de 2022, S\u00fanico ha visitado las siguientes entidades: Fundaci\u00f3n Caviga, Asproseat, Fundaci\u00f3n CIPO, Centro Ocupacional Les Corts y la Asociaci\u00f3n Alba. <strong>Durante estas sesiones, S\u00fanico ha aconsejado sobre la gesti\u00f3n de los talleres art\u00edsticos, as\u00ed como ha dado consejos sobre materiales y c\u00f3mo organizar las sesiones de arte.<\/strong> Como por ejemplo, la colocaci\u00f3n de los colores en la paleta y los nombres t\u00e9cnicos de los materiales, as\u00ed como la importancia de la organizaci\u00f3n de las pinturas y el material por categor\u00edas. <strong>Los educadores han valorado este punto con un 76% de satisfacci\u00f3n<\/strong> . En relaci\u00f3n a potenciar la creatividad entre los usuarios, S\u00fanico ha dado una serie de ideas como: realizar concursos internos de pintura, dedicar un espacio exclusivo para los talleres de arte, colgar las obras en espacios comunes o aumentar las horas de taller art\u00edstico en la semana. <strong>Los educadores han valorado positivamente el proyecto y han afirmado que han observado a los usuarios m\u00e1s motivados, con mayor libertad y menos miedo a la hora de iniciar el proceso creativo.<\/strong><\/p>\n<p>Im\u00e1genes del CO Les Corts. Fotos de Laura G\u00e1lvez-Rhein:<\/p>\n<div class=\"w-gallery fit_cover wp_gallery type_grid action_popup_image ratio_1x1 count_6\" style=\"--columns:3;--items-gap:8px;\"><div class=\"w-gallery-list\"><div class=\"w-gallery-item\"><div class=\"w-gallery-item-img\"><img loading=\"lazy\" decoding=\"async\" width=\"300\" height=\"300\" src=\"https:\/\/fundaciosetba.org\/wp-content\/uploads\/2022\/12\/2022-11_Magistrals_Centre-Ocupacional-Les-Corts_19-300x300.jpg\" class=\"attachment-woocommerce_thumbnail size-woocommerce_thumbnail\" alt=\"\" srcset=\"https:\/\/fundaciosetba.org\/wp-content\/uploads\/2022\/12\/2022-11_Magistrals_Centre-Ocupacional-Les-Corts_19-300x300.jpg 300w, https:\/\/fundaciosetba.org\/wp-content\/uploads\/2022\/12\/2022-11_Magistrals_Centre-Ocupacional-Les-Corts_19-150x150.jpg 150w\" sizes=\"auto, (max-width: 300px) 100vw, 300px\" \/><\/div><div class=\"w-gallery-item-meta\"><div class=\"w-gallery-item-title\">\u00a9 Laura G\u00e1lvez-Rhein<\/div><\/div><a class=\"w-gallery-item-link\" aria-label=\"\u00a9 Laura G\u00e1lvez-Rhein\" href=\"https:\/\/fundaciosetba.org\/wp-content\/uploads\/2022\/12\/2022-11_Magistrals_Centre-Ocupacional-Les-Corts_19.jpg\" title=\"\u00a9 Laura G\u00e1lvez-Rhein\"><\/a><\/div><div class=\"w-gallery-item\"><div class=\"w-gallery-item-img\"><img loading=\"lazy\" decoding=\"async\" width=\"300\" height=\"300\" src=\"https:\/\/fundaciosetba.org\/wp-content\/uploads\/2022\/12\/2022-11_Magistrals_Centre-Ocupacional-Les-Corts_03-300x300.jpg\" class=\"attachment-woocommerce_thumbnail size-woocommerce_thumbnail\" alt=\"\" srcset=\"https:\/\/fundaciosetba.org\/wp-content\/uploads\/2022\/12\/2022-11_Magistrals_Centre-Ocupacional-Les-Corts_03-300x300.jpg 300w, https:\/\/fundaciosetba.org\/wp-content\/uploads\/2022\/12\/2022-11_Magistrals_Centre-Ocupacional-Les-Corts_03-150x150.jpg 150w\" sizes=\"auto, (max-width: 300px) 100vw, 300px\" \/><\/div><div class=\"w-gallery-item-meta\"><div class=\"w-gallery-item-title\">\u00a9 Laura G\u00e1lvez-Rhein<\/div><\/div><a class=\"w-gallery-item-link\" aria-label=\"\u00a9 Laura G\u00e1lvez-Rhein\" href=\"https:\/\/fundaciosetba.org\/wp-content\/uploads\/2022\/12\/2022-11_Magistrals_Centre-Ocupacional-Les-Corts_03.jpg\" title=\"\u00a9 Laura G\u00e1lvez-Rhein\"><\/a><\/div><div class=\"w-gallery-item\"><div class=\"w-gallery-item-img\"><img loading=\"lazy\" decoding=\"async\" width=\"300\" height=\"300\" src=\"https:\/\/fundaciosetba.org\/wp-content\/uploads\/2022\/12\/2022-11_Magistrals_Centre-Ocupacional-Les-Corts_05-300x300.jpg\" class=\"attachment-woocommerce_thumbnail size-woocommerce_thumbnail\" alt=\"\" srcset=\"https:\/\/fundaciosetba.org\/wp-content\/uploads\/2022\/12\/2022-11_Magistrals_Centre-Ocupacional-Les-Corts_05-300x300.jpg 300w, https:\/\/fundaciosetba.org\/wp-content\/uploads\/2022\/12\/2022-11_Magistrals_Centre-Ocupacional-Les-Corts_05-150x150.jpg 150w\" sizes=\"auto, (max-width: 300px) 100vw, 300px\" \/><\/div><div class=\"w-gallery-item-meta\"><div class=\"w-gallery-item-title\">\u00a9 Laura G\u00e1lvez-Rhein<\/div><\/div><a class=\"w-gallery-item-link\" aria-label=\"\u00a9 Laura G\u00e1lvez-Rhein\" href=\"https:\/\/fundaciosetba.org\/wp-content\/uploads\/2022\/12\/2022-11_Magistrals_Centre-Ocupacional-Les-Corts_05.jpg\" title=\"\u00a9 Laura G\u00e1lvez-Rhein\"><\/a><\/div><div class=\"w-gallery-item\"><div class=\"w-gallery-item-img\"><img loading=\"lazy\" decoding=\"async\" width=\"300\" height=\"300\" src=\"https:\/\/fundaciosetba.org\/wp-content\/uploads\/2022\/12\/2022-11_Magistrals_Centre-Ocupacional-Les-Corts_06-300x300.jpg\" class=\"attachment-woocommerce_thumbnail size-woocommerce_thumbnail\" alt=\"\" srcset=\"https:\/\/fundaciosetba.org\/wp-content\/uploads\/2022\/12\/2022-11_Magistrals_Centre-Ocupacional-Les-Corts_06-300x300.jpg 300w, https:\/\/fundaciosetba.org\/wp-content\/uploads\/2022\/12\/2022-11_Magistrals_Centre-Ocupacional-Les-Corts_06-150x150.jpg 150w\" sizes=\"auto, (max-width: 300px) 100vw, 300px\" \/><\/div><div class=\"w-gallery-item-meta\"><div class=\"w-gallery-item-title\">\u00a9 Laura G\u00e1lvez-Rhein<\/div><\/div><a class=\"w-gallery-item-link\" aria-label=\"\u00a9 Laura G\u00e1lvez-Rhein\" href=\"https:\/\/fundaciosetba.org\/wp-content\/uploads\/2022\/12\/2022-11_Magistrals_Centre-Ocupacional-Les-Corts_06.jpg\" title=\"\u00a9 Laura G\u00e1lvez-Rhein\"><\/a><\/div><div class=\"w-gallery-item\"><div class=\"w-gallery-item-img\"><img loading=\"lazy\" decoding=\"async\" width=\"300\" height=\"300\" src=\"https:\/\/fundaciosetba.org\/wp-content\/uploads\/2022\/12\/2022-11_Magistrals_Centre-Ocupacional-Les-Corts_07-300x300.jpg\" class=\"attachment-woocommerce_thumbnail size-woocommerce_thumbnail\" alt=\"\" srcset=\"https:\/\/fundaciosetba.org\/wp-content\/uploads\/2022\/12\/2022-11_Magistrals_Centre-Ocupacional-Les-Corts_07-300x300.jpg 300w, https:\/\/fundaciosetba.org\/wp-content\/uploads\/2022\/12\/2022-11_Magistrals_Centre-Ocupacional-Les-Corts_07-150x150.jpg 150w\" sizes=\"auto, (max-width: 300px) 100vw, 300px\" \/><\/div><div class=\"w-gallery-item-meta\"><div class=\"w-gallery-item-title\">\u00a9 Laura G\u00e1lvez-Rhein<\/div><\/div><a class=\"w-gallery-item-link\" aria-label=\"\u00a9 Laura G\u00e1lvez-Rhein\" href=\"https:\/\/fundaciosetba.org\/wp-content\/uploads\/2022\/12\/2022-11_Magistrals_Centre-Ocupacional-Les-Corts_07.jpg\" title=\"\u00a9 Laura G\u00e1lvez-Rhein\"><\/a><\/div><div class=\"w-gallery-item\"><div class=\"w-gallery-item-img\"><img loading=\"lazy\" decoding=\"async\" width=\"300\" height=\"300\" src=\"https:\/\/fundaciosetba.org\/wp-content\/uploads\/2022\/12\/2022-11_Magistrals_Centre-Ocupacional-Les-Corts_11-300x300.jpg\" class=\"attachment-woocommerce_thumbnail size-woocommerce_thumbnail\" alt=\"\" srcset=\"https:\/\/fundaciosetba.org\/wp-content\/uploads\/2022\/12\/2022-11_Magistrals_Centre-Ocupacional-Les-Corts_11-300x300.jpg 300w, https:\/\/fundaciosetba.org\/wp-content\/uploads\/2022\/12\/2022-11_Magistrals_Centre-Ocupacional-Les-Corts_11-150x150.jpg 150w\" sizes=\"auto, (max-width: 300px) 100vw, 300px\" \/><\/div><div class=\"w-gallery-item-meta\"><div class=\"w-gallery-item-title\">\u00a9 Laura G\u00e1lvez-Rhein<\/div><\/div><a class=\"w-gallery-item-link\" aria-label=\"\u00a9 Laura G\u00e1lvez-Rhein\" href=\"https:\/\/fundaciosetba.org\/wp-content\/uploads\/2022\/12\/2022-11_Magistrals_Centre-Ocupacional-Les-Corts_11.jpg\" title=\"\u00a9 Laura G\u00e1lvez-Rhein\"><\/a><\/div><\/div><\/div>\n<p>Este proyecto recibe el patrocinio Capital Care, Bizcabar Servicios Inmobiliarios y la colaboraci\u00f3n de Barna Art, Bardinet, Galer\u00edas de Arte de Catalu\u00f1a, Dincat, El Museo del FC Barcelona, Fundaci\u00f3n &#8220;la Caixa&#8221;, La Casa de Carlota y Pinturas MIR .<\/p>\n","protected":false},"excerpt":{"rendered":"<p>Durante la primavera y oto\u00f1o de 2022, S\u00fanico ha visitado las siguientes entidades: Fundaci\u00f3n Caviga, Asproseat, Fundaci\u00f3n CIPO, Centro Ocupacional Les Corts y la Asociaci\u00f3n Alba.<\/p>\n","protected":false},"author":1,"featured_media":33070,"comment_status":"closed","ping_status":"closed","sticky":false,"template":"","format":"standard","meta":{"footnotes":""},"categories":[1352],"tags":[],"class_list":["post-33088","post","type-post","status-publish","format-standard","has-post-thumbnail","hentry","category-magistrales-es"],"_links":{"self":[{"href":"https:\/\/fundaciosetba.org\/es\/wp-json\/wp\/v2\/posts\/33088","targetHints":{"allow":["GET"]}}],"collection":[{"href":"https:\/\/fundaciosetba.org\/es\/wp-json\/wp\/v2\/posts"}],"about":[{"href":"https:\/\/fundaciosetba.org\/es\/wp-json\/wp\/v2\/types\/post"}],"author":[{"embeddable":true,"href":"https:\/\/fundaciosetba.org\/es\/wp-json\/wp\/v2\/users\/1"}],"replies":[{"embeddable":true,"href":"https:\/\/fundaciosetba.org\/es\/wp-json\/wp\/v2\/comments?post=33088"}],"version-history":[{"count":1,"href":"https:\/\/fundaciosetba.org\/es\/wp-json\/wp\/v2\/posts\/33088\/revisions"}],"predecessor-version":[{"id":33089,"href":"https:\/\/fundaciosetba.org\/es\/wp-json\/wp\/v2\/posts\/33088\/revisions\/33089"}],"wp:featuredmedia":[{"embeddable":true,"href":"https:\/\/fundaciosetba.org\/es\/wp-json\/wp\/v2\/media\/33070"}],"wp:attachment":[{"href":"https:\/\/fundaciosetba.org\/es\/wp-json\/wp\/v2\/media?parent=33088"}],"wp:term":[{"taxonomy":"category","embeddable":true,"href":"https:\/\/fundaciosetba.org\/es\/wp-json\/wp\/v2\/categories?post=33088"},{"taxonomy":"post_tag","embeddable":true,"href":"https:\/\/fundaciosetba.org\/es\/wp-json\/wp\/v2\/tags?post=33088"}],"curies":[{"name":"wp","href":"https:\/\/api.w.org\/{rel}","templated":true}]}}