{"id":33130,"date":"2023-01-04T10:47:58","date_gmt":"2023-01-04T09:47:58","guid":{"rendered":"https:\/\/fundaciosetba.org\/lo-mas-destacado-de-2022-en-la-fundacion-setba\/"},"modified":"2023-01-11T11:23:56","modified_gmt":"2023-01-11T10:23:56","slug":"lo-mas-destacado-de-2022-en-la-fundacion-setba","status":"publish","type":"post","link":"https:\/\/fundaciosetba.org\/es\/lo-mas-destacado-de-2022-en-la-fundacion-setba\/","title":{"rendered":"Lo m\u00e1s destacado de 2022 en la Fundaci\u00f3n Setba"},"content":{"rendered":"<p>La misi\u00f3n de acercar el arte a colectivos en riesgo de exclusi\u00f3n social es uno de los principales objetivos de la Fundaci\u00f3 Setba. Durante 2022, se ha podido demostrar que hacer visibles estas realidades, a trav\u00e9s de la cultura y sus manifestaciones art\u00edsticas, hace que se siga promoviendo una sociedad m\u00e1s justa e inclusiva. Un a\u00f1o m\u00e1s, se ha colaborado con diferentes entidades, empresas privadas y se ha abierto una nueva fuente de autofinanciaci\u00f3n para poder desarrollar esta labor.<\/p>\n<p>Este a\u00f1o, <strong>se ha contado con cuatro artistas profesionales para la direcci\u00f3n de los proyectos, dos de los cuales se han incorporado este a\u00f1o, como es el caso del artista urbano RICE<\/strong>, para el desarrollo del proyecto <a href=\"https:\/\/fundaciosetba.org\/projecte\/traspassant-murs\/\"><em>Traspasando Muros<\/em><\/a> en Montilivi, <strong>y de la dise\u00f1adora e ilustradora Laura Klamburg<\/strong>, para la nueva formaci\u00f3n art\u00edstica del proyecto <a href=\"https:\/\/fundaciosetba.org\/projecte\/magistrals-premi-setba\/\"><em>Magistrales<\/em><\/a>.<\/p>\n<p>Este 2022 tambi\u00e9n ha sido un a\u00f1o de presentaciones. <strong>Se ha publicado el primer fotolibro de la Fundaci\u00f3 Setba <a href=\"https:\/\/fundaciosetba.org\/producte\/brians-mujeres-invisibles\/\"><em>BRIANS. Mujeres invisibles<\/em><\/a><\/strong>, resultado del proyecto <a href=\"https:\/\/fundaciosetba.org\/projecte\/traspassant-lobjectiu\/\"><em>Traspasando el objetivo<\/em><\/a> dirigido por la artista Marta F\u00e0bregas, del que a d\u00eda de hoy <strong>se han vendido el 52% de sus ejemplares<\/strong> . Libro que se ha presentado en 8 espacios, entre ellos en el Real C\u00edrculo Art\u00edstico de Barcelona donde tuvimos a Dolors Bassa, psicopedagoga y exconsejera de Trabajo, Asuntos Sociales y Familia, como moderadora. Tambi\u00e9n, <strong>hemos tenido el privilegio de presentar la creaci\u00f3n del proyecto <a href=\"https:\/\/fundaciosetba.org\/projecte\/natura-es-cultura\/\"><em>Natura es Cultura<\/em><\/a> dirigida por el artista Quim Moya en el Festival Internacional de <em>Land Art<\/em> Art &amp; Gavarres<\/strong> . Obra titulada <em>Caminantes<\/em> hecha por usuarios de las entidades de salud mental Ampans, Drissa y CPB-Dr. F\u00e1bregas. Consolidando as\u00ed, la primera participaci\u00f3n en el festival por parte de un colectivo en riesgo de exclusi\u00f3n.<\/p>\n<p>El balance es muy favorable. En la totalidad de los proyectos, se ha observado una mejora de la calidad de la vida de los colectivos con los que trabajamos. En el caso de <strong>mujeres internas en centros penitenciarios afirman que en un 89% han aumentado su autoestima<\/strong> y el 51% de ellas han aprobado el examen final de teor\u00eda fotogr\u00e1fica. Consiguiendo as\u00ed, hacer crecer un inter\u00e9s por la fotograf\u00eda que antes carec\u00edan y encontrar una nueva manera de expresarse y aumentar su autoestima. Tantos son los buenos resultados que el Departamento de Justicia nos ha permitido <strong>replicar por primera vez el proyecto en el \u00fanico centro penitenciario de mujeres que hay en Catalu\u00f1a, en Wad-Ras de Barcelona<\/strong> . Un caso similar ha ocurrido con los usuarios de las entidades del sector de la discapacidad intelectual, de las que han participado en el proyecto pedag\u00f3gico <em>Magistrals<\/em> . Los educadores encuentran que la formaci\u00f3n art\u00edstica ha hecho que sus usuarios se encuentren m\u00e1s motivados, con mayor libertad y con menos miedo a la hora de iniciar el proceso creativo. Las c\u00e1psulas han tenido muy buena aceptaci\u00f3n y <strong>acumulan m\u00e1s de 700 visualizaciones en la <a href=\"https:\/\/www.youtube.com\/user\/SETBAFundacio\">plataforma YouTube<\/a><\/strong> . <strong>Un inter\u00e9s notable que tambi\u00e9n se ha demostrado con el incremento de participaci\u00f3n en el certamen art\u00edstico <em>Premi Setba<\/em> . Este a\u00f1o, se han contabilizado 1.432 obras, 400 m\u00e1s que en la edici\u00f3n anterior<\/strong>. Adem\u00e1s, con el fin de visibilizar y poner en valor las obras de estos artistas, se inaugur\u00f3 en la Pigment Gallery de Barcelona la exposici\u00f3n de las obras ganadoras y finalistas del <em>Premi Setba<\/em> , <strong>4 de las 12 obras han sido adquiridas por instituciones y particulares<\/strong> . El resto todav\u00eda est\u00e1n <a href=\"https:\/\/fundaciosetba.org\/botiga\/\">disponibles en nuestra p\u00e1gina web<\/a> .<\/p>\n<p><strong>El hecho de poder colaborar y apoyar a diferentes personas hace que el objetivo de visibilizar los proyectos se alcance.<\/strong> Como es el caso del jugador del F\u00fatbol Club Girona, Ibrahim Keb\u00e9; Carlos Sanjos\u00e9, m\u00fasico y arquitecto; Jennifer Pareja, considerada una de las mejores waterpolistas de la historia; Mohamed El Amrani, emprendedor y activista social; y Martina Puigvert, jefe de cocina del restaurante Les Cols en el proyecto <em>Traspasando Muros<\/em>. Todos ellos sientes embajadores del proyecto a trav\u00e9s de sus redes sociales y en los dos \u00faltimos casos, incluso, asistiendo al acto de clausura para conocer a los j\u00f3venes participantes del proyecto.<\/p>\n<p>En 2023 se presenta como un a\u00f1o de nuevos retos. <strong>De cara al mes de marzo, inauguraremos la exposici\u00f3n <em>Mujeres invisibles<\/em> en la sala 4 del Palau Robert<\/strong> . Una exposici\u00f3n que mostrar\u00e1 la labor que se hace desde la Fundaci\u00f3n Setba con mujeres internas a trav\u00e9s del proyecto <em>Traspasando el objetivo<\/em> . En paralelo, <strong>presentaremos el fotolibro en Madrid<\/strong> . Concretamente en el Centro Cultural Librer\u00eda Blanquerna. <strong>Participaremos en el Festival Gargar de Penelles<\/strong> con los j\u00f3venes de <em>Traspassant Murs<\/em> y volveremos al Festival Art &amp; Gavarres. Y por \u00faltimo, entre otras cosas que iremos anunciando durante el a\u00f1o, <strong>realizaremos por primera vez las sesiones presenciales de <em>Magistrales<\/em> en cinco centros c\u00edvicos de Barcelona<\/strong> , con el fin de acercar al vecindario de los distritos al proyecto.<\/p>\n<div class=\"w-gallery fit_cover wp_gallery type_grid action_popup_image ratio_1x1 count_4\" style=\"--columns:2;--items-gap:8px;\"><div class=\"w-gallery-list\"><div class=\"w-gallery-item\"><div class=\"w-gallery-item-img\"><img loading=\"lazy\" decoding=\"async\" width=\"300\" height=\"300\" src=\"https:\/\/fundaciosetba.org\/wp-content\/uploads\/2023\/01\/2022-06-01_Cloenda-Traspassant-Murs-MONTILIVI_SETBA_12-300x300.jpg\" class=\"attachment-woocommerce_thumbnail size-woocommerce_thumbnail\" alt=\"\" srcset=\"https:\/\/fundaciosetba.org\/wp-content\/uploads\/2023\/01\/2022-06-01_Cloenda-Traspassant-Murs-MONTILIVI_SETBA_12-300x300.jpg 300w, https:\/\/fundaciosetba.org\/wp-content\/uploads\/2023\/01\/2022-06-01_Cloenda-Traspassant-Murs-MONTILIVI_SETBA_12-150x150.jpg 150w\" sizes=\"auto, (max-width: 300px) 100vw, 300px\" \/><\/div><div class=\"w-gallery-item-meta\"><div class=\"w-gallery-item-title\">\u00a9 Laura G\u00e1lvez-Rhein<\/div><\/div><a class=\"w-gallery-item-link\" aria-label=\"\u00a9 Laura G\u00e1lvez-Rhein\" href=\"https:\/\/fundaciosetba.org\/wp-content\/uploads\/2023\/01\/2022-06-01_Cloenda-Traspassant-Murs-MONTILIVI_SETBA_12.jpg\" title=\"\u00a9 Laura G\u00e1lvez-Rhein\"><\/a><\/div><div class=\"w-gallery-item\"><div class=\"w-gallery-item-img\"><img loading=\"lazy\" decoding=\"async\" width=\"300\" height=\"300\" src=\"https:\/\/fundaciosetba.org\/wp-content\/uploads\/2023\/01\/Premis-Setba-2022cCarles-R-3216-copia-300x300.jpg\" class=\"attachment-woocommerce_thumbnail size-woocommerce_thumbnail\" alt=\"\" srcset=\"https:\/\/fundaciosetba.org\/wp-content\/uploads\/2023\/01\/Premis-Setba-2022cCarles-R-3216-copia-300x300.jpg 300w, https:\/\/fundaciosetba.org\/wp-content\/uploads\/2023\/01\/Premis-Setba-2022cCarles-R-3216-copia-150x150.jpg 150w\" sizes=\"auto, (max-width: 300px) 100vw, 300px\" \/><\/div><div class=\"w-gallery-item-meta\"><div class=\"w-gallery-item-title\">\u00a9 Carles Rodr\u00edguez<\/div><\/div><a class=\"w-gallery-item-link\" aria-label=\"\u00a9 Carles Rodr\u00edguez\" href=\"https:\/\/fundaciosetba.org\/wp-content\/uploads\/2023\/01\/Premis-Setba-2022cCarles-R-3216-copia-scaled.jpg\" title=\"\u00a9 Carles Rodr\u00edguez\"><\/a><\/div><div class=\"w-gallery-item\"><div class=\"w-gallery-item-img\"><img loading=\"lazy\" decoding=\"async\" width=\"300\" height=\"300\" src=\"https:\/\/fundaciosetba.org\/wp-content\/uploads\/2023\/01\/2022-11_Traspassant-Objectiu-BRIANS-6_CLOENDA_20-300x300.jpg\" class=\"attachment-woocommerce_thumbnail size-woocommerce_thumbnail\" alt=\"\" srcset=\"https:\/\/fundaciosetba.org\/wp-content\/uploads\/2023\/01\/2022-11_Traspassant-Objectiu-BRIANS-6_CLOENDA_20-300x300.jpg 300w, https:\/\/fundaciosetba.org\/wp-content\/uploads\/2023\/01\/2022-11_Traspassant-Objectiu-BRIANS-6_CLOENDA_20-150x150.jpg 150w\" sizes=\"auto, (max-width: 300px) 100vw, 300px\" \/><\/div><div class=\"w-gallery-item-meta\"><div class=\"w-gallery-item-title\">\u00a9 Laura G\u00e1lvez-Rhein<\/div><\/div><a class=\"w-gallery-item-link\" aria-label=\"\u00a9 Laura G\u00e1lvez-Rhein\" href=\"https:\/\/fundaciosetba.org\/wp-content\/uploads\/2023\/01\/2022-11_Traspassant-Objectiu-BRIANS-6_CLOENDA_20.jpg\" title=\"\u00a9 Laura G\u00e1lvez-Rhein\"><\/a><\/div><div class=\"w-gallery-item\"><div class=\"w-gallery-item-img\"><img loading=\"lazy\" decoding=\"async\" width=\"300\" height=\"300\" src=\"https:\/\/fundaciosetba.org\/wp-content\/uploads\/2023\/01\/2022-09-09_Natura-es-cultura-G1_SETBA_36-300x300.jpg\" class=\"attachment-woocommerce_thumbnail size-woocommerce_thumbnail\" alt=\"\" srcset=\"https:\/\/fundaciosetba.org\/wp-content\/uploads\/2023\/01\/2022-09-09_Natura-es-cultura-G1_SETBA_36-300x300.jpg 300w, https:\/\/fundaciosetba.org\/wp-content\/uploads\/2023\/01\/2022-09-09_Natura-es-cultura-G1_SETBA_36-150x150.jpg 150w\" sizes=\"auto, (max-width: 300px) 100vw, 300px\" \/><\/div><div class=\"w-gallery-item-meta\"><div class=\"w-gallery-item-title\">\u00a9 Laura G\u00e1lvez-Rhein<\/div><\/div><a class=\"w-gallery-item-link\" aria-label=\"\u00a9 Laura G\u00e1lvez-Rhein\" href=\"https:\/\/fundaciosetba.org\/wp-content\/uploads\/2023\/01\/2022-09-09_Natura-es-cultura-G1_SETBA_36.jpg\" title=\"\u00a9 Laura G\u00e1lvez-Rhein\"><\/a><\/div><\/div><\/div>\n<p>Para acabar, agradecer a todas las personas, empresas e instituciones que han hecho de este a\u00f1o, un a\u00f1o inolvidable, de verdadera transformaci\u00f3n social: Marta F\u00e0bregas, Laura Klamburg, Quim Moya, Eduard Sacrest (RICE), Jaime S\u00fanico, Sandra Balsells, Tanit Plana, Laura G\u00e1lvez-Rhein, Tania Arcas, Helena Bertran, Maria Ribera, Ignasi Vilarasau, Maria Bud\u00f3, Cristina Sampere, Laia Higuera, Llu\u00eds Bull\u00f3n, Paula Verg\u00e9s, Ibrahim Keb\u00e9, Carles Sanjos\u00e9, Jennifer Pareja, Mohamed El Amrani, Martina Puigvert, l\u2019equip del Centre Penitenciari Brians 1, l\u2019equip del Centre Penitenciari Wad-Ras, l\u2019equip del Centre Educatiu de Just\u00edcia Juvenil Montilivi, Fundaci\u00f3 Caviga, Asproseat, Fundaci\u00f3 CIPO, Centre Ocupacional Les Corts, Associaci\u00f3 Alba, Fundaci\u00f3 Ampans, Fundaci\u00f3 Drissa, Fundaci\u00f3 CPB Dr. F\u00e0bregas, Departament de Just\u00edcia, Drets i Mem\u00f2ria, Institut Catal\u00e0 de les Dones, Bizcabar Serveis Immobiliaris, Institut d\u2019Estudis Fotogr\u00e0fics de Catalunya, Luminic Festival, Maquillatge Tutusaus, Marc Mart\u00ed, Panasonic \u2013 Lumix, Fundaci\u00f3 Catalunya Cultura, Ajuntament de Barcelona, Capital Care, Barna Art, Bardinet, Galeries d\u2019Art de Catalunya, Dincat, El Museu del FC Barcelona, Fundaci\u00f3 \u201cla Caixa\u201d, La Casa de Carlota, Pinturas MIR, Diputaci\u00f3 de Barcelona, Ajuntament d\u2019Aviny\u00f3, Art &amp; Gavarres, Cal Gras, Escola Barnola, Escola \u00cdtaca de Manresa, Pintures Lepanto, Xocolates Torras, Ciment Molins, Montana Colors, B-MURALS Centre d\u2019Art Urb\u00e0, Difusor, Escola d\u2019Art d\u2019Olot y la Universitat de Girona.<\/p>\n","protected":false},"excerpt":{"rendered":"<p>Durante 2022, se ha podido demostrar que hacer visibles estas realidades, a trav\u00e9s de la cultura y sus manifestaciones art\u00edsticas, hace que se siga promoviendo una sociedad m\u00e1s justa e inclusiva.<\/p>\n","protected":false},"author":1,"featured_media":33109,"comment_status":"closed","ping_status":"closed","sticky":false,"template":"","format":"standard","meta":{"footnotes":""},"categories":[1352,1355,1353,1350,1349],"tags":[],"class_list":["post-33130","post","type-post","status-publish","format-standard","has-post-thumbnail","hentry","category-magistrales-es","category-naturaleza-es-cultura","category-premio-setba-es","category-traspasando-el-objetivo-es","category-traspasando-muros-es"],"_links":{"self":[{"href":"https:\/\/fundaciosetba.org\/es\/wp-json\/wp\/v2\/posts\/33130","targetHints":{"allow":["GET"]}}],"collection":[{"href":"https:\/\/fundaciosetba.org\/es\/wp-json\/wp\/v2\/posts"}],"about":[{"href":"https:\/\/fundaciosetba.org\/es\/wp-json\/wp\/v2\/types\/post"}],"author":[{"embeddable":true,"href":"https:\/\/fundaciosetba.org\/es\/wp-json\/wp\/v2\/users\/1"}],"replies":[{"embeddable":true,"href":"https:\/\/fundaciosetba.org\/es\/wp-json\/wp\/v2\/comments?post=33130"}],"version-history":[{"count":2,"href":"https:\/\/fundaciosetba.org\/es\/wp-json\/wp\/v2\/posts\/33130\/revisions"}],"predecessor-version":[{"id":33169,"href":"https:\/\/fundaciosetba.org\/es\/wp-json\/wp\/v2\/posts\/33130\/revisions\/33169"}],"wp:featuredmedia":[{"embeddable":true,"href":"https:\/\/fundaciosetba.org\/es\/wp-json\/wp\/v2\/media\/33109"}],"wp:attachment":[{"href":"https:\/\/fundaciosetba.org\/es\/wp-json\/wp\/v2\/media?parent=33130"}],"wp:term":[{"taxonomy":"category","embeddable":true,"href":"https:\/\/fundaciosetba.org\/es\/wp-json\/wp\/v2\/categories?post=33130"},{"taxonomy":"post_tag","embeddable":true,"href":"https:\/\/fundaciosetba.org\/es\/wp-json\/wp\/v2\/tags?post=33130"}],"curies":[{"name":"wp","href":"https:\/\/api.w.org\/{rel}","templated":true}]}}