{"id":33170,"date":"2023-01-11T11:18:21","date_gmt":"2023-01-11T10:18:21","guid":{"rendered":"https:\/\/fundaciosetba.org\/el-fotolibro-brians-mujeres-invisibles-ya-ha-vendido-el-52-de-sus-ejemplares\/"},"modified":"2023-01-11T11:33:00","modified_gmt":"2023-01-11T10:33:00","slug":"el-fotolibro-brians-mujeres-invisibles-ya-ha-vendido-el-52-de-sus-ejemplares","status":"publish","type":"post","link":"https:\/\/fundaciosetba.org\/es\/el-fotolibro-brians-mujeres-invisibles-ya-ha-vendido-el-52-de-sus-ejemplares\/","title":{"rendered":"El fotolibro &#8216;Brians. Mujeres invisibles&#8217; ya ha vendido el 52% de sus ejemplares"},"content":{"rendered":"<p><em>Brians. Mujeres invisibles<\/em> es un fotolibro editado por Lum\u00ednic y el resultado del proyecto fotogr\u00e1fico <em>Traspasando el objetivo<\/em> , dirigido por la artista y activista Marta F\u00e0bregas y organizado por la Fundaci\u00f3n Setba en el m\u00f3dulo de mujeres del Centro Penitenciario Brians 1. En 2021, <em>Traspasando el objetivo<\/em> fue seleccionado por la convocatoria Impulsa cultura de la Fundaci\u00f3 Catalunya Cultura y recibi\u00f3 una menci\u00f3n especial por parte de los miembros del jurado.<\/p>\n<p>\u00abPoder participar y ser parte de la comunidad impulsa cultura de la Fundaci\u00f3 Catalunya Cultura es para nosotros todo un honor y un sello de calidad. <strong>El programa IMPULSA CULTURA nos ayud\u00f3 a poner en marcha actividades que nos est\u00e1n generando recursos, como la edici\u00f3n del fotolibro y la actividad de team building para empresas, inspirada en el proyecto <em>Traspasando el objetivo<\/em><\/strong>. Adem\u00e1s, hemos conocido a otros profesionales y entidades, que, como nosotros, creen que la cultura transforma. En 2023, colaboraremos con el Festival Gargar, Premio Impulsa Cultura 2020. Esto es construir una red de contactos, concepto en el que insiste mucho y, con raz\u00f3n, la Fundaci\u00f3 Catalunya Cultura.\u00bb Cristina Sampere, directora de la Fundaci\u00f3n Setba<\/p>\n<p>Durante 2022, el fotolibro se ha presentado en ocho espacios culturales y ha contado con el apoyo de las periodistas de La Vanguardia Carina Farreras y S\u00f2nia Hern\u00e1ndez, del director de la galer\u00eda de arte Pigment Gallery Ferran Josa y de la exconsejera de Trabajo , Asuntos sociales y Familias Dolors Bassa.<\/p>\n<p>Actualmente, <strong>el fotolibro cuenta con el 52% de sus ejemplares vendidos<\/strong> . Brians. Mujeres invisibles incluye, aparte de los retratos de las propias internas y de la directora art\u00edstica, fotograf\u00edas del espacio de la fot\u00f3grafa Laura G\u00e1lvez-Rhein y dos reportajes muy especiales: uno de Camila Oliveira, actualmente en tercer grado, y el otro de Sof\u00eda Kyprisli, ya en libertad y que tuvo a la fotoperiodista a Sandra Balsells como mentora.<\/p>\n<p>\u00ab <strong><em>Traspasando el objetivo<\/em> es una declaraci\u00f3n de principios.<\/strong> Las mujeres son las grandes olvidadas del sistema penitenciario, ya que s\u00f3lo representan al 6% de la poblaci\u00f3n reclusa, disponiendo de menos instalaciones y recursos que los hombres. Uno de los objetivos de la Fundaci\u00f3 Setba es visibilizar el colectivo con el que trabajamos. Es por eso que durante marzo de 2023 <strong>presentaremos el fotolibro en la Llibreria Cultural Blanquerna de Madrid e inauguraremos una exposici\u00f3n en el Palau Robert de Barcelona que se llamar\u00e1 <em>Dones invisibles<\/em><\/strong> \u00bb, Cristina Sampere.<\/p>\n<div class=\"w-gallery fit_cover wp_gallery type_grid action_popup_image ratio_1x1 count_6\" style=\"--columns:3;--items-gap:8px;\"><div class=\"w-gallery-list\"><div class=\"w-gallery-item\"><div class=\"w-gallery-item-img\"><img loading=\"lazy\" decoding=\"async\" width=\"300\" height=\"300\" src=\"https:\/\/fundaciosetba.org\/wp-content\/uploads\/2023\/01\/Lafotografica_43B5777-300x300.jpg\" class=\"attachment-woocommerce_thumbnail size-woocommerce_thumbnail\" alt=\"\" srcset=\"https:\/\/fundaciosetba.org\/wp-content\/uploads\/2023\/01\/Lafotografica_43B5777-300x300.jpg 300w, https:\/\/fundaciosetba.org\/wp-content\/uploads\/2023\/01\/Lafotografica_43B5777-150x150.jpg 150w\" sizes=\"auto, (max-width: 300px) 100vw, 300px\" \/><\/div><div class=\"w-gallery-item-meta\"><div class=\"w-gallery-item-title\">\u00a9 Marta F\u00e0bregas<\/div><\/div><a class=\"w-gallery-item-link\" aria-label=\"\u00a9 Marta F\u00e0bregas\" href=\"https:\/\/fundaciosetba.org\/wp-content\/uploads\/2023\/01\/Lafotografica_43B5777.jpg\" title=\"\u00a9 Marta F\u00e0bregas\"><\/a><\/div><div class=\"w-gallery-item\"><div class=\"w-gallery-item-img\"><img loading=\"lazy\" decoding=\"async\" width=\"300\" height=\"300\" src=\"https:\/\/fundaciosetba.org\/wp-content\/uploads\/2023\/01\/Lafotografica_43B5779-300x300.jpg\" class=\"attachment-woocommerce_thumbnail size-woocommerce_thumbnail\" alt=\"\" srcset=\"https:\/\/fundaciosetba.org\/wp-content\/uploads\/2023\/01\/Lafotografica_43B5779-300x300.jpg 300w, https:\/\/fundaciosetba.org\/wp-content\/uploads\/2023\/01\/Lafotografica_43B5779-150x150.jpg 150w\" sizes=\"auto, (max-width: 300px) 100vw, 300px\" \/><\/div><div class=\"w-gallery-item-meta\"><div class=\"w-gallery-item-title\">\u00a9 Marta F\u00e0bregas<\/div><\/div><a class=\"w-gallery-item-link\" aria-label=\"\u00a9 Marta F\u00e0bregas\" href=\"https:\/\/fundaciosetba.org\/wp-content\/uploads\/2023\/01\/Lafotografica_43B5779.jpg\" title=\"\u00a9 Marta F\u00e0bregas\"><\/a><\/div><div class=\"w-gallery-item\"><div class=\"w-gallery-item-img\"><img loading=\"lazy\" decoding=\"async\" width=\"300\" height=\"300\" src=\"https:\/\/fundaciosetba.org\/wp-content\/uploads\/2023\/01\/Lafotografica_43B5780-300x300.jpg\" class=\"attachment-woocommerce_thumbnail size-woocommerce_thumbnail\" alt=\"\" srcset=\"https:\/\/fundaciosetba.org\/wp-content\/uploads\/2023\/01\/Lafotografica_43B5780-300x300.jpg 300w, https:\/\/fundaciosetba.org\/wp-content\/uploads\/2023\/01\/Lafotografica_43B5780-150x150.jpg 150w\" sizes=\"auto, (max-width: 300px) 100vw, 300px\" \/><\/div><div class=\"w-gallery-item-meta\"><div class=\"w-gallery-item-title\">\u00a9 Marta F\u00e0bregas<\/div><\/div><a class=\"w-gallery-item-link\" aria-label=\"\u00a9 Marta F\u00e0bregas\" href=\"https:\/\/fundaciosetba.org\/wp-content\/uploads\/2023\/01\/Lafotografica_43B5780.jpg\" title=\"\u00a9 Marta F\u00e0bregas\"><\/a><\/div><div class=\"w-gallery-item\"><div class=\"w-gallery-item-img\"><img loading=\"lazy\" decoding=\"async\" width=\"300\" height=\"300\" src=\"https:\/\/fundaciosetba.org\/wp-content\/uploads\/2023\/01\/Lafotografica_43B5783-300x300.jpg\" class=\"attachment-woocommerce_thumbnail size-woocommerce_thumbnail\" alt=\"\" srcset=\"https:\/\/fundaciosetba.org\/wp-content\/uploads\/2023\/01\/Lafotografica_43B5783-300x300.jpg 300w, https:\/\/fundaciosetba.org\/wp-content\/uploads\/2023\/01\/Lafotografica_43B5783-150x150.jpg 150w\" sizes=\"auto, (max-width: 300px) 100vw, 300px\" \/><\/div><div class=\"w-gallery-item-meta\"><div class=\"w-gallery-item-title\">\u00a9 Marta F\u00e0bregas<\/div><\/div><a class=\"w-gallery-item-link\" aria-label=\"\u00a9 Marta F\u00e0bregas\" href=\"https:\/\/fundaciosetba.org\/wp-content\/uploads\/2023\/01\/Lafotografica_43B5783.jpg\" title=\"\u00a9 Marta F\u00e0bregas\"><\/a><\/div><div class=\"w-gallery-item\"><div class=\"w-gallery-item-img\"><img loading=\"lazy\" decoding=\"async\" width=\"300\" height=\"300\" src=\"https:\/\/fundaciosetba.org\/wp-content\/uploads\/2023\/01\/Lafotografica_43B5791-300x300.jpg\" class=\"attachment-woocommerce_thumbnail size-woocommerce_thumbnail\" alt=\"\" srcset=\"https:\/\/fundaciosetba.org\/wp-content\/uploads\/2023\/01\/Lafotografica_43B5791-300x300.jpg 300w, https:\/\/fundaciosetba.org\/wp-content\/uploads\/2023\/01\/Lafotografica_43B5791-150x150.jpg 150w\" sizes=\"auto, (max-width: 300px) 100vw, 300px\" \/><\/div><div class=\"w-gallery-item-meta\"><div class=\"w-gallery-item-title\">\u00a9 Marta F\u00e0bregas<\/div><\/div><a class=\"w-gallery-item-link\" aria-label=\"\u00a9 Marta F\u00e0bregas\" href=\"https:\/\/fundaciosetba.org\/wp-content\/uploads\/2023\/01\/Lafotografica_43B5791.jpg\" title=\"\u00a9 Marta F\u00e0bregas\"><\/a><\/div><div class=\"w-gallery-item\"><div class=\"w-gallery-item-img\"><img loading=\"lazy\" decoding=\"async\" width=\"300\" height=\"300\" src=\"https:\/\/fundaciosetba.org\/wp-content\/uploads\/2023\/01\/Lafotografica_43B5801-300x300.jpg\" class=\"attachment-woocommerce_thumbnail size-woocommerce_thumbnail\" alt=\"\" srcset=\"https:\/\/fundaciosetba.org\/wp-content\/uploads\/2023\/01\/Lafotografica_43B5801-300x300.jpg 300w, https:\/\/fundaciosetba.org\/wp-content\/uploads\/2023\/01\/Lafotografica_43B5801-150x150.jpg 150w\" sizes=\"auto, (max-width: 300px) 100vw, 300px\" \/><\/div><div class=\"w-gallery-item-meta\"><div class=\"w-gallery-item-title\">\u00a9 Marta F\u00e0bregas<\/div><\/div><a class=\"w-gallery-item-link\" aria-label=\"\u00a9 Marta F\u00e0bregas\" href=\"https:\/\/fundaciosetba.org\/wp-content\/uploads\/2023\/01\/Lafotografica_43B5801.jpg\" title=\"\u00a9 Marta F\u00e0bregas\"><\/a><\/div><\/div><\/div>\n","protected":false},"excerpt":{"rendered":"<p>El fotolibro Brians. Mujeres invisibles del proyecto Traspasando el objetivo, seleccionado en la comunidad impulsa cultura 2021, vende el 52% de sus ejemplares<\/p>\n","protected":false},"author":1,"featured_media":33145,"comment_status":"closed","ping_status":"closed","sticky":false,"template":"","format":"standard","meta":{"footnotes":""},"categories":[1350],"tags":[],"class_list":["post-33170","post","type-post","status-publish","format-standard","has-post-thumbnail","hentry","category-traspasando-el-objetivo-es"],"_links":{"self":[{"href":"https:\/\/fundaciosetba.org\/es\/wp-json\/wp\/v2\/posts\/33170","targetHints":{"allow":["GET"]}}],"collection":[{"href":"https:\/\/fundaciosetba.org\/es\/wp-json\/wp\/v2\/posts"}],"about":[{"href":"https:\/\/fundaciosetba.org\/es\/wp-json\/wp\/v2\/types\/post"}],"author":[{"embeddable":true,"href":"https:\/\/fundaciosetba.org\/es\/wp-json\/wp\/v2\/users\/1"}],"replies":[{"embeddable":true,"href":"https:\/\/fundaciosetba.org\/es\/wp-json\/wp\/v2\/comments?post=33170"}],"version-history":[{"count":1,"href":"https:\/\/fundaciosetba.org\/es\/wp-json\/wp\/v2\/posts\/33170\/revisions"}],"predecessor-version":[{"id":33171,"href":"https:\/\/fundaciosetba.org\/es\/wp-json\/wp\/v2\/posts\/33170\/revisions\/33171"}],"wp:featuredmedia":[{"embeddable":true,"href":"https:\/\/fundaciosetba.org\/es\/wp-json\/wp\/v2\/media\/33145"}],"wp:attachment":[{"href":"https:\/\/fundaciosetba.org\/es\/wp-json\/wp\/v2\/media?parent=33170"}],"wp:term":[{"taxonomy":"category","embeddable":true,"href":"https:\/\/fundaciosetba.org\/es\/wp-json\/wp\/v2\/categories?post=33170"},{"taxonomy":"post_tag","embeddable":true,"href":"https:\/\/fundaciosetba.org\/es\/wp-json\/wp\/v2\/tags?post=33170"}],"curies":[{"name":"wp","href":"https:\/\/api.w.org\/{rel}","templated":true}]}}