{"id":33246,"date":"2023-01-26T12:10:20","date_gmt":"2023-01-26T11:10:20","guid":{"rendered":"https:\/\/fundaciosetba.org\/ibrahim-kebe-y-sanjosex-visitan-el-centro-de-justicia-juvenil-de-montilivi\/"},"modified":"2023-02-03T09:43:00","modified_gmt":"2023-02-03T08:43:00","slug":"ibrahim-kebe-y-sanjosex-visitan-el-centro-de-justicia-juvenil-de-montilivi","status":"publish","type":"post","link":"https:\/\/fundaciosetba.org\/es\/ibrahim-kebe-y-sanjosex-visitan-el-centro-de-justicia-juvenil-de-montilivi\/","title":{"rendered":"Ibrahim K\u00e9b\u00e9 y Sanjosex visitan el centro de justicia juvenil de Montilivi"},"content":{"rendered":"<p>El proyecto art\u00edstico <em>Traspasando muros<\/em> pretende <strong>desestigmatizar a los j\u00f3venes internos que conviven en centros de justicia y hacer visible su realidad.<\/strong> En la edici\u00f3n de 2022, los j\u00f3venes del Centro Educativo de Justicia Juvenil de Montilivi (Girona) realizaron una obra de arte comunitaria bajo la direcci\u00f3n del artista Eduard Sacrest, conocido por su nombre art\u00edstico RICE.<\/p>\n<p>El futbolista del F\u00fatbol Club Girona Ibrahim K\u00e9b\u00e9, el m\u00fasico y arquitecto Sanjosex, la jugadora de waterpolo Jennifer Pareja, el emprendedor y activista social Mohamed El Amrani y la jefa de cocina del restaurante Les Cols de Olot Martina Puigvert son los cinco personajes que se representaron en uno de los muros interiores del centro. <strong>Todos ellos ten\u00edan en com\u00fan que eran referentes a nivel local en sus profesiones y personas de las comarcas gerundenses con historias de superaci\u00f3n y de empoderamiento detr\u00e1s.<\/strong><\/p>\n<div class=\"w-gallery fit_cover wp_gallery type_grid action_popup_image ratio_auto count_1\" style=\"--columns:1;--items-gap:0px;\"><div class=\"w-gallery-list\"><div class=\"w-gallery-item\"><div class=\"w-gallery-item-img\"><img loading=\"lazy\" decoding=\"async\" width=\"1024\" height=\"683\" src=\"https:\/\/fundaciosetba.org\/wp-content\/uploads\/2023\/01\/IMG_8600-1024x683.png\" class=\"attachment-large size-large\" alt=\"\" srcset=\"https:\/\/fundaciosetba.org\/wp-content\/uploads\/2023\/01\/IMG_8600-1024x683.png 1024w, https:\/\/fundaciosetba.org\/wp-content\/uploads\/2023\/01\/IMG_8600-300x200.png 300w, https:\/\/fundaciosetba.org\/wp-content\/uploads\/2023\/01\/IMG_8600-150x100.png 150w, https:\/\/fundaciosetba.org\/wp-content\/uploads\/2023\/01\/IMG_8600-600x400.png 600w, https:\/\/fundaciosetba.org\/wp-content\/uploads\/2023\/01\/IMG_8600.png 1920w\" sizes=\"auto, (max-width: 1024px) 100vw, 1024px\" \/><\/div><div class=\"w-gallery-item-meta\"><div class=\"w-gallery-item-title\">\u00a9 Carles Rodr\u00edguez<\/div><\/div><a class=\"w-gallery-item-link\" aria-label=\"\u00a9 Carles Rodr\u00edguez\" href=\"https:\/\/fundaciosetba.org\/wp-content\/uploads\/2023\/01\/IMG_8600.png\" title=\"\u00a9 Carles Rodr\u00edguez\"><\/a><\/div><\/div><\/div>\n<p>Despu\u00e9s de que algunos de los protagonistas como Martina Puigvert y Mohamed El Amrani asistieran al acto de clausura del proyecto el pasado mes de junio, <strong>este 24 de enero, Ibrahim K\u00e9b\u00e9 ha visitado a los j\u00f3venes internos en el centro para contarles en primera persona su historia ya animarles a tener sue\u00f1os, a luchar por lo que quieren conseguir ya no perder la ilusi\u00f3n<\/strong>. \u00abEl mural me ha sorprendido bastante y estoy orgulloso de que hayan pensado en mi para hacerlo. Creo que les he aportado un poco de fuerza mental y ellos a m\u00ed\u00bb, dijo el jugador.<\/p>\n<p>Nacido en Mali, Ibrahim tiene 22 a\u00f1os y so\u00f1aba con ser futbolista profesional. Esta motivaci\u00f3n le empuj\u00f3 a dejar a la familia para venir solo a Catalu\u00f1a, donde logr\u00f3 firmar un contrato con el F\u00fatbol Club Girona. Su historia es la de un adolescente que <strong>luch\u00f3 por un sue\u00f1o en un camino lleno de obst\u00e1culos y dificultades, pero tambi\u00e9n con momentos y experiencias gratificantes.<\/strong><\/p>\n<div class=\"w-gallery fit_cover wp_gallery type_grid action_popup_image ratio_auto count_1\" style=\"--columns:1;--items-gap:0px;\"><div class=\"w-gallery-list\"><div class=\"w-gallery-item\"><div class=\"w-gallery-item-img\"><img loading=\"lazy\" decoding=\"async\" width=\"1024\" height=\"768\" src=\"https:\/\/fundaciosetba.org\/wp-content\/uploads\/2023\/01\/Imatge-destacada-web_2023_04-1024x768.png\" class=\"attachment-large size-large\" alt=\"\" srcset=\"https:\/\/fundaciosetba.org\/wp-content\/uploads\/2023\/01\/Imatge-destacada-web_2023_04-1024x768.png 1024w, https:\/\/fundaciosetba.org\/wp-content\/uploads\/2023\/01\/Imatge-destacada-web_2023_04-300x225.png 300w, https:\/\/fundaciosetba.org\/wp-content\/uploads\/2023\/01\/Imatge-destacada-web_2023_04-133x100.png 133w, https:\/\/fundaciosetba.org\/wp-content\/uploads\/2023\/01\/Imatge-destacada-web_2023_04-533x400.png 533w, https:\/\/fundaciosetba.org\/wp-content\/uploads\/2023\/01\/Imatge-destacada-web_2023_04-600x450.png 600w, https:\/\/fundaciosetba.org\/wp-content\/uploads\/2023\/01\/Imatge-destacada-web_2023_04.png 1200w\" sizes=\"auto, (max-width: 1024px) 100vw, 1024px\" \/><\/div><a class=\"w-gallery-item-link\" aria-label=\"Imatge-destacada-web_2023_04\" href=\"https:\/\/fundaciosetba.org\/wp-content\/uploads\/2023\/01\/Imatge-destacada-web_2023_04.png\" title=\"Imatge-destacada-web_2023_04\"><\/a><\/div><\/div><\/div>\n<p>Por otro lado, <strong>el 12 de enero, Sanjosex, otro de los protagonistas del muro, tambi\u00e9n realiz\u00f3 una visita al muro pintado.<\/strong> \u00abHay mucho trabajo por hacer y espero que sigan activos en el acompa\u00f1amiento de estos j\u00f3venes, que a trav\u00e9s del arte y la expresividad pueden abstraerse de todo lo que les preocupa y dificulta el presente\u00bb, public\u00f3 el m\u00fasico a trav\u00e9s de Twitter. Adem\u00e1s, asistieron Marta Madrenas, alcaldesa de Gerona; la concejala de Derechos Sociales y cooperaci\u00f3n N\u00faria Pi; la directora de la Fundaci\u00f3n Setba Cristina Sampere y distintos representantes del Departamento de Justicia de Catalu\u00f1a.<\/p>\n<div class=\"w-gallery fit_cover wp_gallery type_grid action_popup_image ratio_auto count_1\" style=\"--columns:1;--items-gap:0px;\"><div class=\"w-gallery-list\"><div class=\"w-gallery-item\"><div class=\"w-gallery-item-img\"><img loading=\"lazy\" decoding=\"async\" width=\"1024\" height=\"683\" src=\"https:\/\/fundaciosetba.org\/wp-content\/uploads\/2023\/01\/MG_1307-1024x683.jpg\" class=\"attachment-large size-large\" alt=\"\" srcset=\"https:\/\/fundaciosetba.org\/wp-content\/uploads\/2023\/01\/MG_1307-1024x683.jpg 1024w, https:\/\/fundaciosetba.org\/wp-content\/uploads\/2023\/01\/MG_1307-300x200.jpg 300w, https:\/\/fundaciosetba.org\/wp-content\/uploads\/2023\/01\/MG_1307-150x100.jpg 150w, https:\/\/fundaciosetba.org\/wp-content\/uploads\/2023\/01\/MG_1307-600x400.jpg 600w\" sizes=\"auto, (max-width: 1024px) 100vw, 1024px\" \/><\/div><a class=\"w-gallery-item-link\" aria-label=\"_MG_1307\" href=\"https:\/\/fundaciosetba.org\/wp-content\/uploads\/2023\/01\/MG_1307-scaled.jpg\" title=\"_MG_1307\"><\/a><\/div><\/div><\/div>\n<p>Con el de Girona, ya son tres los centros de justicia juvenil donde hemos desarrollado este proyecto: Can Llupi\u00e0 (Barcelona), donde hicimos las tres primeras ediciones, y Els Til\u00b7lers (Mollet del Vall\u00e8s), el \u00fanico centro de Catalu\u00f1a exclusivo para chicas y donde tambi\u00e9n se encuentra la unidad terap\u00e9utica UTE. <strong>Durante la edici\u00f3n de 2023, <em>Traspasando muros<\/em> se llevar\u00e1 a cabo en el Centro Educativo El Segre, en Ponent.<\/strong><\/p>\n<p>Para conocer m\u00e1s sobre el proyecto, pod\u00e9is ver el v\u00eddeo que hicimos del proceso de esta \u00faltima edici\u00f3n en nuestro canal de Youtube: <a href=\"https:\/\/youtu.be\/PQTCAH-KsbA\">https:\/\/youtu.be\/PQTCAH-KsbA<\/a><\/p>\n<p>&nbsp;<\/p>\n","protected":false},"excerpt":{"rendered":"<p>El futbolista del Girona Ibrahim K\u00e9b\u00e9 y el m\u00fasico Sanjosex, dos protagonistas del mural realizado, visitaron a los j\u00f3venes del centro de justicia juvenil de Montilivi en el marco del proyecto Traspasando muros.<\/p>\n","protected":false},"author":1,"featured_media":33240,"comment_status":"closed","ping_status":"closed","sticky":false,"template":"","format":"standard","meta":{"footnotes":""},"categories":[1349],"tags":[],"class_list":["post-33246","post","type-post","status-publish","format-standard","has-post-thumbnail","hentry","category-traspasando-muros-es"],"_links":{"self":[{"href":"https:\/\/fundaciosetba.org\/es\/wp-json\/wp\/v2\/posts\/33246","targetHints":{"allow":["GET"]}}],"collection":[{"href":"https:\/\/fundaciosetba.org\/es\/wp-json\/wp\/v2\/posts"}],"about":[{"href":"https:\/\/fundaciosetba.org\/es\/wp-json\/wp\/v2\/types\/post"}],"author":[{"embeddable":true,"href":"https:\/\/fundaciosetba.org\/es\/wp-json\/wp\/v2\/users\/1"}],"replies":[{"embeddable":true,"href":"https:\/\/fundaciosetba.org\/es\/wp-json\/wp\/v2\/comments?post=33246"}],"version-history":[{"count":3,"href":"https:\/\/fundaciosetba.org\/es\/wp-json\/wp\/v2\/posts\/33246\/revisions"}],"predecessor-version":[{"id":33280,"href":"https:\/\/fundaciosetba.org\/es\/wp-json\/wp\/v2\/posts\/33246\/revisions\/33280"}],"wp:featuredmedia":[{"embeddable":true,"href":"https:\/\/fundaciosetba.org\/es\/wp-json\/wp\/v2\/media\/33240"}],"wp:attachment":[{"href":"https:\/\/fundaciosetba.org\/es\/wp-json\/wp\/v2\/media?parent=33246"}],"wp:term":[{"taxonomy":"category","embeddable":true,"href":"https:\/\/fundaciosetba.org\/es\/wp-json\/wp\/v2\/categories?post=33246"},{"taxonomy":"post_tag","embeddable":true,"href":"https:\/\/fundaciosetba.org\/es\/wp-json\/wp\/v2\/tags?post=33246"}],"curies":[{"name":"wp","href":"https:\/\/api.w.org\/{rel}","templated":true}]}}