{"id":33257,"date":"2023-02-02T12:43:29","date_gmt":"2023-02-02T11:43:29","guid":{"rendered":"https:\/\/fundaciosetba.org\/magistrales-inicia-las-sesiones-presenciales-con-la-ilustradora-laura-klamburg\/"},"modified":"2023-02-02T13:17:11","modified_gmt":"2023-02-02T12:17:11","slug":"magistrales-inicia-las-sesiones-presenciales-con-la-ilustradora-laura-klamburg","status":"publish","type":"post","link":"https:\/\/fundaciosetba.org\/es\/magistrales-inicia-las-sesiones-presenciales-con-la-ilustradora-laura-klamburg\/","title":{"rendered":"Magistrales inicia las sesiones presenciales con la ilustradora Laura Klamburg"},"content":{"rendered":"<p>El <strong>proyecto art\u00edstico <em>Magistrales<\/em> comienza la segunda edici\u00f3n con la formaci\u00f3n en formato presencial por parte de la ilustradora y dise\u00f1adora Laura Klamburg<\/strong> que cuenta con novedades respecto a la edici\u00f3n anterior.<\/p>\n<p>Este a\u00f1o, las sesiones presenciales se llevan a cabo durante <strong>el mes de febrero y el mes de mayo de 2023<\/strong> y se realizar\u00e1n en <strong>cinco centros c\u00edvicos de Barcelona ubicados en los diferentes distritos<\/strong> de la ciudad. Los centros c\u00edvicos han sido escogidos teniendo en cuenta aquellos que disponen de un espacio adecuado para realizar un taller de arte y una sala de exposiciones. Con el objetivo de acercar el arte a los barrios, cada centro c\u00edvico acoger\u00e1 a varias entidades de su mismo distrito para realizar las dos sesiones. La elecci\u00f3n de las entidades se ha basado en aquellas inscritas en Dincat y en las reuniones con las referentes del Instituto Municipal de Personas con Discapacidad de cada distrito. <strong>En total, recibir\u00e1n la formaci\u00f3n 18 entidades, 73 usuarios de estas y 21 educadores que les acompa\u00f1ar\u00e1n.<\/strong><\/p>\n<p>El proyecto se iniciar\u00e1 en el centro c\u00edvico Pati Llimona de Ciutat Vella el viernes 3 de febrero donde participar\u00e1n las entidades Taller Sant Jordi, Fundaci\u00f3n TEB y Residencia Vigatans. El 9 de febrero se realizar\u00e1 la segunda sesi\u00f3n en la Casa Elizalde del Eixample con la Fundaci\u00f3n Friends, la Fundaci\u00f3n Privada Hospitalitat y el Centro Ocupacional Condal. La tercera formaci\u00f3n ser\u00e1 el 14 de febrero en la Casa del Rellotge (Sants \u2013 Montju\u00efc) con la Asociaci\u00f3n Esclat, la Fundaci\u00f3n Artes\u00e0, la Fundaci\u00f3n Sant Pere Claver y la Fundaci\u00f3n Cares. El 22 de febrero se llevar\u00e1 a cabo la cuarta sesi\u00f3n en el centro c\u00edvico J.M. Trias de Peitx de Les Corts con el Taller Ocupacional Ariadna, el Pretallers Sant Josep, la Fundaci\u00f3n Paideia y la FCSD. La \u00faltima formaci\u00f3n ser\u00e1 en Vil\u00b7la Ur\u00e0nia (Sant Gervasi) el 28 de febrero con la Fundaci\u00f3n Estimia y la Fundaci\u00f3n Teas y el 1 de marzo con la Residencia Mas Saur\u00f3 y el Centro Pedralbes.<\/p>\n<p>Con <em>Magistrales<\/em>, <strong>buscamos profesionalizar los talleres de arte de las entidades, a la vez que despertar el inter\u00e9s en recibir formaci\u00f3n art\u00edstica por parte de los educadores, que necesitan herramientas para detectar el talento<\/strong>. Los profesionales de los centros afirman que esperan incorporar nuevas sugerencias, metodolog\u00edas y recursos, aprender t\u00e9cnicas b\u00e1sicas, adquirir conocimientos para aplicarlos en sus talleres de arte y trabajar la expresi\u00f3n de las emociones a trav\u00e9s de la pintura. Adem\u00e1s, la mayor\u00eda de estas entidades no disponen de un espacio espec\u00edfico para realizar talleres de arte.<\/p>\n<p><strong>La encargada de llevar a cabo las sesiones ser\u00e1 Laura Klamburg, que en 2022 realiz\u00f3 la <a href=\"https:\/\/www.youtube.com\/watch?v=iLpmaRvfz18\">c\u00e1psula audiovisual \u201cColores y emociones\u201d<\/a>, disponible en nuestro canal de Youtube.<\/strong> Ella es dise\u00f1adora gr\u00e1fica e ilustradora de Barcelona. Estudi\u00f3 dise\u00f1o gr\u00e1fico en la escuela Eina donde tuvo de maestros a los grandes profesionales de los 80 y trabaj\u00f3 durante 11 a\u00f1os entre Nueva York, Los \u00c1ngeles y Toronto, donde se especializ\u00f3 en direcci\u00f3n de arte y dise\u00f1o editorial. Durante esa \u00e9poca gan\u00f3 una beca de la Generalitat de Catalunya para estudios en el extranjero y un Creativity88 Award como Associate Art Director. Ha colaborado y es autora de varios libros ilustrados, publicados por editoriales como RBA, Edeb\u00e9, Random House Mondadori y Edicions Bellaterra. <strong>Tambi\u00e9n, durante el 2023, se realizar\u00e1 una nueva c\u00e1psula de v\u00eddeo formativa a cargo de la fot\u00f3grafa y activista Marta F\u00e0bregas, que ense\u00f1ar\u00e1 a los participantes la t\u00e9cnica del collage<\/strong>.<\/p>\n<p>Este proyecto recibe el patrocinio Capital Care, Bizcabar Servicios Inmobiliarios y Ayuntamiento de Barcelona y la colaboraci\u00f3n de Barna Art y Dincat.<\/p>\n<p>&nbsp;<\/p>\n<p>&nbsp;<\/p>\n","protected":false},"excerpt":{"rendered":"<p>Magistrales comienza la segunda edici\u00f3n con la formaci\u00f3n en formato presencial por parte de la ilustradora y dise\u00f1adora Laura Klamburg en cinco centro c\u00edvicos de Barcelona.<\/p>\n","protected":false},"author":1,"featured_media":33267,"comment_status":"closed","ping_status":"closed","sticky":false,"template":"","format":"standard","meta":{"footnotes":""},"categories":[1352],"tags":[],"class_list":["post-33257","post","type-post","status-publish","format-standard","has-post-thumbnail","hentry","category-magistrales-es"],"_links":{"self":[{"href":"https:\/\/fundaciosetba.org\/es\/wp-json\/wp\/v2\/posts\/33257","targetHints":{"allow":["GET"]}}],"collection":[{"href":"https:\/\/fundaciosetba.org\/es\/wp-json\/wp\/v2\/posts"}],"about":[{"href":"https:\/\/fundaciosetba.org\/es\/wp-json\/wp\/v2\/types\/post"}],"author":[{"embeddable":true,"href":"https:\/\/fundaciosetba.org\/es\/wp-json\/wp\/v2\/users\/1"}],"replies":[{"embeddable":true,"href":"https:\/\/fundaciosetba.org\/es\/wp-json\/wp\/v2\/comments?post=33257"}],"version-history":[{"count":1,"href":"https:\/\/fundaciosetba.org\/es\/wp-json\/wp\/v2\/posts\/33257\/revisions"}],"predecessor-version":[{"id":33258,"href":"https:\/\/fundaciosetba.org\/es\/wp-json\/wp\/v2\/posts\/33257\/revisions\/33258"}],"wp:featuredmedia":[{"embeddable":true,"href":"https:\/\/fundaciosetba.org\/es\/wp-json\/wp\/v2\/media\/33267"}],"wp:attachment":[{"href":"https:\/\/fundaciosetba.org\/es\/wp-json\/wp\/v2\/media?parent=33257"}],"wp:term":[{"taxonomy":"category","embeddable":true,"href":"https:\/\/fundaciosetba.org\/es\/wp-json\/wp\/v2\/categories?post=33257"},{"taxonomy":"post_tag","embeddable":true,"href":"https:\/\/fundaciosetba.org\/es\/wp-json\/wp\/v2\/tags?post=33257"}],"curies":[{"name":"wp","href":"https:\/\/api.w.org\/{rel}","templated":true}]}}