{"id":33310,"date":"2023-02-15T12:50:51","date_gmt":"2023-02-15T11:50:51","guid":{"rendered":"https:\/\/fundaciosetba.org\/la-fundacion-setba-visita-la-fundacion-ampans-y-la-escuela-itaca-de-manresa\/"},"modified":"2023-02-17T10:09:41","modified_gmt":"2023-02-17T09:09:41","slug":"la-fundacion-setba-visita-la-fundacion-ampans-y-la-escuela-itaca-de-manresa","status":"publish","type":"post","link":"https:\/\/fundaciosetba.org\/es\/la-fundacion-setba-visita-la-fundacion-ampans-y-la-escuela-itaca-de-manresa\/","title":{"rendered":"La Fundaci\u00f3n Setba visita la Fundaci\u00f3n Ampans y la escuela \u00cdtaca de Manresa"},"content":{"rendered":"<p>En el marco del proyecto de respiro <em>Natura es cultura<\/em>, dentro de la actividad correspondencia art\u00edstica, el pasado 7 de febrero el equipo de la Fundaci\u00f3n Setba se desplaz\u00f3 hasta Manresa para <strong>visitar el taller de arte de la Fundaci\u00f3n Ampans y para llevar las cartas a los alumnos de sexto de primaria de la escuela \u00cdtaca. Estas cartas fueron escritas por los usuarios de las entidades de salud mental, que participaron en la edici\u00f3n de 2022 del proyecto.<\/strong><\/p>\n<p>La finalidad de esta tarea es la de dar continuidad a las estancias que realizaron tres entidades en la residencia de artistas Cal Gras (Aviny\u00f3) durante septiembre de 2022. En total, participaron 28 usuarios en el taller de la Fundaci\u00f3n Drissa (Girona), Fundaci\u00f3n Ampans (Manresa) y la Fundaci\u00f3n CPB \u2013 Dr. F\u00e1bregas (Barcelona).<\/p>\n<p><img loading=\"lazy\" decoding=\"async\" class=\"aligncenter wp-image-33321 size-us_600_400\" src=\"https:\/\/fundaciosetba.org\/wp-content\/uploads\/2023\/02\/WhatsApp-Image-2023-02-07-at-12.29.45-300x400.jpeg\" alt=\"\" width=\"300\" height=\"400\" srcset=\"https:\/\/fundaciosetba.org\/wp-content\/uploads\/2023\/02\/WhatsApp-Image-2023-02-07-at-12.29.45-300x400.jpeg 300w, https:\/\/fundaciosetba.org\/wp-content\/uploads\/2023\/02\/WhatsApp-Image-2023-02-07-at-12.29.45-225x300.jpeg 225w, https:\/\/fundaciosetba.org\/wp-content\/uploads\/2023\/02\/WhatsApp-Image-2023-02-07-at-12.29.45-768x1024.jpeg 768w, https:\/\/fundaciosetba.org\/wp-content\/uploads\/2023\/02\/WhatsApp-Image-2023-02-07-at-12.29.45-75x100.jpeg 75w, https:\/\/fundaciosetba.org\/wp-content\/uploads\/2023\/02\/WhatsApp-Image-2023-02-07-at-12.29.45-600x800.jpeg 600w, https:\/\/fundaciosetba.org\/wp-content\/uploads\/2023\/02\/WhatsApp-Image-2023-02-07-at-12.29.45.jpeg 1536w\" sizes=\"auto, (max-width: 300px) 100vw, 300px\" \/><\/p>\n<p>La Fundaci\u00f3n Ampans nos mostr\u00f3 d\u00f3nde desarrollan su <strong>taller de arte inclusivo llamado \u201cL&#8217;Art de Viure\u201d que pretende proporcionar a sus usuarios las ayudas necesarias para descubrir y desarrollar su talento art\u00edstico, potenciarlo y ponerlo en valor dentro de la sociedad.<\/strong> Pudimos ver su sala de exposiciones y nos ense\u00f1aron qu\u00e9 trabajan en su taller de expresi\u00f3n art\u00edstica donde pintan algunos de los finalistas de las \u00faltimas ediciones del Premio Setba y el ganador del Premio Setba 2022, Daniel Temporal. Con estas actividades <strong>buscan favorecer la autonom\u00eda, la creatividad y la capacidad de expresi\u00f3n de estas personas.<\/strong><\/p>\n<p>Tambi\u00e9n, nos ense\u00f1aron el espacio de carpinter\u00eda donde se estaban puliendo y barnizando los troncos con los que la Fundaci\u00f3n Ampans hab\u00eda hecho la instalaci\u00f3n art\u00edstica \u201cCaminants\u201d en el Festival de Land Art \u201cArt &amp; Gavarres\u201d con el objetivo de conservarlos adecuadamente. Adem\u00e1s, <strong>se est\u00e1 preparando una exposici\u00f3n de estos troncos conjuntamente con los troncos pintados por los participantes del <em>Natura es cultura<\/em> y por los alumnos de sexto de la escuela \u00cdtaca.<\/strong> Por otro lado, se quiere que los alumnos puedan visitar la exposici\u00f3n con el fin de destigmatizar al colectivo, dar a conocer el proyecto y dar un valor al trabajo que realiza Ampans.<\/p>\n<div class=\"w-gallery fit_cover wp_gallery type_grid action_popup_image ratio_auto count_1\" style=\"--columns:1;--items-gap:8px;\"><div class=\"w-gallery-list\"><div class=\"w-gallery-item\"><div class=\"w-gallery-item-img\"><img loading=\"lazy\" decoding=\"async\" width=\"400\" height=\"400\" src=\"https:\/\/fundaciosetba.org\/wp-content\/uploads\/2023\/02\/WhatsApp-Image-2023-02-15-at-13.29.41-2-400x400.jpeg\" class=\"attachment-us_600_400 size-us_600_400\" alt=\"\" srcset=\"https:\/\/fundaciosetba.org\/wp-content\/uploads\/2023\/02\/WhatsApp-Image-2023-02-15-at-13.29.41-2-400x400.jpeg 400w, https:\/\/fundaciosetba.org\/wp-content\/uploads\/2023\/02\/WhatsApp-Image-2023-02-15-at-13.29.41-2-300x300.jpeg 300w, https:\/\/fundaciosetba.org\/wp-content\/uploads\/2023\/02\/WhatsApp-Image-2023-02-15-at-13.29.41-2-1024x1024.jpeg 1024w, https:\/\/fundaciosetba.org\/wp-content\/uploads\/2023\/02\/WhatsApp-Image-2023-02-15-at-13.29.41-2-150x150.jpeg 150w, https:\/\/fundaciosetba.org\/wp-content\/uploads\/2023\/02\/WhatsApp-Image-2023-02-15-at-13.29.41-2-100x100.jpeg 100w, https:\/\/fundaciosetba.org\/wp-content\/uploads\/2023\/02\/WhatsApp-Image-2023-02-15-at-13.29.41-2-600x600.jpeg 600w, https:\/\/fundaciosetba.org\/wp-content\/uploads\/2023\/02\/WhatsApp-Image-2023-02-15-at-13.29.41-2.jpeg 1496w\" sizes=\"auto, (max-width: 400px) 100vw, 400px\" \/><\/div><a class=\"w-gallery-item-link\" aria-label=\"WhatsApp Image 2023-02-15 at 13.29.41\" href=\"https:\/\/fundaciosetba.org\/wp-content\/uploads\/2023\/02\/WhatsApp-Image-2023-02-15-at-13.29.41-2.jpeg\" title=\"WhatsApp Image 2023-02-15 at 13.29.41\"><\/a><\/div><\/div><\/div>\n<p>Durante la estancia en Cal Gras, <strong>los usuarios pintaron medio tronzo que fue terminado por los alumnos de sexto de primaria, completando el otro lado inspir\u00e1ndose en lo que ya estaba representado en la otra mitad<\/strong>. Cuando terminaron la actividad, los ni\u00f1os escribieron una carta hacia una persona desconocida en la que explicaban qu\u00e9 les hab\u00eda parecido los troncos y las cartas fueron enviadas a las entidades. En el transcurso de la visita a la escuela, el equipo de la Fundaci\u00f3n Setba devolvimos contestadas las cartas que los ni\u00f1os hab\u00edan enviado a los usuarios previamente y les ense\u00f1amos el v\u00eddeo resumen de la pasada edici\u00f3n del <em>Natura es cultura.<\/em> Los alumnos quedaron contentos con el resultado y las respuestas de las cartas y el profesorado nos comunicaron que les gustar\u00eda seguir colaborando en este proyecto.<\/p>\n<div class=\"w-gallery fit_cover wp_gallery type_grid action_popup_image ratio_1x1 count_2\" style=\"--columns:2;--items-gap:8px;\"><div class=\"w-gallery-list\"><div class=\"w-gallery-item\"><div class=\"w-gallery-item-img\"><img loading=\"lazy\" decoding=\"async\" width=\"300\" height=\"400\" src=\"https:\/\/fundaciosetba.org\/wp-content\/uploads\/2023\/02\/Ampans-Cartes-3-300x400.jpg\" class=\"attachment-us_600_400 size-us_600_400\" alt=\"\" srcset=\"https:\/\/fundaciosetba.org\/wp-content\/uploads\/2023\/02\/Ampans-Cartes-3-300x400.jpg 300w, https:\/\/fundaciosetba.org\/wp-content\/uploads\/2023\/02\/Ampans-Cartes-3-225x300.jpg 225w, https:\/\/fundaciosetba.org\/wp-content\/uploads\/2023\/02\/Ampans-Cartes-3-75x100.jpg 75w, https:\/\/fundaciosetba.org\/wp-content\/uploads\/2023\/02\/Ampans-Cartes-3-600x800.jpg 600w, https:\/\/fundaciosetba.org\/wp-content\/uploads\/2023\/02\/Ampans-Cartes-3.jpg 768w\" sizes=\"auto, (max-width: 300px) 100vw, 300px\" \/><\/div><a class=\"w-gallery-item-link\" aria-label=\"Ampans Cartes 3\" href=\"https:\/\/fundaciosetba.org\/wp-content\/uploads\/2023\/02\/Ampans-Cartes-3.jpg\" title=\"Ampans Cartes 3\"><\/a><\/div><div class=\"w-gallery-item\"><div class=\"w-gallery-item-img\"><img loading=\"lazy\" decoding=\"async\" width=\"300\" height=\"400\" src=\"https:\/\/fundaciosetba.org\/wp-content\/uploads\/2023\/02\/Ampans-Cartes-4-300x400.jpg\" class=\"attachment-us_600_400 size-us_600_400\" alt=\"\" srcset=\"https:\/\/fundaciosetba.org\/wp-content\/uploads\/2023\/02\/Ampans-Cartes-4-300x400.jpg 300w, https:\/\/fundaciosetba.org\/wp-content\/uploads\/2023\/02\/Ampans-Cartes-4-225x300.jpg 225w, https:\/\/fundaciosetba.org\/wp-content\/uploads\/2023\/02\/Ampans-Cartes-4-75x100.jpg 75w, https:\/\/fundaciosetba.org\/wp-content\/uploads\/2023\/02\/Ampans-Cartes-4-600x800.jpg 600w, https:\/\/fundaciosetba.org\/wp-content\/uploads\/2023\/02\/Ampans-Cartes-4.jpg 768w\" sizes=\"auto, (max-width: 300px) 100vw, 300px\" \/><\/div><a class=\"w-gallery-item-link\" aria-label=\"Ampans Cartes 4\" href=\"https:\/\/fundaciosetba.org\/wp-content\/uploads\/2023\/02\/Ampans-Cartes-4.jpg\" title=\"Ampans Cartes 4\"><\/a><\/div><\/div><\/div>\n<p>El proyecto <em>Natura es cultura<\/em> est\u00e1 patrocinado por Bizcabar, Capital Care y Diputaci\u00f3n de Barcelona con la colaboraci\u00f3n del Ayuntamiento de Aviny\u00f3, Art &amp; Gavarres, Cal Gras, Pintures Lepanto i Xocolates Torras.<\/p>\n","protected":false},"excerpt":{"rendered":"<p>En el marco del proyecto Natura es cultura, el equipo de la Fundaci\u00f3n Setba visit\u00f3 el taller de arte de la Fundaci\u00f3n Ampans y devolvi\u00f3 las cartas contestadas por los participantes del proyecto a los alumnos de sexto de primaria de la escuela \u00cdtaca.<\/p>\n","protected":false},"author":1,"featured_media":33306,"comment_status":"closed","ping_status":"closed","sticky":false,"template":"","format":"standard","meta":{"footnotes":""},"categories":[1355],"tags":[],"class_list":["post-33310","post","type-post","status-publish","format-standard","has-post-thumbnail","hentry","category-naturaleza-es-cultura"],"_links":{"self":[{"href":"https:\/\/fundaciosetba.org\/es\/wp-json\/wp\/v2\/posts\/33310","targetHints":{"allow":["GET"]}}],"collection":[{"href":"https:\/\/fundaciosetba.org\/es\/wp-json\/wp\/v2\/posts"}],"about":[{"href":"https:\/\/fundaciosetba.org\/es\/wp-json\/wp\/v2\/types\/post"}],"author":[{"embeddable":true,"href":"https:\/\/fundaciosetba.org\/es\/wp-json\/wp\/v2\/users\/1"}],"replies":[{"embeddable":true,"href":"https:\/\/fundaciosetba.org\/es\/wp-json\/wp\/v2\/comments?post=33310"}],"version-history":[{"count":9,"href":"https:\/\/fundaciosetba.org\/es\/wp-json\/wp\/v2\/posts\/33310\/revisions"}],"predecessor-version":[{"id":33339,"href":"https:\/\/fundaciosetba.org\/es\/wp-json\/wp\/v2\/posts\/33310\/revisions\/33339"}],"wp:featuredmedia":[{"embeddable":true,"href":"https:\/\/fundaciosetba.org\/es\/wp-json\/wp\/v2\/media\/33306"}],"wp:attachment":[{"href":"https:\/\/fundaciosetba.org\/es\/wp-json\/wp\/v2\/media?parent=33310"}],"wp:term":[{"taxonomy":"category","embeddable":true,"href":"https:\/\/fundaciosetba.org\/es\/wp-json\/wp\/v2\/categories?post=33310"},{"taxonomy":"post_tag","embeddable":true,"href":"https:\/\/fundaciosetba.org\/es\/wp-json\/wp\/v2\/tags?post=33310"}],"curies":[{"name":"wp","href":"https:\/\/api.w.org\/{rel}","templated":true}]}}