{"id":33367,"date":"2023-02-24T09:36:49","date_gmt":"2023-02-24T08:36:49","guid":{"rendered":"https:\/\/fundaciosetba.org\/?p=33367"},"modified":"2023-02-24T12:43:02","modified_gmt":"2023-02-24T11:43:02","slug":"victor-lahoz-seleccionado-en-el-premi-setba-2021-recibe-un-encargo-artistico-por-parte-de-bizcabar","status":"publish","type":"post","link":"https:\/\/fundaciosetba.org\/es\/victor-lahoz-seleccionado-en-el-premi-setba-2021-recibe-un-encargo-artistico-por-parte-de-bizcabar\/","title":{"rendered":"V\u00edctor Lahoz, seleccionado en el Premi Setba 2021, recibe un encargo art\u00edstico por parte de Bizcabar"},"content":{"rendered":"<p>Tras ser galardonado en el certamen del Premio Setba 2021, <strong>el artista V\u00edctor Lahoz del Centro Ocupacional La Marina Asproseat ha sido escogido por Bizcabar Servicios Inmobiliarios para elaborar dos obras art\u00edsticas con el fin de decorar uno de sus nuevos inmuebles<\/strong>, situado en la calle Merc\u00e8 de Barcelona.<\/p>\n<p>Bizcabar se puso en contacto con la Fundaci\u00f3n Setba y, despu\u00e9s de proponer una serie de artistas para realizar esta petici\u00f3n, optaron por Lahoz. <strong>Este hecho supone un paso m\u00e1s en el reconocimiento y potenciaci\u00f3n de su talento como artista.<\/strong><\/p>\n<p>Ahora le hemos entrevistado, para que nos explique <strong>c\u00f3mo ha vivido este proceso y cu\u00e1l ha sido la suya experiencia en el taller de arte de Asproseat.<\/strong><\/p>\n<p>Para realizar la entrevista, hemos contado con la ayuda de N\u00faria Plasencia, psic\u00f3loga del centro ocupacional, que ha adecuado la explicaci\u00f3n de cada pregunta y ha traducido sus expresiones verbales o gestuales en texto, siempre asegur\u00e1ndose de que lo que se iba escribiendo correspond\u00eda con lo que \u00e9l quer\u00eda expresar.<\/p>\n<p><strong>\u00bfDesde cu\u00e1ndo pintas? \u00bfC\u00f3mo descubriste la pintura?<\/strong><\/p>\n<p>Pinto desde hace tiempo, descubr\u00ed la pintura en los talleres del Centro Ocupacional.<\/p>\n<p><strong>\u00bfCu\u00e1l es tu t\u00e9cnica favorita para pintar?<\/strong><\/p>\n<p>Mi t\u00e9cnica favorita son las texturas (pintura mat\u00e9rica).<\/p>\n<p><strong>\u00bfC\u00f3mo te sientes cuando pintas?<\/strong><\/p>\n<p>Me siento muy bien. Me gusta, el tiempo pasa m\u00e1s r\u00e1pidamente, me concentro mucho en lo que hago, tanto que a veces incluso me duele la espalda.<\/p>\n<p><strong>\u00bfEn qu\u00e9 te inspiras para realizar tus obras?<\/strong><\/p>\n<p>En nada concreto, va saliendo.<\/p>\n<p><strong>Fuiste galardonado en el Premio Setba, \u00bfc\u00f3mo fue tu experiencia?<\/strong><\/p>\n<p>\u00a1Muy buena! Fue muy importante para m\u00ed. Fuimos al CaixaForum y vino mi madre, el mi padre y mi abuela. Sub\u00ed al escenario y me dieron el premio, que lo tengo guardado en Calafell. Tambi\u00e9n, la caja de pinturas la he utilizado un mont\u00f3n.<\/p>\n<p><strong>\u00bfTe gust\u00f3 que te encargaran realizar dos obras?<\/strong><\/p>\n<p>Me gust\u00f3 mucho y me sent\u00ed importante. Ense\u00f1\u00e9 las fotos de c\u00f3mo quedaron en la habitaci\u00f3n en mi familia y amigos y est\u00e1n muy orgullosos de m\u00ed.<\/p>\n<p><strong>\u00bfQuieres en un futuro volver a hacer un encargo?<\/strong><\/p>\n<p>S\u00ed. Me hace sentir bien que mis obras puedan agradar. Y me encanta que mi familia y amigos est\u00e9n orgullosos de mi.<\/p>\n<div class=\"w-gallery fit_cover wp_gallery type_grid action_popup_image ratio_1x1 count_2\" style=\"--columns:2;--items-gap:8px;\"><div class=\"w-gallery-list\"><div class=\"w-gallery-item\"><div class=\"w-gallery-item-img\"><img loading=\"lazy\" decoding=\"async\" width=\"768\" height=\"1024\" src=\"https:\/\/fundaciosetba.org\/wp-content\/uploads\/2023\/02\/WhatsApp-Image-2023-02-22-at-12.47.45-768x1024.jpeg\" class=\"attachment-large size-large\" alt=\"\" srcset=\"https:\/\/fundaciosetba.org\/wp-content\/uploads\/2023\/02\/WhatsApp-Image-2023-02-22-at-12.47.45-768x1024.jpeg 768w, https:\/\/fundaciosetba.org\/wp-content\/uploads\/2023\/02\/WhatsApp-Image-2023-02-22-at-12.47.45-225x300.jpeg 225w, https:\/\/fundaciosetba.org\/wp-content\/uploads\/2023\/02\/WhatsApp-Image-2023-02-22-at-12.47.45-75x100.jpeg 75w, https:\/\/fundaciosetba.org\/wp-content\/uploads\/2023\/02\/WhatsApp-Image-2023-02-22-at-12.47.45-300x400.jpeg 300w, https:\/\/fundaciosetba.org\/wp-content\/uploads\/2023\/02\/WhatsApp-Image-2023-02-22-at-12.47.45-600x800.jpeg 600w, https:\/\/fundaciosetba.org\/wp-content\/uploads\/2023\/02\/WhatsApp-Image-2023-02-22-at-12.47.45.jpeg 1200w\" sizes=\"auto, (max-width: 768px) 100vw, 768px\" \/><\/div><a class=\"w-gallery-item-link\" aria-label=\"WhatsApp Image 2023-02-22 at 12.47.45\" href=\"https:\/\/fundaciosetba.org\/wp-content\/uploads\/2023\/02\/WhatsApp-Image-2023-02-22-at-12.47.45.jpeg\" title=\"WhatsApp Image 2023-02-22 at 12.47.45\"><\/a><\/div><div class=\"w-gallery-item\"><div class=\"w-gallery-item-img\"><img loading=\"lazy\" decoding=\"async\" width=\"768\" height=\"1024\" src=\"https:\/\/fundaciosetba.org\/wp-content\/uploads\/2023\/02\/WhatsApp-Image-2023-02-22-at-12.47.46-2-768x1024.jpeg\" class=\"attachment-large size-large\" alt=\"\" srcset=\"https:\/\/fundaciosetba.org\/wp-content\/uploads\/2023\/02\/WhatsApp-Image-2023-02-22-at-12.47.46-2-768x1024.jpeg 768w, https:\/\/fundaciosetba.org\/wp-content\/uploads\/2023\/02\/WhatsApp-Image-2023-02-22-at-12.47.46-2-225x300.jpeg 225w, https:\/\/fundaciosetba.org\/wp-content\/uploads\/2023\/02\/WhatsApp-Image-2023-02-22-at-12.47.46-2-75x100.jpeg 75w, https:\/\/fundaciosetba.org\/wp-content\/uploads\/2023\/02\/WhatsApp-Image-2023-02-22-at-12.47.46-2-300x400.jpeg 300w, https:\/\/fundaciosetba.org\/wp-content\/uploads\/2023\/02\/WhatsApp-Image-2023-02-22-at-12.47.46-2-600x800.jpeg 600w, https:\/\/fundaciosetba.org\/wp-content\/uploads\/2023\/02\/WhatsApp-Image-2023-02-22-at-12.47.46-2.jpeg 1200w\" sizes=\"auto, (max-width: 768px) 100vw, 768px\" \/><\/div><a class=\"w-gallery-item-link\" aria-label=\"WhatsApp Image 2023-02-22 at 12.47.46 (2)\" href=\"https:\/\/fundaciosetba.org\/wp-content\/uploads\/2023\/02\/WhatsApp-Image-2023-02-22-at-12.47.46-2.jpeg\" title=\"WhatsApp Image 2023-02-22 at 12.47.46 (2)\"><\/a><\/div><\/div><\/div>\n<p>&nbsp;<\/p>\n<div class=\"w-gallery fit_cover wp_gallery type_grid action_popup_image ratio_auto count_1\" style=\"--columns:1;--items-gap:8px;\"><div class=\"w-gallery-list\"><div class=\"w-gallery-item\"><div class=\"w-gallery-item-img\"><img loading=\"lazy\" decoding=\"async\" width=\"1024\" height=\"768\" src=\"https:\/\/fundaciosetba.org\/wp-content\/uploads\/2023\/02\/IMG_2588-1024x768.jpeg\" class=\"attachment-large size-large\" alt=\"\" srcset=\"https:\/\/fundaciosetba.org\/wp-content\/uploads\/2023\/02\/IMG_2588-1024x768.jpeg 1024w, https:\/\/fundaciosetba.org\/wp-content\/uploads\/2023\/02\/IMG_2588-300x225.jpeg 300w, https:\/\/fundaciosetba.org\/wp-content\/uploads\/2023\/02\/IMG_2588-133x100.jpeg 133w, https:\/\/fundaciosetba.org\/wp-content\/uploads\/2023\/02\/IMG_2588-533x400.jpeg 533w, https:\/\/fundaciosetba.org\/wp-content\/uploads\/2023\/02\/IMG_2588-600x450.jpeg 600w, https:\/\/fundaciosetba.org\/wp-content\/uploads\/2023\/02\/IMG_2588.jpeg 2048w\" sizes=\"auto, (max-width: 1024px) 100vw, 1024px\" \/><\/div><a class=\"w-gallery-item-link\" aria-label=\"IMG_2588\" href=\"https:\/\/fundaciosetba.org\/wp-content\/uploads\/2023\/02\/IMG_2588.jpeg\" title=\"IMG_2588\"><\/a><\/div><\/div><\/div>\n<p>&nbsp;<\/p>\n<p>&nbsp;<\/p>\n","protected":false},"excerpt":{"rendered":"<p>Tras ser galardonado en el Premio Setba 2021, el artista V\u00edctor Lahoz del Centro Ocupacional La Marina Asproseat ha sido escogido por Bizcabar para elaborar dos obras art\u00edsticas con el fin de decorar uno de sus nuevos inmuebles, situado en la calle Merc\u00e8 de Barcelona.<\/p>\n","protected":false},"author":1,"featured_media":33365,"comment_status":"closed","ping_status":"closed","sticky":false,"template":"","format":"standard","meta":{"footnotes":""},"categories":[1353],"tags":[],"class_list":["post-33367","post","type-post","status-publish","format-standard","has-post-thumbnail","hentry","category-premio-setba-es"],"_links":{"self":[{"href":"https:\/\/fundaciosetba.org\/es\/wp-json\/wp\/v2\/posts\/33367","targetHints":{"allow":["GET"]}}],"collection":[{"href":"https:\/\/fundaciosetba.org\/es\/wp-json\/wp\/v2\/posts"}],"about":[{"href":"https:\/\/fundaciosetba.org\/es\/wp-json\/wp\/v2\/types\/post"}],"author":[{"embeddable":true,"href":"https:\/\/fundaciosetba.org\/es\/wp-json\/wp\/v2\/users\/1"}],"replies":[{"embeddable":true,"href":"https:\/\/fundaciosetba.org\/es\/wp-json\/wp\/v2\/comments?post=33367"}],"version-history":[{"count":3,"href":"https:\/\/fundaciosetba.org\/es\/wp-json\/wp\/v2\/posts\/33367\/revisions"}],"predecessor-version":[{"id":33370,"href":"https:\/\/fundaciosetba.org\/es\/wp-json\/wp\/v2\/posts\/33367\/revisions\/33370"}],"wp:featuredmedia":[{"embeddable":true,"href":"https:\/\/fundaciosetba.org\/es\/wp-json\/wp\/v2\/media\/33365"}],"wp:attachment":[{"href":"https:\/\/fundaciosetba.org\/es\/wp-json\/wp\/v2\/media?parent=33367"}],"wp:term":[{"taxonomy":"category","embeddable":true,"href":"https:\/\/fundaciosetba.org\/es\/wp-json\/wp\/v2\/categories?post=33367"},{"taxonomy":"post_tag","embeddable":true,"href":"https:\/\/fundaciosetba.org\/es\/wp-json\/wp\/v2\/tags?post=33367"}],"curies":[{"name":"wp","href":"https:\/\/api.w.org\/{rel}","templated":true}]}}