{"id":33386,"date":"2023-02-27T13:35:11","date_gmt":"2023-02-27T12:35:11","guid":{"rendered":"https:\/\/fundaciosetba.org\/tope-sera-el-nuevo-director-artistico-del-proyecto-traspasando-muros-en-el-centro-del-segre\/"},"modified":"2023-02-27T17:10:25","modified_gmt":"2023-02-27T16:10:25","slug":"tope-sera-el-nuevo-director-artistico-del-proyecto-traspasando-muros-en-el-centro-del-segre","status":"publish","type":"post","link":"https:\/\/fundaciosetba.org\/es\/tope-sera-el-nuevo-director-artistico-del-proyecto-traspasando-muros-en-el-centro-del-segre\/","title":{"rendered":"Tope ser\u00e1 el nuevo director art\u00edstico del proyecto Traspasando muros en el C.E.J.J. del Segre"},"content":{"rendered":"<p>Este viernes se ha presentado el artista que <strong>dirigir\u00e1 la sexta edici\u00f3n del proyecto <em>Traspasando muros<\/em> en el Centro Educativo de Justicia Juvenil del Segre.<\/strong> El encargado ser\u00e1 <strong>el artista y tatuador Tope<\/strong> , quien ya ha llevado a cabo diferentes murales colaborativos en escuelas y centros penitenciarios.<\/p>\n<p>Josep Rodr\u00edguez, m\u00e1s conocido como Tope, es un <strong>artista especializado en las artes pl\u00e1sticas en distintos formatos y t\u00e9cnicas<\/strong>, titulado en estudios superiores de dise\u00f1o gr\u00e1fico. Durante 15 a\u00f1os, se ha especializado en el <strong>arte del graffiti<\/strong>. Con m\u00e1s de 10 a\u00f1os trabajando <strong>el arte del tatuaje,<\/strong> ha realizado varios trabajos profesionales en entidades y empresas y ha empezado a trabajar en el mundo del textil personalizado y el muralismo.<\/p>\n<div class=\"w-gallery fit_cover wp_gallery type_grid action_popup_image ratio_1x1 count_2\" style=\"--columns:2;--items-gap:8px;\"><div class=\"w-gallery-list\"><div class=\"w-gallery-item\"><div class=\"w-gallery-item-img\"><img loading=\"lazy\" decoding=\"async\" width=\"300\" height=\"300\" src=\"https:\/\/fundaciosetba.org\/wp-content\/uploads\/2023\/02\/2-300x300.jpg\" class=\"attachment-woocommerce_thumbnail size-woocommerce_thumbnail\" alt=\"\" srcset=\"https:\/\/fundaciosetba.org\/wp-content\/uploads\/2023\/02\/2-300x300.jpg 300w, https:\/\/fundaciosetba.org\/wp-content\/uploads\/2023\/02\/2-150x150.jpg 150w\" sizes=\"auto, (max-width: 300px) 100vw, 300px\" \/><\/div><a class=\"w-gallery-item-link\" aria-label=\"2\" href=\"https:\/\/fundaciosetba.org\/wp-content\/uploads\/2023\/02\/2.jpg\" title=\"2\"><\/a><\/div><div class=\"w-gallery-item\"><div class=\"w-gallery-item-img\"><img loading=\"lazy\" decoding=\"async\" width=\"300\" height=\"300\" src=\"https:\/\/fundaciosetba.org\/wp-content\/uploads\/2023\/02\/Imatge-destacada-web-2023-08-300x300.gif\" class=\"attachment-woocommerce_thumbnail size-woocommerce_thumbnail\" alt=\"\" srcset=\"https:\/\/fundaciosetba.org\/wp-content\/uploads\/2023\/02\/Imatge-destacada-web-2023-08-300x300.gif 300w, https:\/\/fundaciosetba.org\/wp-content\/uploads\/2023\/02\/Imatge-destacada-web-2023-08-150x150.gif 150w\" sizes=\"auto, (max-width: 300px) 100vw, 300px\" \/><\/div><a class=\"w-gallery-item-link\" aria-label=\"Imatge-destacada-web-2023-08\" href=\"https:\/\/fundaciosetba.org\/wp-content\/uploads\/2023\/02\/Imatge-destacada-web-2023-08.gif\" title=\"Imatge-destacada-web-2023-08\"><\/a><\/div><\/div><\/div>\n<p>En la presentaci\u00f3n, <strong>asistieron una treintena de j\u00f3venes<\/strong>, quienes ser\u00e1n los participantes del proyecto. Los objetivos que se persiguen con la realizaci\u00f3n de esta obra de arte comunitaria son: despertar el inter\u00e9s por el arte, demostrar que es un lenguaje de expresi\u00f3n v\u00e1lido, crear complicidades en el grupo y hacer visible la realidad de dentro de este espacio, para que se conozca m\u00e1s all\u00e1 de sus muros.<\/p>\n<p>El artista comentaba qu\u00e9 significaba para \u00e9l transformar estos muros en una publicaci\u00f3n en Instagram: \u00abEl canal art\u00edstico como herramienta para expresar y transmitir fuera lo que hay dentro para dar visibilidad al mundo exterior, y que a nivel social brote la oportunidad de mostrar lo que sentimos a pesar de los errores\u00bb.<\/p>\n<p>Adem\u00e1s, durante la edici\u00f3n de este a\u00f1o, contamos con la<strong> novedad de participar por primera vez en el Gargar Festival de Murales y de Arte Rural<\/strong>, proyecto ganador del programa IMPULSA CULTURA 2020 de la Fundaci\u00f3n Catalunya Cultura, con qui\u00e9nes compartimos comunidad gracias a nuestro proyecto <em>Traspasando el objetivo, <\/em>que en el a\u00f1o 2021 recibi\u00f3 la menci\u00f3n de honor por parte de los miembros del jurado.<\/p>\n<p>Gargar Festival es una iniciativa creada por la empresa de dise\u00f1o Bin\u00f2mic, quien quiere difundir la cultura art\u00edstica en el mundo rural en el <strong>municipio de Penelles (Lleida) los d\u00edas 5, 6 y 7 de mayo con intervenciones sobre 900m<sup>2<\/sup> de pared<\/strong>. Asociaci\u00f3n bin\u00f3mica organiza talleres y actividades en micropueblos, asociaciones o entidades sociales para fomentar la cultura participativa con proyectos transformadores que potencien el arte rural. <strong>Su objetivo principal es valorar, impulsar y dar visibilidad al <em>street art<\/em> y otras formas de intervenci\u00f3n art\u00edstica en el espacio p\u00fablico rural.<\/strong><\/p>\n<p>El proyecto <em>Traspasando muros<\/em> est\u00e1 patrocinado por el Departamento de Cultura con la colaboraci\u00f3n del Departamento de Justicia, Pinturas Lepanto, NBQ y Gargar Festival.<\/p>\n","protected":false},"excerpt":{"rendered":"<p>Este viernes se ha presentado el artista que dirigir\u00e1 la sexta edici\u00f3n del proyecto Traspasando muros en el centro del Segre. El encargado ser\u00e1 el artista y tatuador Tope, quien ya ha realizado diferentes murales colaborativos en escuelas y centros penitenciarios<\/p>\n","protected":false},"author":1,"featured_media":33393,"comment_status":"closed","ping_status":"closed","sticky":false,"template":"","format":"standard","meta":{"footnotes":""},"categories":[1349],"tags":[],"class_list":["post-33386","post","type-post","status-publish","format-standard","has-post-thumbnail","hentry","category-traspasando-muros-es"],"_links":{"self":[{"href":"https:\/\/fundaciosetba.org\/es\/wp-json\/wp\/v2\/posts\/33386","targetHints":{"allow":["GET"]}}],"collection":[{"href":"https:\/\/fundaciosetba.org\/es\/wp-json\/wp\/v2\/posts"}],"about":[{"href":"https:\/\/fundaciosetba.org\/es\/wp-json\/wp\/v2\/types\/post"}],"author":[{"embeddable":true,"href":"https:\/\/fundaciosetba.org\/es\/wp-json\/wp\/v2\/users\/1"}],"replies":[{"embeddable":true,"href":"https:\/\/fundaciosetba.org\/es\/wp-json\/wp\/v2\/comments?post=33386"}],"version-history":[{"count":7,"href":"https:\/\/fundaciosetba.org\/es\/wp-json\/wp\/v2\/posts\/33386\/revisions"}],"predecessor-version":[{"id":33406,"href":"https:\/\/fundaciosetba.org\/es\/wp-json\/wp\/v2\/posts\/33386\/revisions\/33406"}],"wp:featuredmedia":[{"embeddable":true,"href":"https:\/\/fundaciosetba.org\/es\/wp-json\/wp\/v2\/media\/33393"}],"wp:attachment":[{"href":"https:\/\/fundaciosetba.org\/es\/wp-json\/wp\/v2\/media?parent=33386"}],"wp:term":[{"taxonomy":"category","embeddable":true,"href":"https:\/\/fundaciosetba.org\/es\/wp-json\/wp\/v2\/categories?post=33386"},{"taxonomy":"post_tag","embeddable":true,"href":"https:\/\/fundaciosetba.org\/es\/wp-json\/wp\/v2\/tags?post=33386"}],"curies":[{"name":"wp","href":"https:\/\/api.w.org\/{rel}","templated":true}]}}