{"id":33413,"date":"2023-03-01T13:25:37","date_gmt":"2023-03-01T12:25:37","guid":{"rendered":"https:\/\/fundaciosetba.org\/el-centre-cultural-llibreria-blanquerna-de-madrid-acoge-la-presentacion-del-fotolibro-brians-mujeres-invisibles\/"},"modified":"2023-03-02T10:50:22","modified_gmt":"2023-03-02T09:50:22","slug":"el-centre-cultural-llibreria-blanquerna-de-madrid-acoge-la-presentacion-del-fotolibro-brians-mujeres-invisibles","status":"publish","type":"post","link":"https:\/\/fundaciosetba.org\/es\/el-centre-cultural-llibreria-blanquerna-de-madrid-acoge-la-presentacion-del-fotolibro-brians-mujeres-invisibles\/","title":{"rendered":"El Centre Cultural-Llibreria Blanquerna de Madrid acoge la presentaci\u00f3n del fotolibro Brians. Mujeres invisibles"},"content":{"rendered":"<p><strong>El jueves 9 de marzo a las 18:30 h se presentar\u00e1, por primera vez en Madrid, el fotolibro <em>Brians. Mujeres invisibles<\/em> en el Centre Cultural-Librer\u00eda Blanquerna <\/strong>(CCLBlanquerna), coincidiendo con la inauguraci\u00f3n de la primera exposici\u00f3n individual \u201cInfinita Magnitud\u201d de la coautora del fotolibro Marta F\u00e0bregas en la Galer\u00eda Jorge Alcolea el 10 de marzo en Madrid.<\/p>\n<p>En el marco del D\u00eda Internacional de las Mujeres, el acto del CCLBlanquerna ser\u00e1 presentado por <strong>la Honorable Sra. Ester Capella i Farr\u00e9<\/strong>, delegada del Gobierno de la Generalitat de Catalunya en Madrid y por el <strong>Sr. Amand Calder\u00f3<\/strong>, secretario de Medidas Penales, Reinserci\u00f3n y Atenci\u00f3n a la V\u00edctima; lo moderar\u00e1 <strong>la Honorable Sra. Dolors Bassa i Coll<\/strong>, exconsejera de Trabajo, Asuntos Sociales y Familias; e intervendr\u00e1n <strong>Marta F\u00e0bregas<\/strong>, artista, coautora y directora del proyecto Traspasando el objetivo, y <strong>Cristina Sampere<\/strong>, directora de la Fundaci\u00f3n Setba.<\/p>\n<p><strong><em>Brians. Mujeres invisibles<\/em> es el resultado del proyecto <em>Traspasando el objetivo<\/em> de la Fundaci\u00f3n Setba<\/strong>, en el que se trabaja la fotograf\u00eda como herramienta de empoderamiento. El programa est\u00e1 dirigido a mujeres internas en centros penitenciarios de Catalu\u00f1a, bajo la direcci\u00f3n art\u00edstica de la fot\u00f3grafa y activista Marta F\u00e0bregas Aragall.<\/p>\n<p>F\u00e0bregas es considerada una artista doblemente comprometida, puesto que se la puede encontrar exponiendo en una feria en Los \u00c1ngeles o en Par\u00eds, y simult\u00e1neamente, impartiendo formaciones para mujeres internas en centros penitenciarios. No s\u00f3lo se compromete a trav\u00e9s de su obra, que tiene una gran carga reivindicativa y reflexiva, sino que, adem\u00e1s, en su d\u00eda a d\u00eda se compromete y se implica en iniciativas que van acordes con su trabajo, c\u00f3mo lo son proyectos realizados con colectivos en situaci\u00f3n de riesgo.<\/p>\n<p>Este fotolibro, editado por Lum\u00ednic, incluye fotograf\u00edas de las participantes del taller, retratos realizados por la directora art\u00edstica, fotograf\u00edas del espacio de la fot\u00f3grafa Laura G\u00e1lvez-Rhein y dos reportajes muy especiales: uno de Camila Oliveira, actualmente en tercer grado, y el otro de Sof\u00eda Kyprisli, quien ya est\u00e1 en libertad y que ha tenido a la fotoperiodista Sandra Balsells como mentora.<\/p>\n<p>Para asistir a la presentaci\u00f3n, enviar la confirmaci\u00f3n a: <a href=\"mailto:centreculturalblanquerna@gencat.cat\">centreculturalblanquerna@gencat.cat<\/a><\/p>\n<p>El acto est\u00e1 organizado por el Centre Cultural-Librer\u00eda Blanquerna, centro cultural de la Delegaci\u00f3n del Govern en Madrid, la Fundaci\u00f3n Setba y el proyecto recibe el patrocinio del Departamento de Justicia de la Generalitat de Catalunya, Bizcabar Serveis Immobiliaris, con la colaboraci\u00f3n del Instituto de Estudios Fotogr\u00e1ficos de Catalu\u00f1a, Lum\u00ednic, Maquillaje Tutusaus, Marc Mart\u00ed y Panasonic \u2013 Lumix, y recibe el apoyo de la Fundaci\u00f3n Catalu\u00f1a Cultura.<\/p>\n","protected":false},"excerpt":{"rendered":"<p>En el marco del D\u00eda Internacional de las Mujeres, el jueves 9 de marzo a las 18:30 h se presentar\u00e1, por primera vez en Madrid, el fotolibro Brians. Mujeres invisibles en el Centre Cultural-Llibreria Blanquerna.<\/p>\n","protected":false},"author":1,"featured_media":33410,"comment_status":"closed","ping_status":"closed","sticky":false,"template":"","format":"standard","meta":{"footnotes":""},"categories":[1350],"tags":[],"class_list":["post-33413","post","type-post","status-publish","format-standard","has-post-thumbnail","hentry","category-traspasando-el-objetivo-es"],"_links":{"self":[{"href":"https:\/\/fundaciosetba.org\/es\/wp-json\/wp\/v2\/posts\/33413","targetHints":{"allow":["GET"]}}],"collection":[{"href":"https:\/\/fundaciosetba.org\/es\/wp-json\/wp\/v2\/posts"}],"about":[{"href":"https:\/\/fundaciosetba.org\/es\/wp-json\/wp\/v2\/types\/post"}],"author":[{"embeddable":true,"href":"https:\/\/fundaciosetba.org\/es\/wp-json\/wp\/v2\/users\/1"}],"replies":[{"embeddable":true,"href":"https:\/\/fundaciosetba.org\/es\/wp-json\/wp\/v2\/comments?post=33413"}],"version-history":[{"count":3,"href":"https:\/\/fundaciosetba.org\/es\/wp-json\/wp\/v2\/posts\/33413\/revisions"}],"predecessor-version":[{"id":33423,"href":"https:\/\/fundaciosetba.org\/es\/wp-json\/wp\/v2\/posts\/33413\/revisions\/33423"}],"wp:featuredmedia":[{"embeddable":true,"href":"https:\/\/fundaciosetba.org\/es\/wp-json\/wp\/v2\/media\/33410"}],"wp:attachment":[{"href":"https:\/\/fundaciosetba.org\/es\/wp-json\/wp\/v2\/media?parent=33413"}],"wp:term":[{"taxonomy":"category","embeddable":true,"href":"https:\/\/fundaciosetba.org\/es\/wp-json\/wp\/v2\/categories?post=33413"},{"taxonomy":"post_tag","embeddable":true,"href":"https:\/\/fundaciosetba.org\/es\/wp-json\/wp\/v2\/tags?post=33413"}],"curies":[{"name":"wp","href":"https:\/\/api.w.org\/{rel}","templated":true}]}}