{"id":33421,"date":"2023-04-18T12:57:23","date_gmt":"2023-04-18T11:57:23","guid":{"rendered":"https:\/\/fundaciosetba.org\/mujer-fotografia-y-prision\/"},"modified":"2023-04-26T09:15:31","modified_gmt":"2023-04-26T08:15:31","slug":"mujer-fotografia-y-prision","status":"publish","type":"post","link":"https:\/\/fundaciosetba.org\/es\/mujer-fotografia-y-prision\/","title":{"rendered":"VIDEO: Mujer, fotograf\u00eda y prisi\u00f3n"},"content":{"rendered":"<p>En el marco de la exposici\u00f3n <em><strong>Dones invisibles,<\/strong><\/em> en la sala Cotxeres del Palau Robert de Barcelona, la Fundaci\u00f3n Setba organiz\u00f3 un coloquio entre mujeres fot\u00f3grafas, con el patrocinio de Panasonic, en el que asistieron unas setenta personas.<\/p>\n<p>En el acto participaron Sandra Balsells, Marta F\u00e0bregas, Laura G\u00e1lvez-Rhein y Tanit Plana. Todas ellas han colaborado con <em>Traspassant l&#8217;objectiu<\/em> , un proyecto de fotograf\u00eda para mujeres internas en centros penitenciarios de Catalu\u00f1a, organizado por la Fundaci\u00f3 Setba. F\u00e0bregas es la directora del proyecto y quien imparte el taller de fotograf\u00eda en las prisiones, G\u00e1lvez-Rhein es la documentalista del proceso y Balsells y Plana son mentoras de internas que quieren continuar con la fotograf\u00eda.<\/p>\n<p>La tem\u00e1tica de la charla fue <strong>el poder de la fotograf\u00eda como herramienta de transformaci\u00f3n social en entornos de riesgo de exclusi\u00f3n y el papel de las mujeres en el mundo de la fotograf\u00eda profesional<\/strong> . Las fot\u00f3grafas hablaron de su experiencia en prisi\u00f3n, de casos de \u00e9xito del proyecto y de las dificultades que se han encontrado en su carrera profesional.<\/p>\n<p>Si te la perdiste, encontrar\u00e1s una charla similar en nuestro canal de Youtube grabada en el estudio de La Fotogr\u00e0fica. <strong>SUBT\u00cdTULOS DISPONIBLES:<\/strong><\/p>\n<p><iframe loading=\"lazy\" title=\"Dona, fotografia i pres\u00f3 | Col\u00b7loqui amb Sandra Balsells, Marta F\u00e0bregas, Laura G\u00e1lvez i Tanit Plana\" width=\"640\" height=\"360\" src=\"https:\/\/www.youtube.com\/embed\/4cPGLMDOvNA?feature=oembed\" frameborder=\"0\" allow=\"accelerometer; autoplay; clipboard-write; encrypted-media; gyroscope; picture-in-picture; web-share\" allowfullscreen><\/iframe><\/p>\n<p>&nbsp;<\/p>\n","protected":false},"excerpt":{"rendered":"<p>La Fundaci\u00f3n Setba organiza un coloquio entre mujeres fot\u00f3grafas en el Auditorio del Palau Robert con la tem\u00e1tica \u201cMujer, fotograf\u00eda y c\u00e1rcel\u201d con Sandra Balsells, Marta F\u00e0bregas, Laura G\u00e1lvez-Rhein y Tanit Plana<\/p>\n","protected":false},"author":1,"featured_media":33343,"comment_status":"closed","ping_status":"closed","sticky":false,"template":"","format":"standard","meta":{"footnotes":""},"categories":[1350],"tags":[],"class_list":["post-33421","post","type-post","status-publish","format-standard","has-post-thumbnail","hentry","category-traspasando-el-objetivo-es"],"_links":{"self":[{"href":"https:\/\/fundaciosetba.org\/es\/wp-json\/wp\/v2\/posts\/33421","targetHints":{"allow":["GET"]}}],"collection":[{"href":"https:\/\/fundaciosetba.org\/es\/wp-json\/wp\/v2\/posts"}],"about":[{"href":"https:\/\/fundaciosetba.org\/es\/wp-json\/wp\/v2\/types\/post"}],"author":[{"embeddable":true,"href":"https:\/\/fundaciosetba.org\/es\/wp-json\/wp\/v2\/users\/1"}],"replies":[{"embeddable":true,"href":"https:\/\/fundaciosetba.org\/es\/wp-json\/wp\/v2\/comments?post=33421"}],"version-history":[{"count":7,"href":"https:\/\/fundaciosetba.org\/es\/wp-json\/wp\/v2\/posts\/33421\/revisions"}],"predecessor-version":[{"id":33672,"href":"https:\/\/fundaciosetba.org\/es\/wp-json\/wp\/v2\/posts\/33421\/revisions\/33672"}],"wp:featuredmedia":[{"embeddable":true,"href":"https:\/\/fundaciosetba.org\/es\/wp-json\/wp\/v2\/media\/33343"}],"wp:attachment":[{"href":"https:\/\/fundaciosetba.org\/es\/wp-json\/wp\/v2\/media?parent=33421"}],"wp:term":[{"taxonomy":"category","embeddable":true,"href":"https:\/\/fundaciosetba.org\/es\/wp-json\/wp\/v2\/categories?post=33421"},{"taxonomy":"post_tag","embeddable":true,"href":"https:\/\/fundaciosetba.org\/es\/wp-json\/wp\/v2\/tags?post=33421"}],"curies":[{"name":"wp","href":"https:\/\/api.w.org\/{rel}","templated":true}]}}