{"id":33433,"date":"2023-03-03T11:58:40","date_gmt":"2023-03-03T10:58:40","guid":{"rendered":"https:\/\/fundaciosetba.org\/inauguramos-exposicion-en-palau-robert-dones-invisibles\/"},"modified":"2023-03-03T11:58:40","modified_gmt":"2023-03-03T10:58:40","slug":"inauguramos-exposicion-en-palau-robert-dones-invisibles","status":"publish","type":"post","link":"https:\/\/fundaciosetba.org\/es\/inauguramos-exposicion-en-palau-robert-dones-invisibles\/","title":{"rendered":"Inauguramos exposici\u00f3n en Palau Robert, &#8216;Dones Invisibles&#8217;"},"content":{"rendered":"<p>Coincidiendo con el D\u00eda Internacional de las Mujeres y junto con la Direcci\u00f3n General de Difusi\u00f3n, inauguramos la exposici\u00f3n &#8220;Dones Invisibles&#8221; en la sala 4 de Palau Robert. Una muestra inmersiva sobre nuestro proyecto fotogr\u00e1fico <em>Traspasando el objetivo<\/em> , dirigido por la artista y activista Marta F\u00e0bregas y dirigido a mujeres internas en centros penitenciarios.<\/p>\n<p>En la exposici\u00f3n se pueden ver las distintas fases del proceso. Se habla de empoderamiento, de comunicaci\u00f3n, de visibilizaci\u00f3n, de nuevas oportunidades. Se presentan trabajos de las reclusas que han participado en los talleres, as\u00ed como retratos que Marta F\u00e0bregas ha realizado y fotograf\u00edas de los espacios interiores de Brians 1, de Laura G\u00e1lvez-Rhein y un reportaje de Camila Oliveira, el caso de \u00e9xito del proyecto.<\/p>\n<p>Fotograf\u00edas, paneles, un audiovisual y una pantalla con datos infogr\u00e1ficos nos ilustran sobre el proyecto y sus resultados. Algunas de las internas nos expresan sus sensaciones y sentimientos. La vida de la poblaci\u00f3n reclusa femenina es dura, sin embargo, mediante actividades culturales como la fotograf\u00eda es enriquecedora y esperanzadora.<\/p>\n<p>La exposici\u00f3n, que es gratuita y de libre acceso, se podr\u00e1 ver a partir del d\u00eda 8 de marzo y hasta el 7 de mayo.<\/p>\n<p><strong>El proyecto<\/strong><\/p>\n<p><a href=\"https:\/\/fundaciosetba.org\/projecte\/traspassant-lobjectiu\/\"><em>Traspasando el objetivo<\/em><\/a> es un proyecto de fotograf\u00eda para mujeres internas en Centros Penitenciarios de Catalu\u00f1a, que quiere mejorar su autoestima a trav\u00e9s de la imagen y la adquisici\u00f3n de nuevos conocimientos, generando oportunidades de trabajo y visibilizando al colectivo, que representa el 6% de la poblaci\u00f3n penitenciaria.<\/p>\n<p>Desde 2020 y hasta diciembre de 2022, el proyecto se ha llevado a cabo en los centros de Brians, en Sant Esteve Sesrovires, y Wad-Ras, en Barcelona. Cien catorce mujeres -el 24% de la poblaci\u00f3n penitenciaria femenina- han participado en los talleres propuestos. Se han llevado a cabo sesenta sesiones y noventa horas de formaci\u00f3n, y las participantes han tomado alrededor de 20.000 fotograf\u00edas.<\/p>\n<p>Durante las sesiones, las internas trabajan por parejas, haciendo de fot\u00f3grafas y de modelos, reciben apuntes de teor\u00eda fotogr\u00e1fica y disponen de c\u00e1maras reflejo y plat\u00f3s fotogr\u00e1ficos. En el transcurso de la \u00faltima sesi\u00f3n, son retratadas por la artista y directora del taller, Marta F\u00e0bregas, en una sesi\u00f3n que cuenta con un equipo de profesionales del maquillaje y estilismo.<\/p>\n<p>Adem\u00e1s, en este proyecto colaboran como mentoras la fotoperiodista Sandra Balsells y la fot\u00f3grafa Tanit Plana, con el fin de crear una comunidad de mujeres fot\u00f3grafas conectada con el colectivo de mujeres internas en prisiones.<\/p>\n<p>El objetivo del proyecto es empoderar, transformar y dar voz a un colectivo invisibilizado, que sufre una triple condena: social, personal y penitenciaria.<\/p>\n","protected":false},"excerpt":{"rendered":"<p>Coincidiendo con el D\u00eda Internacional de las Mujeres y junto con la Direcci\u00f3n General de Difusi\u00f3n, inauguramos la exposici\u00f3n &#8220;Mujeres Invisibles&#8221; en la sala 4 del Palau Robert. Una muestra inmersiva sobre nuestro proyecto fotogr\u00e1fico Traspasando el objetivo, dirigido por el artista y activista Marta F\u00e0bregas y dirigido a mujeres internas en centros penitenciarios. <\/p>\n","protected":false},"author":1,"featured_media":0,"comment_status":"closed","ping_status":"closed","sticky":false,"template":"","format":"standard","meta":{"footnotes":""},"categories":[1350],"tags":[],"class_list":["post-33433","post","type-post","status-publish","format-standard","hentry","category-traspasando-el-objetivo-es"],"_links":{"self":[{"href":"https:\/\/fundaciosetba.org\/es\/wp-json\/wp\/v2\/posts\/33433","targetHints":{"allow":["GET"]}}],"collection":[{"href":"https:\/\/fundaciosetba.org\/es\/wp-json\/wp\/v2\/posts"}],"about":[{"href":"https:\/\/fundaciosetba.org\/es\/wp-json\/wp\/v2\/types\/post"}],"author":[{"embeddable":true,"href":"https:\/\/fundaciosetba.org\/es\/wp-json\/wp\/v2\/users\/1"}],"replies":[{"embeddable":true,"href":"https:\/\/fundaciosetba.org\/es\/wp-json\/wp\/v2\/comments?post=33433"}],"version-history":[{"count":0,"href":"https:\/\/fundaciosetba.org\/es\/wp-json\/wp\/v2\/posts\/33433\/revisions"}],"wp:attachment":[{"href":"https:\/\/fundaciosetba.org\/es\/wp-json\/wp\/v2\/media?parent=33433"}],"wp:term":[{"taxonomy":"category","embeddable":true,"href":"https:\/\/fundaciosetba.org\/es\/wp-json\/wp\/v2\/categories?post=33433"},{"taxonomy":"post_tag","embeddable":true,"href":"https:\/\/fundaciosetba.org\/es\/wp-json\/wp\/v2\/tags?post=33433"}],"curies":[{"name":"wp","href":"https:\/\/api.w.org\/{rel}","templated":true}]}}