{"id":33483,"date":"2023-03-14T08:55:20","date_gmt":"2023-03-14T07:55:20","guid":{"rendered":"https:\/\/fundaciosetba.org\/mas-de-70-usuarios-participan-en-las-sesiones-presenciales-de-magistrales-a-cargo-de-laura-klamburg\/"},"modified":"2023-03-14T11:40:36","modified_gmt":"2023-03-14T10:40:36","slug":"mas-de-70-usuarios-participan-en-las-sesiones-presenciales-de-magistrales-a-cargo-de-laura-klamburg","status":"publish","type":"post","link":"https:\/\/fundaciosetba.org\/es\/mas-de-70-usuarios-participan-en-las-sesiones-presenciales-de-magistrales-a-cargo-de-laura-klamburg\/","title":{"rendered":"M\u00e1s de 70 usuarios participan en las sesiones presenciales de Magistrales, a cargo de Laura Klamburg"},"content":{"rendered":"<p>Durante este febrero, <strong>se han llevado a cabo varias sesiones presenciales, en el marco del proyecto <em>Magistrales,<\/em> de la mano de la ilustradora y dise\u00f1adora Laura Klamburg<\/strong>, que el pasado a\u00f1o ya hab\u00eda colaborado con el proyecto grabando la c\u00e1psula audiovisual <a href=\"https:\/\/www.youtube.com\/watch?v=iLpmaRvfz18\">&#8220;Colores y emociones&#8221;<\/a>. <strong>En total, han recibido la formaci\u00f3n 19 entidades, 74 usuarios de estas y 24 educadores que les han acompa\u00f1ado.<\/strong><\/p>\n<p>Los profesionales de los centros han afirmado que, gracias a esta formaci\u00f3n, han podido incorporar nuevas sugerencias y metodolog\u00edas y que han quedado muy contentos con el resultado de la sesi\u00f3n: \u00abLa actividad fue genial y las personas participantes est\u00e1n muy contentas de haber ido\u00bb, nos confirm\u00f3 el Taller Ocupacional Ariadna.<\/p>\n<p>Tambi\u00e9n, el Taller Ocupacional Centre Pedralbes nos hizo llegar su satisfacci\u00f3n: \u00abPara nosotros ha sido una experiencia muy enriquecedora participar en la formaci\u00f3n de Magistrales. Desde el primer momento nos hemos sentido muy acogidos y vivido la sesi\u00f3n como un verdadero regalo. Todo un placer vivir y experimentar la creaci\u00f3n art\u00edstica desde los par\u00e1metros establecidos: se sent\u00eda y respiraba la genialidad\u00bb.<\/p>\n<div class=\"w-gallery fit_cover wp_gallery type_grid action_popup_image ratio_1x1 count_2\" style=\"--columns:2;--items-gap:8px;\"><div class=\"w-gallery-list\"><div class=\"w-gallery-item\"><div class=\"w-gallery-item-img\"><img loading=\"lazy\" decoding=\"async\" width=\"1024\" height=\"684\" src=\"https:\/\/fundaciosetba.org\/wp-content\/uploads\/2023\/03\/2023-02-14_Magistrals-Laura-Klamburg_SETBA03-1024x684.jpg\" class=\"attachment-large size-large\" alt=\"\" srcset=\"https:\/\/fundaciosetba.org\/wp-content\/uploads\/2023\/03\/2023-02-14_Magistrals-Laura-Klamburg_SETBA03-1024x684.jpg 1024w, https:\/\/fundaciosetba.org\/wp-content\/uploads\/2023\/03\/2023-02-14_Magistrals-Laura-Klamburg_SETBA03-300x200.jpg 300w, https:\/\/fundaciosetba.org\/wp-content\/uploads\/2023\/03\/2023-02-14_Magistrals-Laura-Klamburg_SETBA03-150x100.jpg 150w, https:\/\/fundaciosetba.org\/wp-content\/uploads\/2023\/03\/2023-02-14_Magistrals-Laura-Klamburg_SETBA03-600x401.jpg 600w, https:\/\/fundaciosetba.org\/wp-content\/uploads\/2023\/03\/2023-02-14_Magistrals-Laura-Klamburg_SETBA03.jpg 1920w\" sizes=\"auto, (max-width: 1024px) 100vw, 1024px\" \/><\/div><a class=\"w-gallery-item-link\" aria-label=\"\u00a9 Laura G\u00e1lvez-Rhein\" href=\"https:\/\/fundaciosetba.org\/wp-content\/uploads\/2023\/03\/2023-02-14_Magistrals-Laura-Klamburg_SETBA03.jpg\" title=\"\u00a9 Laura G\u00e1lvez-Rhein\"><\/a><\/div><div class=\"w-gallery-item\"><div class=\"w-gallery-item-img\"><img loading=\"lazy\" decoding=\"async\" width=\"1024\" height=\"684\" src=\"https:\/\/fundaciosetba.org\/wp-content\/uploads\/2023\/03\/2023-02-14_Magistrals-Laura-Klamburg_SETBA06-1024x684.jpg\" class=\"attachment-large size-large\" alt=\"\" srcset=\"https:\/\/fundaciosetba.org\/wp-content\/uploads\/2023\/03\/2023-02-14_Magistrals-Laura-Klamburg_SETBA06-1024x684.jpg 1024w, https:\/\/fundaciosetba.org\/wp-content\/uploads\/2023\/03\/2023-02-14_Magistrals-Laura-Klamburg_SETBA06-300x200.jpg 300w, https:\/\/fundaciosetba.org\/wp-content\/uploads\/2023\/03\/2023-02-14_Magistrals-Laura-Klamburg_SETBA06-150x100.jpg 150w, https:\/\/fundaciosetba.org\/wp-content\/uploads\/2023\/03\/2023-02-14_Magistrals-Laura-Klamburg_SETBA06-600x401.jpg 600w, https:\/\/fundaciosetba.org\/wp-content\/uploads\/2023\/03\/2023-02-14_Magistrals-Laura-Klamburg_SETBA06.jpg 1920w\" sizes=\"auto, (max-width: 1024px) 100vw, 1024px\" \/><\/div><a class=\"w-gallery-item-link\" aria-label=\"\u00a9 Laura G\u00e1lvez-Rhein\" href=\"https:\/\/fundaciosetba.org\/wp-content\/uploads\/2023\/03\/2023-02-14_Magistrals-Laura-Klamburg_SETBA06.jpg\" title=\"\u00a9 Laura G\u00e1lvez-Rhein\"><\/a><\/div><\/div><\/div>\n<p>Con el objetivo de acercar el arte a los barrios, <strong>el proyecto, en esta nueva edici\u00f3n, se ha realizado en cinco centros c\u00edvicos de Barcelona ubicados en los diferentes distritos de la ciudad: Pati Llimona de Ciutat Vella, Casa Elizalde de l&#8217;Eixample, Casa del Rellotge de Sants \u2013 Montju\u00efc, J.M. Trias de Peitx de Les Corts y Vil\u00b7la Ur\u00e0nia de Sant Gervasi.<\/strong> Cada centro c\u00edvico ha recibido a varias entidades de su mismo distrito para realizar esta primera sesi\u00f3n y <strong>volver\u00e1n a acogerlas este mayo para hacer una segunda.<\/strong><\/p>\n<p>Durante el 2023, en la tercera edici\u00f3n del proyecto, <strong>se pondr\u00e1 en pr\u00e1ctica la t\u00e9cnica del collage, con una nueva c\u00e1psula de v\u00eddeo formativa, a cargo de la fot\u00f3grafa y activista Marta F\u00e0bregas.<\/strong><\/p>\n<div class=\"w-gallery fit_cover wp_gallery type_grid action_popup_image ratio_1x1 count_3\" style=\"--columns:3;--items-gap:8px;\"><div class=\"w-gallery-list\"><div class=\"w-gallery-item\"><div class=\"w-gallery-item-img\"><img loading=\"lazy\" decoding=\"async\" width=\"1024\" height=\"684\" src=\"https:\/\/fundaciosetba.org\/wp-content\/uploads\/2023\/03\/2023-02-14_Magistrals-Laura-Klamburg_SETBA02-1024x684.jpg\" class=\"attachment-large size-large\" alt=\"\" srcset=\"https:\/\/fundaciosetba.org\/wp-content\/uploads\/2023\/03\/2023-02-14_Magistrals-Laura-Klamburg_SETBA02-1024x684.jpg 1024w, https:\/\/fundaciosetba.org\/wp-content\/uploads\/2023\/03\/2023-02-14_Magistrals-Laura-Klamburg_SETBA02-300x200.jpg 300w, https:\/\/fundaciosetba.org\/wp-content\/uploads\/2023\/03\/2023-02-14_Magistrals-Laura-Klamburg_SETBA02-150x100.jpg 150w, https:\/\/fundaciosetba.org\/wp-content\/uploads\/2023\/03\/2023-02-14_Magistrals-Laura-Klamburg_SETBA02-600x401.jpg 600w, https:\/\/fundaciosetba.org\/wp-content\/uploads\/2023\/03\/2023-02-14_Magistrals-Laura-Klamburg_SETBA02.jpg 1920w\" sizes=\"auto, (max-width: 1024px) 100vw, 1024px\" \/><\/div><a class=\"w-gallery-item-link\" aria-label=\"\u00a9 Laura G\u00e1lvez-Rhein\" href=\"https:\/\/fundaciosetba.org\/wp-content\/uploads\/2023\/03\/2023-02-14_Magistrals-Laura-Klamburg_SETBA02.jpg\" title=\"\u00a9 Laura G\u00e1lvez-Rhein\"><\/a><\/div><div class=\"w-gallery-item\"><div class=\"w-gallery-item-img\"><img loading=\"lazy\" decoding=\"async\" width=\"1024\" height=\"684\" src=\"https:\/\/fundaciosetba.org\/wp-content\/uploads\/2023\/03\/2023-02-14_Magistrals-Laura-Klamburg_SETBA23-1-1024x684.jpg\" class=\"attachment-large size-large\" alt=\"\" srcset=\"https:\/\/fundaciosetba.org\/wp-content\/uploads\/2023\/03\/2023-02-14_Magistrals-Laura-Klamburg_SETBA23-1-1024x684.jpg 1024w, https:\/\/fundaciosetba.org\/wp-content\/uploads\/2023\/03\/2023-02-14_Magistrals-Laura-Klamburg_SETBA23-1-300x200.jpg 300w, https:\/\/fundaciosetba.org\/wp-content\/uploads\/2023\/03\/2023-02-14_Magistrals-Laura-Klamburg_SETBA23-1-150x100.jpg 150w, https:\/\/fundaciosetba.org\/wp-content\/uploads\/2023\/03\/2023-02-14_Magistrals-Laura-Klamburg_SETBA23-1-600x401.jpg 600w, https:\/\/fundaciosetba.org\/wp-content\/uploads\/2023\/03\/2023-02-14_Magistrals-Laura-Klamburg_SETBA23-1.jpg 1920w\" sizes=\"auto, (max-width: 1024px) 100vw, 1024px\" \/><\/div><a class=\"w-gallery-item-link\" aria-label=\"\u00a9 Laura G\u00e1lvez-Rhein\" href=\"https:\/\/fundaciosetba.org\/wp-content\/uploads\/2023\/03\/2023-02-14_Magistrals-Laura-Klamburg_SETBA23-1.jpg\" title=\"\u00a9 Laura G\u00e1lvez-Rhein\"><\/a><\/div><div class=\"w-gallery-item\"><div class=\"w-gallery-item-img\"><img loading=\"lazy\" decoding=\"async\" width=\"1024\" height=\"684\" src=\"https:\/\/fundaciosetba.org\/wp-content\/uploads\/2023\/03\/2023-02-14_Magistrals-Laura-Klamburg_SETBA08-1024x684.jpg\" class=\"attachment-large size-large\" alt=\"\" srcset=\"https:\/\/fundaciosetba.org\/wp-content\/uploads\/2023\/03\/2023-02-14_Magistrals-Laura-Klamburg_SETBA08-1024x684.jpg 1024w, https:\/\/fundaciosetba.org\/wp-content\/uploads\/2023\/03\/2023-02-14_Magistrals-Laura-Klamburg_SETBA08-300x200.jpg 300w, https:\/\/fundaciosetba.org\/wp-content\/uploads\/2023\/03\/2023-02-14_Magistrals-Laura-Klamburg_SETBA08-150x100.jpg 150w, https:\/\/fundaciosetba.org\/wp-content\/uploads\/2023\/03\/2023-02-14_Magistrals-Laura-Klamburg_SETBA08-600x401.jpg 600w, https:\/\/fundaciosetba.org\/wp-content\/uploads\/2023\/03\/2023-02-14_Magistrals-Laura-Klamburg_SETBA08.jpg 1920w\" sizes=\"auto, (max-width: 1024px) 100vw, 1024px\" \/><\/div><a class=\"w-gallery-item-link\" aria-label=\"\u00a9 Laura G\u00e1lvez-Rhein\" href=\"https:\/\/fundaciosetba.org\/wp-content\/uploads\/2023\/03\/2023-02-14_Magistrals-Laura-Klamburg_SETBA08.jpg\" title=\"\u00a9 Laura G\u00e1lvez-Rhein\"><\/a><\/div><\/div><\/div>\n<div class=\"w-gallery fit_cover wp_gallery type_grid action_popup_image ratio_1x1 count_3\" style=\"--columns:3;--items-gap:8px;\"><div class=\"w-gallery-list\"><div class=\"w-gallery-item\"><div class=\"w-gallery-item-img\"><img loading=\"lazy\" decoding=\"async\" width=\"300\" height=\"300\" src=\"https:\/\/fundaciosetba.org\/wp-content\/uploads\/2023\/03\/2023-02-14_Magistrals-Laura-Klamburg_SETBA21-e1678790330555-300x300.jpg\" class=\"attachment-woocommerce_thumbnail size-woocommerce_thumbnail\" alt=\"\" srcset=\"https:\/\/fundaciosetba.org\/wp-content\/uploads\/2023\/03\/2023-02-14_Magistrals-Laura-Klamburg_SETBA21-e1678790330555-300x300.jpg 300w, https:\/\/fundaciosetba.org\/wp-content\/uploads\/2023\/03\/2023-02-14_Magistrals-Laura-Klamburg_SETBA21-e1678790330555-150x150.jpg 150w\" sizes=\"auto, (max-width: 300px) 100vw, 300px\" \/><\/div><a class=\"w-gallery-item-link\" aria-label=\"\u00a9 Laura G\u00e1lvez-Rhein\" href=\"https:\/\/fundaciosetba.org\/wp-content\/uploads\/2023\/03\/2023-02-14_Magistrals-Laura-Klamburg_SETBA21-e1678790330555.jpg\" title=\"\u00a9 Laura G\u00e1lvez-Rhein\"><\/a><\/div><div class=\"w-gallery-item\"><div class=\"w-gallery-item-img\"><img loading=\"lazy\" decoding=\"async\" width=\"300\" height=\"300\" src=\"https:\/\/fundaciosetba.org\/wp-content\/uploads\/2023\/03\/10-300x300.jpg\" class=\"attachment-woocommerce_thumbnail size-woocommerce_thumbnail\" alt=\"\" srcset=\"https:\/\/fundaciosetba.org\/wp-content\/uploads\/2023\/03\/10-300x300.jpg 300w, https:\/\/fundaciosetba.org\/wp-content\/uploads\/2023\/03\/10-150x150.jpg 150w\" sizes=\"auto, (max-width: 300px) 100vw, 300px\" \/><\/div><a class=\"w-gallery-item-link\" aria-label=\"10\" href=\"https:\/\/fundaciosetba.org\/wp-content\/uploads\/2023\/03\/10-scaled-e1678786319604.jpg\" title=\"10\"><\/a><\/div><div class=\"w-gallery-item\"><div class=\"w-gallery-item-img\"><img loading=\"lazy\" decoding=\"async\" width=\"300\" height=\"300\" src=\"https:\/\/fundaciosetba.org\/wp-content\/uploads\/2023\/03\/2023-02-14_Magistrals-Laura-Klamburg_SETBA17-300x300.jpg\" class=\"attachment-woocommerce_thumbnail size-woocommerce_thumbnail\" alt=\"\" srcset=\"https:\/\/fundaciosetba.org\/wp-content\/uploads\/2023\/03\/2023-02-14_Magistrals-Laura-Klamburg_SETBA17-300x300.jpg 300w, https:\/\/fundaciosetba.org\/wp-content\/uploads\/2023\/03\/2023-02-14_Magistrals-Laura-Klamburg_SETBA17-150x150.jpg 150w\" sizes=\"auto, (max-width: 300px) 100vw, 300px\" \/><\/div><a class=\"w-gallery-item-link\" aria-label=\"\u00a9 Laura G\u00e1lvez-Rhein\" href=\"https:\/\/fundaciosetba.org\/wp-content\/uploads\/2023\/03\/2023-02-14_Magistrals-Laura-Klamburg_SETBA17.jpg\" title=\"\u00a9 Laura G\u00e1lvez-Rhein\"><\/a><\/div><\/div><\/div>\n<p>Este proyecto recibe el patrocinio Capital Care y Bizcabar Servicios Inmobiliarios y la colaboraci\u00f3n del Ayuntamiento de Barcelona, Barna Art y Dincat.<\/p>\n<p>Fotografias: \u00a9 Laura G\u00e1lvez-Rhein<\/p>\n","protected":false},"excerpt":{"rendered":"<p>Durante este febrero, se han llevado a cabo diversas sesiones presenciales, en el marco del proyecto Magistrals, de la mano de la ilustradora y dise\u00f1adora Laura Klamburg,<\/p>\n","protected":false},"author":1,"featured_media":33488,"comment_status":"closed","ping_status":"closed","sticky":false,"template":"","format":"standard","meta":{"footnotes":""},"categories":[1352],"tags":[],"class_list":["post-33483","post","type-post","status-publish","format-standard","has-post-thumbnail","hentry","category-magistrales-es"],"_links":{"self":[{"href":"https:\/\/fundaciosetba.org\/es\/wp-json\/wp\/v2\/posts\/33483","targetHints":{"allow":["GET"]}}],"collection":[{"href":"https:\/\/fundaciosetba.org\/es\/wp-json\/wp\/v2\/posts"}],"about":[{"href":"https:\/\/fundaciosetba.org\/es\/wp-json\/wp\/v2\/types\/post"}],"author":[{"embeddable":true,"href":"https:\/\/fundaciosetba.org\/es\/wp-json\/wp\/v2\/users\/1"}],"replies":[{"embeddable":true,"href":"https:\/\/fundaciosetba.org\/es\/wp-json\/wp\/v2\/comments?post=33483"}],"version-history":[{"count":6,"href":"https:\/\/fundaciosetba.org\/es\/wp-json\/wp\/v2\/posts\/33483\/revisions"}],"predecessor-version":[{"id":33517,"href":"https:\/\/fundaciosetba.org\/es\/wp-json\/wp\/v2\/posts\/33483\/revisions\/33517"}],"wp:featuredmedia":[{"embeddable":true,"href":"https:\/\/fundaciosetba.org\/es\/wp-json\/wp\/v2\/media\/33488"}],"wp:attachment":[{"href":"https:\/\/fundaciosetba.org\/es\/wp-json\/wp\/v2\/media?parent=33483"}],"wp:term":[{"taxonomy":"category","embeddable":true,"href":"https:\/\/fundaciosetba.org\/es\/wp-json\/wp\/v2\/categories?post=33483"},{"taxonomy":"post_tag","embeddable":true,"href":"https:\/\/fundaciosetba.org\/es\/wp-json\/wp\/v2\/tags?post=33483"}],"curies":[{"name":"wp","href":"https:\/\/api.w.org\/{rel}","templated":true}]}}