{"id":33581,"date":"2023-03-16T12:33:45","date_gmt":"2023-03-16T11:33:45","guid":{"rendered":"https:\/\/fundaciosetba.org\/un-centenar-de-personas-asisten-a-la-inauguracion-de-dones-invisibles-en-el-palau-robert\/"},"modified":"2023-03-17T09:51:17","modified_gmt":"2023-03-17T08:51:17","slug":"un-centenar-de-personas-asisten-a-la-inauguracion-de-dones-invisibles-en-el-palau-robert","status":"publish","type":"post","link":"https:\/\/fundaciosetba.org\/es\/un-centenar-de-personas-asisten-a-la-inauguracion-de-dones-invisibles-en-el-palau-robert\/","title":{"rendered":"Un centenar de personas asisten a la inauguraci\u00f3n de \u201cDones Invisibles\u201d en el Palau Robert"},"content":{"rendered":"<p>M\u00e1s de un centenar de personas asisten a la inauguraci\u00f3n de \u201cDones invisibles\u201d para conocer la exposici\u00f3n que ilustra <em>Traspasando el objetivo<\/em> , el proyecto fotogr\u00e1fico dedicado a las mujeres internas en las c\u00e1rceles catalanas. La muestra, que se inaugur\u00f3 en el marco del D\u00eda Internacional de las Mujeres, se podr\u00e1 visitar en la sala 4 del Palau Robert hasta el 7 de mayo de 2023.<\/p>\n<p>Cristina Sampere, directora de la Fundaci\u00f3n Setba, ofreci\u00f3 una visita guiada a la Consejera de Justicia, Derechos y Memoria, la Hble. D\u00aa. Gemma Ubasart, a la Secretaria de Feminismos, D\u00aa. Montserrat Pineda; al Secretario de Medios de Comunicaci\u00f3n y Difusi\u00f3n, D. Oriol Duran, y a la Directora General de Difusi\u00f3n, D\u00aa. Eva Pomares.<\/p>\n<div class=\"w-gallery fit_cover wp_gallery type_grid action_popup_image ratio_1x1 count_2\" style=\"--columns:2;--items-gap:8px;\"><div class=\"w-gallery-list\"><div class=\"w-gallery-item\"><div class=\"w-gallery-item-img\"><img loading=\"lazy\" decoding=\"async\" width=\"300\" height=\"300\" src=\"https:\/\/fundaciosetba.org\/wp-content\/uploads\/2023\/03\/FqoyowRXwAQU0QL-300x300.jpg\" class=\"attachment-woocommerce_thumbnail size-woocommerce_thumbnail\" alt=\"\" srcset=\"https:\/\/fundaciosetba.org\/wp-content\/uploads\/2023\/03\/FqoyowRXwAQU0QL-300x300.jpg 300w, https:\/\/fundaciosetba.org\/wp-content\/uploads\/2023\/03\/FqoyowRXwAQU0QL-150x150.jpg 150w\" sizes=\"auto, (max-width: 300px) 100vw, 300px\" \/><\/div><a class=\"w-gallery-item-link\" aria-label=\"FqoyowRXwAQU0QL\" href=\"https:\/\/fundaciosetba.org\/wp-content\/uploads\/2023\/03\/FqoyowRXwAQU0QL.jpg\" title=\"FqoyowRXwAQU0QL\"><\/a><\/div><div class=\"w-gallery-item\"><div class=\"w-gallery-item-img\"><img loading=\"lazy\" decoding=\"async\" width=\"300\" height=\"300\" src=\"https:\/\/fundaciosetba.org\/wp-content\/uploads\/2023\/03\/FqoyqEEX0AEuDIn-300x300.jpg\" class=\"attachment-woocommerce_thumbnail size-woocommerce_thumbnail\" alt=\"\" srcset=\"https:\/\/fundaciosetba.org\/wp-content\/uploads\/2023\/03\/FqoyqEEX0AEuDIn-300x300.jpg 300w, https:\/\/fundaciosetba.org\/wp-content\/uploads\/2023\/03\/FqoyqEEX0AEuDIn-150x150.jpg 150w\" sizes=\"auto, (max-width: 300px) 100vw, 300px\" \/><\/div><a class=\"w-gallery-item-link\" aria-label=\"FqoyqEEX0AEuDIn\" href=\"https:\/\/fundaciosetba.org\/wp-content\/uploads\/2023\/03\/FqoyqEEX0AEuDIn.jpg\" title=\"FqoyqEEX0AEuDIn\"><\/a><\/div><\/div><\/div>\n<p>&nbsp;<\/p>\n<p>El acto inaugural cont\u00f3 con la bienvenida a cargo de la directora general de Difusi\u00f3n <strong>, que remarc\u00f3 la importancia de una exposici\u00f3n feminista a las puertas del D\u00eda de las Mujeres, afirmando que al menos el 80% de la poblaci\u00f3n penal femenina ha sufrido violencia machista<\/strong> .<\/p>\n<p>Al concluir el acto inaugural, <strong>la Consejera dio un reconocimiento a los proyectos art\u00edsticos que se realizan a diario en las c\u00e1rceles y reivindic\u00f3 la invisibilizaci\u00f3n que sufren las internas<\/strong>: \u00abRedactaremos el proyecto del nuevo centro penitenciario de mujeres de Barcelona, previsto para el 2027. El centro se ejecutar\u00e1 con perspectiva de g\u00e9nero y mejorar\u00e1 la calidad de vida de las internas, lo que facilitar\u00e1 su reinserci\u00f3n, que es el principal objetivo\u00bb .<\/p>\n<p>Durante la visita, Cristina Sampere, que estuvo acompa\u00f1ada de las coautoras del fotolibro Marta F\u00e0bregas, Laura G\u00e1lvez-Rhein y de Camila Oliveira destac\u00f3 que el objetivo del proyecto y de la exposici\u00f3n es empoderar y dar voz a este colectivo invisibilizado, que sufre una triple condena: social, personal y penitenciaria.<\/p>\n<p><strong>\u00abEste proyecto es la culminaci\u00f3n de c\u00f3mo, a trav\u00e9s de la fotograf\u00eda y el arte, podemos transformar a un colectivo que est\u00e1 en una situaci\u00f3n muy denigrada\u00bb, explica la directora art\u00edstica del proyecto Traspasando el objetivo, Marta F\u00e0bregas<\/strong>, mientras relataba c\u00f3mo hab\u00eda encontrado la manera de luchar contra el estigma que sufre el colectivo de mujeres internas buscando la belleza en un sitio inh\u00f3spito.<\/p>\n<p>Tambi\u00e9n, Camila Oliveira, participante de la primera edici\u00f3n de <em>Traspassant el objetivo<\/em> y coautora del fotolibro, relat\u00f3 qu\u00e9 sinti\u00f3 cuando supo del proyecto: \u00abFue un d\u00eda que estaba en el patio y vi que habr\u00eda un aula de fotograf\u00eda \u00bb. En ese momento se emocion\u00f3, ya que <strong>hac\u00eda tiempo que no tocaba una c\u00e1mara y ten\u00eda ganas de tomar fotograf\u00edas<\/strong> . Para ella, se trata de una buena idea porque es importante \u201cexpresarse de alguna forma art\u00edstica\u201d y que las mujeres reclusas se sientan \u201cvalidadas\u201d de alguna manera, ya que \u201ctener un momento agradable en prisi\u00f3n es oro \u201d.<\/p>\n<p><img loading=\"lazy\" decoding=\"async\" class=\"alignleft wp-image-33531\" src=\"https:\/\/fundaciosetba.org\/wp-content\/uploads\/2023\/03\/IMG_4734-1024x768.jpg\" alt=\"\" width=\"900\" height=\"675\" srcset=\"https:\/\/fundaciosetba.org\/wp-content\/uploads\/2023\/03\/IMG_4734-1024x768.jpg 1024w, https:\/\/fundaciosetba.org\/wp-content\/uploads\/2023\/03\/IMG_4734-300x225.jpg 300w, https:\/\/fundaciosetba.org\/wp-content\/uploads\/2023\/03\/IMG_4734-133x100.jpg 133w, https:\/\/fundaciosetba.org\/wp-content\/uploads\/2023\/03\/IMG_4734-533x400.jpg 533w, https:\/\/fundaciosetba.org\/wp-content\/uploads\/2023\/03\/IMG_4734-600x450.jpg 600w\" sizes=\"auto, (max-width: 900px) 100vw, 900px\" \/><\/p>\n<p>M\u00e1s informaci\u00f3n sobre la exposici\u00f3n: <a href=\"https:\/\/fundaciosetba.org\/inaugurem-exposicio-a-palau-robert-dones-invisibles\/\">https:\/\/fundaciosetba.org\/inaugurem-exposicio-a-palau-robert-mujeres-invisibles\/<\/a><\/p>\n","protected":false},"excerpt":{"rendered":"<p>M\u00e1s de un centenar de personas asisten a la inauguraci\u00f3n de \u201cDones Invisibles\u201d para conocer la exposici\u00f3n que ilustra Traspasando el objetivo. La muestra, que se inaugur\u00f3 en el marco del D\u00eda Internacional de las Mujeres se podr\u00e1 visitar en la sala 4 del Palau Robert hasta el 7 de mayo de 2023.<\/p>\n","protected":false},"author":1,"featured_media":33553,"comment_status":"closed","ping_status":"closed","sticky":false,"template":"","format":"standard","meta":{"footnotes":""},"categories":[1350],"tags":[],"class_list":["post-33581","post","type-post","status-publish","format-standard","has-post-thumbnail","hentry","category-traspasando-el-objetivo-es"],"_links":{"self":[{"href":"https:\/\/fundaciosetba.org\/es\/wp-json\/wp\/v2\/posts\/33581","targetHints":{"allow":["GET"]}}],"collection":[{"href":"https:\/\/fundaciosetba.org\/es\/wp-json\/wp\/v2\/posts"}],"about":[{"href":"https:\/\/fundaciosetba.org\/es\/wp-json\/wp\/v2\/types\/post"}],"author":[{"embeddable":true,"href":"https:\/\/fundaciosetba.org\/es\/wp-json\/wp\/v2\/users\/1"}],"replies":[{"embeddable":true,"href":"https:\/\/fundaciosetba.org\/es\/wp-json\/wp\/v2\/comments?post=33581"}],"version-history":[{"count":1,"href":"https:\/\/fundaciosetba.org\/es\/wp-json\/wp\/v2\/posts\/33581\/revisions"}],"predecessor-version":[{"id":33583,"href":"https:\/\/fundaciosetba.org\/es\/wp-json\/wp\/v2\/posts\/33581\/revisions\/33583"}],"wp:featuredmedia":[{"embeddable":true,"href":"https:\/\/fundaciosetba.org\/es\/wp-json\/wp\/v2\/media\/33553"}],"wp:attachment":[{"href":"https:\/\/fundaciosetba.org\/es\/wp-json\/wp\/v2\/media?parent=33581"}],"wp:term":[{"taxonomy":"category","embeddable":true,"href":"https:\/\/fundaciosetba.org\/es\/wp-json\/wp\/v2\/categories?post=33581"},{"taxonomy":"post_tag","embeddable":true,"href":"https:\/\/fundaciosetba.org\/es\/wp-json\/wp\/v2\/tags?post=33581"}],"curies":[{"name":"wp","href":"https:\/\/api.w.org\/{rel}","templated":true}]}}