{"id":33582,"date":"2023-03-16T16:12:19","date_gmt":"2023-03-16T15:12:19","guid":{"rendered":"https:\/\/fundaciosetba.org\/presentamos-brians-mujeres-invisibles-en-el-centre-cultural-llibreria-blanquerna-de-madrid\/"},"modified":"2023-03-17T09:53:36","modified_gmt":"2023-03-17T08:53:36","slug":"presentamos-brians-mujeres-invisibles-en-el-centre-cultural-llibreria-blanquerna-de-madrid","status":"publish","type":"post","link":"https:\/\/fundaciosetba.org\/es\/presentamos-brians-mujeres-invisibles-en-el-centre-cultural-llibreria-blanquerna-de-madrid\/","title":{"rendered":"Presentamos Brians: Mujeres Invisibles en el Centre Cultural-Llibreria Blanquerna de Madrid"},"content":{"rendered":"<p>Al d\u00eda siguiente del estreno de la exposici\u00f3n &#8216;Dones Invisibles&#8217; en el Palau Robert, se present\u00f3 en Madrid el fotolibro <em>Brians. Mujeres invisibles<\/em> en el Centre Cultural-Llibreria Blanquerna.<\/p>\n<p><strong>El acto, en el que asistieron una treintena de personas, fue presentado por la Honorable Sra. Ester Capella Farr\u00e9, Delegada del Gobierno de la Generalitat de Catalunya en Madrid y por el Sr. Amand Calder\u00f3, Secretario de Medidas Penales, Reinserci\u00f3n y Atenci\u00f3n a la V\u00edctima.<\/strong> Cont\u00f3 con las intervenciones de Cristina Sampere, Directora de la Fundaci\u00f3n Setba y Marta F\u00e0bregas, artista, coautora y directora del proyecto Traspasando el objetivo. Fue <strong>moderado por la Honorable D\u00aa. Dolors Bassa i Coll, Exconsejera de Trabajo, Asuntos Sociales y Familias<\/strong>. Y cont\u00f3 con la asistencia del Secretario General de Instituciones Penitenciar\u00edas del Ministerio Interior del Gobierno de Espa\u00f1a, D. \u00c1ngel Luis Ortiz.<\/p>\n<div class=\"w-gallery fit_cover wp_gallery type_grid action_popup_image ratio_1x1 count_3\" style=\"--columns:3;--items-gap:8px;\"><div class=\"w-gallery-list\"><div class=\"w-gallery-item\"><div class=\"w-gallery-item-img\"><img loading=\"lazy\" decoding=\"async\" width=\"300\" height=\"300\" src=\"https:\/\/fundaciosetba.org\/wp-content\/uploads\/2023\/03\/WhatsApp-Image-2023-03-09-at-22.05.26-1-300x300.jpeg\" class=\"attachment-woocommerce_thumbnail size-woocommerce_thumbnail\" alt=\"\" srcset=\"https:\/\/fundaciosetba.org\/wp-content\/uploads\/2023\/03\/WhatsApp-Image-2023-03-09-at-22.05.26-1-300x300.jpeg 300w, https:\/\/fundaciosetba.org\/wp-content\/uploads\/2023\/03\/WhatsApp-Image-2023-03-09-at-22.05.26-1-150x150.jpeg 150w\" sizes=\"auto, (max-width: 300px) 100vw, 300px\" \/><\/div><a class=\"w-gallery-item-link\" aria-label=\"WhatsApp Image 2023-03-09 at 22.05.26 (1)\" href=\"https:\/\/fundaciosetba.org\/wp-content\/uploads\/2023\/03\/WhatsApp-Image-2023-03-09-at-22.05.26-1.jpeg\" title=\"WhatsApp Image 2023-03-09 at 22.05.26 (1)\"><\/a><\/div><div class=\"w-gallery-item\"><div class=\"w-gallery-item-img\"><img loading=\"lazy\" decoding=\"async\" width=\"300\" height=\"300\" src=\"https:\/\/fundaciosetba.org\/wp-content\/uploads\/2023\/03\/WhatsApp-Image-2023-03-09-at-22.05.26-2-300x300.jpeg\" class=\"attachment-woocommerce_thumbnail size-woocommerce_thumbnail\" alt=\"\" srcset=\"https:\/\/fundaciosetba.org\/wp-content\/uploads\/2023\/03\/WhatsApp-Image-2023-03-09-at-22.05.26-2-300x300.jpeg 300w, https:\/\/fundaciosetba.org\/wp-content\/uploads\/2023\/03\/WhatsApp-Image-2023-03-09-at-22.05.26-2-150x150.jpeg 150w\" sizes=\"auto, (max-width: 300px) 100vw, 300px\" \/><\/div><a class=\"w-gallery-item-link\" aria-label=\"WhatsApp Image 2023-03-09 at 22.05.26 (2)\" href=\"https:\/\/fundaciosetba.org\/wp-content\/uploads\/2023\/03\/WhatsApp-Image-2023-03-09-at-22.05.26-2.jpeg\" title=\"WhatsApp Image 2023-03-09 at 22.05.26 (2)\"><\/a><\/div><div class=\"w-gallery-item\"><div class=\"w-gallery-item-img\"><img loading=\"lazy\" decoding=\"async\" width=\"300\" height=\"300\" src=\"https:\/\/fundaciosetba.org\/wp-content\/uploads\/2023\/03\/WhatsApp-Image-2023-03-09-at-22.05.27-300x300.jpeg\" class=\"attachment-woocommerce_thumbnail size-woocommerce_thumbnail\" alt=\"\" srcset=\"https:\/\/fundaciosetba.org\/wp-content\/uploads\/2023\/03\/WhatsApp-Image-2023-03-09-at-22.05.27-300x300.jpeg 300w, https:\/\/fundaciosetba.org\/wp-content\/uploads\/2023\/03\/WhatsApp-Image-2023-03-09-at-22.05.27-150x150.jpeg 150w\" sizes=\"auto, (max-width: 300px) 100vw, 300px\" \/><\/div><a class=\"w-gallery-item-link\" aria-label=\"WhatsApp Image 2023-03-09 at 22.05.27\" href=\"https:\/\/fundaciosetba.org\/wp-content\/uploads\/2023\/03\/WhatsApp-Image-2023-03-09-at-22.05.27.jpeg\" title=\"WhatsApp Image 2023-03-09 at 22.05.27\"><\/a><\/div><\/div><\/div>\n<p>La Delegada del Gobierno expres\u00f3 que cada instituci\u00f3n pol\u00edtica deber\u00eda garantizar que las mujeres tuvieran los mismos derechos que los hombres en la c\u00e1rcel: \u00abEs una obligaci\u00f3n, es un deber \u00e9tico, es un valor que debe impregnar todas las pol\u00edticas p\u00fablicas de los gobiernos y de los servicios penitenciarios. Tienen la obligaci\u00f3n de apoderar a las mujeres condenadas porque son m\u00e1s vulnerables que los hombres.\u00bb<\/p>\n<p>Durante su intervenci\u00f3n, Marta F\u00e0bregas, trat\u00f3 sobre c\u00f3mo el proyecto ha generado oportunidades a las internas a trav\u00e9s de mentor\u00edas, ya que seg\u00fan F\u00e0bregas: \u00abA nivel profesional es muy complicado, porque la formaci\u00f3n que damos en 10 sesiones es muy b\u00e1sica , pero por eso surge un poco la necesidad de hacer estas mentor\u00edas a las personas que m\u00e1s destacan y que muestran un inter\u00e9s especial, porque el hecho de que una vez salgan contacten con nosotros creo que tambi\u00e9n es un \u00e9xito\u00bb. <strong>F\u00e0bregas ha destacado el caso de Camila Oliveira, una participante de la primera edici\u00f3n a la que mentoriz\u00f3 y que ahora es coautora del fotolibro.<\/strong><\/p>\n<p><strong>La c\u00e1rcel tambi\u00e9n fue el v\u00ednculo que uni\u00f3 Camila con Dolors Bassa, ya que ambas coincidieron en el Centro Penitenciario Puig de les Basses y, gracias a ella, Bassa conoci\u00f3 el proyecto .<\/strong> \u00abA m\u00ed me emocion\u00f3 porque record\u00e9 que, en la mayor\u00eda de las c\u00e1rceles, las paredes son grises, sin nada, los espejos son trozos de pl\u00e1stico y pensar que alguien pod\u00eda destacar algo positivo en cada una de esas mujeres invisibilizadas , a m\u00ed me sorprendi\u00f3\u00bb, relat\u00f3 la exconsejera.<\/p>\n<p>\u00ab <strong>Usamos el retrato en este taller de fotograf\u00eda para que vuelvan a recuperar su imagen y eso es muy importante.<\/strong> En las primeras sesiones suelen venir con ch\u00e1ndal y las segundas con dos outfits super maquilladas, es cuando ves que algo est\u00e1 cambiando\u00bb, destac\u00f3 Cristina Sampere sobre la serie de cambios que van notando en las internas a medida que avanzan las sesiones y c\u00f3mo el proyecto transforma las relaciones entre ellas.<\/p>\n<p><strong>La directora de la Fundaci\u00f3n Setba tambi\u00e9n quiso agradecer el papel que tuvo Amand Calder\u00f3 en el desarrollo del proyecto, ya que fue \u00e9l quien propuso hacer un proyecto dirigido a las mujeres internas, porque eran las m\u00e1s invisibilizadas dentro de la<\/strong> poblaci\u00f3n penitenciaria. En su intervenci\u00f3n, el secretario de Medidas Penales dio importancia que sinti\u00f3 cuando ya vio el proyecto en marcha en el patio de Brians y Wad-Ras: \u00abYo he visto y he podido comprobar en las c\u00e1rceles la percepci\u00f3n que las internas ten\u00edan de este proyecto. Me emocion\u00f3 y me impresion\u00f3 ver c\u00f3mo ellas mismas ve\u00edan que aquello era mucho m\u00e1s que un curso y que realmente les hab\u00eda catapultado a una visi\u00f3n de s\u00ed mismas que casi yo dir\u00eda que ignoraban.\u00bb<\/p>\n<p>Puede ver la presentaci\u00f3n completa del fotolibro en el Youtube del Centre Cultural-Llibreria Blanquerna:<\/p>\n<p><a href=\"https:\/\/www.youtube.com\/live\/cs0bxOPcNNA?feature=share\">V\u00eddeo<\/a><\/p>\n<p>&nbsp;<\/p>\n","protected":false},"excerpt":{"rendered":"<p>El acto, en el que asistieron una treintena de personas, fue presentado por la Hble Sra. Ester Capella i Farr\u00e9, Delegada del Gobierno de la Generalitat de Catalunya en Madrid y por el sr. Amand Calder\u00f3, Secretario de Medidas Penales, Reinserci\u00f3n y Atenci\u00f3n a la V\u00edctima, y moderado por la Hble. Dolors Bassa i Coll, Exconsejera de Trabajo, Asuntos Sociales y Familias.<\/p>\n","protected":false},"author":1,"featured_media":33560,"comment_status":"closed","ping_status":"closed","sticky":false,"template":"","format":"standard","meta":{"footnotes":""},"categories":[1350],"tags":[],"class_list":["post-33582","post","type-post","status-publish","format-standard","has-post-thumbnail","hentry","category-traspasando-el-objetivo-es"],"_links":{"self":[{"href":"https:\/\/fundaciosetba.org\/es\/wp-json\/wp\/v2\/posts\/33582","targetHints":{"allow":["GET"]}}],"collection":[{"href":"https:\/\/fundaciosetba.org\/es\/wp-json\/wp\/v2\/posts"}],"about":[{"href":"https:\/\/fundaciosetba.org\/es\/wp-json\/wp\/v2\/types\/post"}],"author":[{"embeddable":true,"href":"https:\/\/fundaciosetba.org\/es\/wp-json\/wp\/v2\/users\/1"}],"replies":[{"embeddable":true,"href":"https:\/\/fundaciosetba.org\/es\/wp-json\/wp\/v2\/comments?post=33582"}],"version-history":[{"count":1,"href":"https:\/\/fundaciosetba.org\/es\/wp-json\/wp\/v2\/posts\/33582\/revisions"}],"predecessor-version":[{"id":33584,"href":"https:\/\/fundaciosetba.org\/es\/wp-json\/wp\/v2\/posts\/33582\/revisions\/33584"}],"wp:featuredmedia":[{"embeddable":true,"href":"https:\/\/fundaciosetba.org\/es\/wp-json\/wp\/v2\/media\/33560"}],"wp:attachment":[{"href":"https:\/\/fundaciosetba.org\/es\/wp-json\/wp\/v2\/media?parent=33582"}],"wp:term":[{"taxonomy":"category","embeddable":true,"href":"https:\/\/fundaciosetba.org\/es\/wp-json\/wp\/v2\/categories?post=33582"},{"taxonomy":"post_tag","embeddable":true,"href":"https:\/\/fundaciosetba.org\/es\/wp-json\/wp\/v2\/tags?post=33582"}],"curies":[{"name":"wp","href":"https:\/\/api.w.org\/{rel}","templated":true}]}}