{"id":33623,"date":"2023-04-13T09:56:00","date_gmt":"2023-04-13T08:56:00","guid":{"rendered":"https:\/\/fundaciosetba.org\/abiertas-las-inscripciones-para-mujer-fotografia-y-prision\/"},"modified":"2023-04-13T09:56:00","modified_gmt":"2023-04-13T08:56:00","slug":"abiertas-las-inscripciones-para-mujer-fotografia-y-prision","status":"publish","type":"post","link":"https:\/\/fundaciosetba.org\/es\/abiertas-las-inscripciones-para-mujer-fotografia-y-prision\/","title":{"rendered":"Abiertas las inscripciones para &#8216;Mujer, fotograf\u00eda y prisi\u00f3n&#8217;"},"content":{"rendered":"<p>En el marco de la exposici\u00f3n <em>Dones invisibles<\/em> de la sala Cotxeres del Palau Robert, que puede verse hasta el 7 de mayo, la Fundaci\u00f3n Setba organiza un coloquio entre mujeres fot\u00f3grafas con el patrocinio de Panasonic.<\/p>\n<p>Las fot\u00f3grafas <strong>Sandra Balsells, Tanit Plana, Laura G\u00e1lvez-Rhein y Marta F\u00e0bregas<\/strong> hablar\u00e1n sobre el poder de la fotograf\u00eda como herramienta de transformaci\u00f3n social en entornos de riesgo de exclusi\u00f3n y el papel de las mujeres en el mundo de la fotograf\u00eda profesional.<\/p>\n<p><strong>El encuentro tendr\u00e1 lugar el 17 de abril a las 18:30 h en el Sal\u00f3n de Actos del Palau Robert<\/strong> . El acceso es libre y gratuito, pero es necesaria previa inscripci\u00f3n a trav\u00e9s del correo: <strong>tramesespalaurobert@gencat.cat<\/strong><\/p>\n<p>Las cuatro fot\u00f3grafas participantes han colaborado con <em>Traspassant l&#8217;objectiu<\/em> , un proyecto de fotograf\u00eda para mujeres internas en centros penitenciarios de Catalu\u00f1a, organizado por la Fundaci\u00f3 Setba. F\u00e0bregas es la directora del proyecto y quien imparte el taller de fotograf\u00eda en las prisiones, G\u00e1lvez-Rhein es la documentalista del proceso, y Balsells y Plana son mentoras de internas que quieren continuar con la fotograf\u00eda. Durante el coloquio hablar\u00e1n de su experiencia en prisi\u00f3n, de casos de \u00e9xito del proyecto y de las dificultades que se han encontrado en su carrera profesional.<\/p>\n<p>El acto est\u00e1 organizado por la Fundaci\u00f3n Setba y el Palau Robert, y cuenta con el patrocinio de Panasonic.<\/p>\n","protected":false},"excerpt":{"rendered":"<p>El 17 de abril, con Sandra Balsells, Tanit Plana, Laura G\u00e1lvez-Rhein y Marta F\u00e0bregas, organizado por la Fundaci\u00f3 Setba y el Palau Robert en el marco de la exposici\u00f3n Dones Invisibles<\/p>\n","protected":false},"author":1,"featured_media":0,"comment_status":"closed","ping_status":"closed","sticky":false,"template":"","format":"standard","meta":{"footnotes":""},"categories":[1350],"tags":[],"class_list":["post-33623","post","type-post","status-publish","format-standard","hentry","category-traspasando-el-objetivo-es"],"_links":{"self":[{"href":"https:\/\/fundaciosetba.org\/es\/wp-json\/wp\/v2\/posts\/33623","targetHints":{"allow":["GET"]}}],"collection":[{"href":"https:\/\/fundaciosetba.org\/es\/wp-json\/wp\/v2\/posts"}],"about":[{"href":"https:\/\/fundaciosetba.org\/es\/wp-json\/wp\/v2\/types\/post"}],"author":[{"embeddable":true,"href":"https:\/\/fundaciosetba.org\/es\/wp-json\/wp\/v2\/users\/1"}],"replies":[{"embeddable":true,"href":"https:\/\/fundaciosetba.org\/es\/wp-json\/wp\/v2\/comments?post=33623"}],"version-history":[{"count":0,"href":"https:\/\/fundaciosetba.org\/es\/wp-json\/wp\/v2\/posts\/33623\/revisions"}],"wp:attachment":[{"href":"https:\/\/fundaciosetba.org\/es\/wp-json\/wp\/v2\/media?parent=33623"}],"wp:term":[{"taxonomy":"category","embeddable":true,"href":"https:\/\/fundaciosetba.org\/es\/wp-json\/wp\/v2\/categories?post=33623"},{"taxonomy":"post_tag","embeddable":true,"href":"https:\/\/fundaciosetba.org\/es\/wp-json\/wp\/v2\/tags?post=33623"}],"curies":[{"name":"wp","href":"https:\/\/api.w.org\/{rel}","templated":true}]}}