{"id":33657,"date":"2023-04-14T12:35:05","date_gmt":"2023-04-14T11:35:05","guid":{"rendered":"https:\/\/fundaciosetba.org\/abierta-la-convocatoria-del-natura-es-cultura-2023-destinada-a-entidades-de-salud-mental-de-cataluna\/"},"modified":"2023-04-14T12:35:05","modified_gmt":"2023-04-14T11:35:05","slug":"abierta-la-convocatoria-del-natura-es-cultura-2023-destinada-a-entidades-de-salud-mental-de-cataluna","status":"publish","type":"post","link":"https:\/\/fundaciosetba.org\/es\/abierta-la-convocatoria-del-natura-es-cultura-2023-destinada-a-entidades-de-salud-mental-de-cataluna\/","title":{"rendered":"Abierta la convocatoria del Natura es Cultura 2023, destinada a entidades de salud mental de Catalu\u00f1a"},"content":{"rendered":"<p>La Fundaci\u00f3 Setba abre una nueva edici\u00f3n (duod\u00e9cima) del <strong>proyecto de respiro art\u00edstico<\/strong> Natura es Cultura, dirigido a entidades de salud mental de Catalu\u00f1a. El proyecto est\u00e1 <strong>dirigido por el artista Quim Moya<\/strong> con la colaboraci\u00f3n del ingeniero forestal Ignasi Vilarasau y la psic\u00f3loga y bailarina, Maria Ribera.<\/p>\n<p>La convocatoria est\u00e1 abierta a todas las entidades de Catalu\u00f1a, legalmente constituidas, que trabajen con personas que conviven con trastornos mentales. Entre todas las entidades que se ajusten a los requisitos de la convocatoria, <strong>se realizar\u00e1 un sorteo para escoger las dos entidades que participar\u00e1n<\/strong> .<\/p>\n<p>El proyecto se llevar\u00e1 a cabo durante las dos \u00faltimas semanas de septiembre de 2023 en la residencia de artistas Cal Gras de Aviny\u00f3 (Bages).<\/p>\n<p>El proyecto tiene la voluntad de contribuir a la integraci\u00f3n social de los usuarios, fomentando sus capacidades art\u00edsticas y facilitando el contacto con la naturaleza. El objetivo es establecer un v\u00ednculo entre los usuarios y el entorno a trav\u00e9s del Land Art; descubrir el azar y el juego como mecanismos para la creaci\u00f3n art\u00edstica y, por \u00faltimo, compartir con los dem\u00e1s la experiencia del aprendizaje como forma de enriquecimiento personal, social, cultural y generadora de conocimientos.<\/p>\n<p><strong>Las inscripciones est\u00e1n abiertas hasta el 8 de junio de 2023<\/strong> . Para consultar las bases, visitar la p\u00e1gina web de la Fundaci\u00f3n Setba: <a href=\"https:\/\/fundaciosetba.org\/inscripcio-natura-es-cultura-2023\/\">https:\/\/fundaciosetba.org\/inscripcio-natura-es-cultura-2023\/<\/a><\/p>\n<p>En la edici\u00f3n del a\u00f1o pasado, y gracias a este proyecto, la Fundaci\u00f3n Setba particip\u00f3 por primera vez en el Festival Art&amp;Gavarres con la instalaci\u00f3n \u201cCaminants\u201d, formada por las 15 piezas trabajadas por las 3 entidades participantes en el estancia art\u00edstica en Cal Gras. La obra fue ubicada en el jard\u00edn del Museo Arqueol\u00f3gico de Girona, un lugar por el que pasan a diario un centenar de personas. La instalaci\u00f3n de las piezas corri\u00f3 a cargo de Quim Moya, Ignasi Vilarasau y los usuarios y profesionales de las entidades. Puede ver el <strong>reportaje resumen de la edici\u00f3n de 2022<\/strong> : <a href=\"https:\/\/youtu.be\/RsUQrnVzoW0\">https:\/\/youtu.be\/RsUQrnVzoW0<\/a><\/p>\n<p>Este proyecto est\u00e1 organizado por la Fundaci\u00f3n Setba con el patrocinio de Bizcabar y Capital Care y con la colaboraci\u00f3n de Cal Gras, Pinturas Lepanto y Chocolates Torras y con el apoyo del Ayuntamiento de Aviny\u00f3.<\/p>\n<p>Fotograf\u00edas de Laura G\u00e1lvez-Rhein de la edici\u00f3n de 2022:<\/p>\n<div class=\"w-gallery fit_cover wp_gallery type_grid action_popup_image ratio_1x1 count_6\" style=\"--columns:3;--items-gap:8px;\"><div class=\"w-gallery-list\"><div class=\"w-gallery-item\"><div class=\"w-gallery-item-img\"><img loading=\"lazy\" decoding=\"async\" width=\"150\" height=\"150\" src=\"https:\/\/fundaciosetba.org\/wp-content\/uploads\/2023\/04\/2022-09-22_Natura-es-cultura-G3_SETBA_05-150x150.jpg\" class=\"attachment-thumbnail size-thumbnail\" alt=\"\" srcset=\"https:\/\/fundaciosetba.org\/wp-content\/uploads\/2023\/04\/2022-09-22_Natura-es-cultura-G3_SETBA_05-150x150.jpg 150w, https:\/\/fundaciosetba.org\/wp-content\/uploads\/2023\/04\/2022-09-22_Natura-es-cultura-G3_SETBA_05-300x300.jpg 300w\" sizes=\"auto, (max-width: 150px) 100vw, 150px\" \/><\/div><a class=\"w-gallery-item-link\" aria-label=\"2022-09-22_Natura \u00e9s cultura-G3_SETBA_05\" href=\"https:\/\/fundaciosetba.org\/wp-content\/uploads\/2023\/04\/2022-09-22_Natura-es-cultura-G3_SETBA_05.jpg\" title=\"2022-09-22_Natura \u00e9s cultura-G3_SETBA_05\"><\/a><\/div><div class=\"w-gallery-item\"><div class=\"w-gallery-item-img\"><img loading=\"lazy\" decoding=\"async\" width=\"150\" height=\"150\" src=\"https:\/\/fundaciosetba.org\/wp-content\/uploads\/2023\/04\/2022-09-22_Natura-es-cultura-G3_SETBA_27-150x150.jpg\" class=\"attachment-thumbnail size-thumbnail\" alt=\"\" srcset=\"https:\/\/fundaciosetba.org\/wp-content\/uploads\/2023\/04\/2022-09-22_Natura-es-cultura-G3_SETBA_27-150x150.jpg 150w, https:\/\/fundaciosetba.org\/wp-content\/uploads\/2023\/04\/2022-09-22_Natura-es-cultura-G3_SETBA_27-300x300.jpg 300w\" sizes=\"auto, (max-width: 150px) 100vw, 150px\" \/><\/div><a class=\"w-gallery-item-link\" aria-label=\"\u00a9Laura G\u00e1lvez-Rhein\" href=\"https:\/\/fundaciosetba.org\/wp-content\/uploads\/2023\/04\/2022-09-22_Natura-es-cultura-G3_SETBA_27.jpg\" title=\"\u00a9Laura G\u00e1lvez-Rhein\"><\/a><\/div><div class=\"w-gallery-item\"><div class=\"w-gallery-item-img\"><img loading=\"lazy\" decoding=\"async\" width=\"150\" height=\"150\" src=\"https:\/\/fundaciosetba.org\/wp-content\/uploads\/2023\/04\/2022-09-14_Natura-es-cultura-G2_SETBA_26-150x150.jpg\" class=\"attachment-thumbnail size-thumbnail\" alt=\"\" srcset=\"https:\/\/fundaciosetba.org\/wp-content\/uploads\/2023\/04\/2022-09-14_Natura-es-cultura-G2_SETBA_26-150x150.jpg 150w, https:\/\/fundaciosetba.org\/wp-content\/uploads\/2023\/04\/2022-09-14_Natura-es-cultura-G2_SETBA_26-300x300.jpg 300w\" sizes=\"auto, (max-width: 150px) 100vw, 150px\" \/><\/div><a class=\"w-gallery-item-link\" aria-label=\"\u00a9Laura G\u00e1lvez-Rhein\" href=\"https:\/\/fundaciosetba.org\/wp-content\/uploads\/2023\/04\/2022-09-14_Natura-es-cultura-G2_SETBA_26.jpg\" title=\"\u00a9Laura G\u00e1lvez-Rhein\"><\/a><\/div><div class=\"w-gallery-item\"><div class=\"w-gallery-item-img\"><img loading=\"lazy\" decoding=\"async\" width=\"150\" height=\"150\" src=\"https:\/\/fundaciosetba.org\/wp-content\/uploads\/2023\/04\/2022-09-14_Natura-es-cultura-G2_SETBA_46-150x150.jpg\" class=\"attachment-thumbnail size-thumbnail\" alt=\"\" srcset=\"https:\/\/fundaciosetba.org\/wp-content\/uploads\/2023\/04\/2022-09-14_Natura-es-cultura-G2_SETBA_46-150x150.jpg 150w, https:\/\/fundaciosetba.org\/wp-content\/uploads\/2023\/04\/2022-09-14_Natura-es-cultura-G2_SETBA_46-300x300.jpg 300w\" sizes=\"auto, (max-width: 150px) 100vw, 150px\" \/><\/div><a class=\"w-gallery-item-link\" aria-label=\"\u00a9Laura G\u00e1lvez-Rhein\" href=\"https:\/\/fundaciosetba.org\/wp-content\/uploads\/2023\/04\/2022-09-14_Natura-es-cultura-G2_SETBA_46.jpg\" title=\"\u00a9Laura G\u00e1lvez-Rhein\"><\/a><\/div><div class=\"w-gallery-item\"><div class=\"w-gallery-item-img\"><img loading=\"lazy\" decoding=\"async\" width=\"150\" height=\"150\" src=\"https:\/\/fundaciosetba.org\/wp-content\/uploads\/2023\/04\/2022-09-09_Natura-es-cultura-G1_SETBA_45-150x150.jpg\" class=\"attachment-thumbnail size-thumbnail\" alt=\"\" srcset=\"https:\/\/fundaciosetba.org\/wp-content\/uploads\/2023\/04\/2022-09-09_Natura-es-cultura-G1_SETBA_45-150x150.jpg 150w, https:\/\/fundaciosetba.org\/wp-content\/uploads\/2023\/04\/2022-09-09_Natura-es-cultura-G1_SETBA_45-300x300.jpg 300w\" sizes=\"auto, (max-width: 150px) 100vw, 150px\" \/><\/div><a class=\"w-gallery-item-link\" aria-label=\"\u00a9Laura G\u00e1lvez-Rhein\" href=\"https:\/\/fundaciosetba.org\/wp-content\/uploads\/2023\/04\/2022-09-09_Natura-es-cultura-G1_SETBA_45.jpg\" title=\"\u00a9Laura G\u00e1lvez-Rhein\"><\/a><\/div><div class=\"w-gallery-item\"><div class=\"w-gallery-item-img\"><img loading=\"lazy\" decoding=\"async\" width=\"150\" height=\"150\" src=\"https:\/\/fundaciosetba.org\/wp-content\/uploads\/2023\/04\/Natura-es-cultura-2022-foto-Laura-Galvez-Rhein-150x150.jpg\" class=\"attachment-thumbnail size-thumbnail\" alt=\"\" srcset=\"https:\/\/fundaciosetba.org\/wp-content\/uploads\/2023\/04\/Natura-es-cultura-2022-foto-Laura-Galvez-Rhein-150x150.jpg 150w, https:\/\/fundaciosetba.org\/wp-content\/uploads\/2023\/04\/Natura-es-cultura-2022-foto-Laura-Galvez-Rhein-300x300.jpg 300w\" sizes=\"auto, (max-width: 150px) 100vw, 150px\" \/><\/div><a class=\"w-gallery-item-link\" aria-label=\"\u00a9Laura G\u00e1lvez-Rhein\" href=\"https:\/\/fundaciosetba.org\/wp-content\/uploads\/2023\/04\/Natura-es-cultura-2022-foto-Laura-Galvez-Rhein.jpg\" title=\"\u00a9Laura G\u00e1lvez-Rhein\"><\/a><\/div><\/div><\/div>\n","protected":false},"excerpt":{"rendered":"<p>La Fundaci\u00f3 Setba abre una nueva edici\u00f3n del proyecto de respiro art\u00edstico Natura es Cultura, dirigido a entidades de salud mental de Catalu\u00f1a. El proyecto est\u00e1 dirigido por el artista Quim Moya con la colaboraci\u00f3n del ingeniero forestal Ignasi Vilarasau y la psic\u00f3loga y bailarina, Maria Ribera.<\/p>\n","protected":false},"author":1,"featured_media":0,"comment_status":"closed","ping_status":"closed","sticky":false,"template":"","format":"standard","meta":{"footnotes":""},"categories":[1355],"tags":[],"class_list":["post-33657","post","type-post","status-publish","format-standard","hentry","category-naturaleza-es-cultura"],"_links":{"self":[{"href":"https:\/\/fundaciosetba.org\/es\/wp-json\/wp\/v2\/posts\/33657","targetHints":{"allow":["GET"]}}],"collection":[{"href":"https:\/\/fundaciosetba.org\/es\/wp-json\/wp\/v2\/posts"}],"about":[{"href":"https:\/\/fundaciosetba.org\/es\/wp-json\/wp\/v2\/types\/post"}],"author":[{"embeddable":true,"href":"https:\/\/fundaciosetba.org\/es\/wp-json\/wp\/v2\/users\/1"}],"replies":[{"embeddable":true,"href":"https:\/\/fundaciosetba.org\/es\/wp-json\/wp\/v2\/comments?post=33657"}],"version-history":[{"count":0,"href":"https:\/\/fundaciosetba.org\/es\/wp-json\/wp\/v2\/posts\/33657\/revisions"}],"wp:attachment":[{"href":"https:\/\/fundaciosetba.org\/es\/wp-json\/wp\/v2\/media?parent=33657"}],"wp:term":[{"taxonomy":"category","embeddable":true,"href":"https:\/\/fundaciosetba.org\/es\/wp-json\/wp\/v2\/categories?post=33657"},{"taxonomy":"post_tag","embeddable":true,"href":"https:\/\/fundaciosetba.org\/es\/wp-json\/wp\/v2\/tags?post=33657"}],"curies":[{"name":"wp","href":"https:\/\/api.w.org\/{rel}","templated":true}]}}