{"id":33665,"date":"2023-04-21T12:25:20","date_gmt":"2023-04-21T11:25:20","guid":{"rendered":"https:\/\/fundaciosetba.org\/marta-fabregas-sera-la-nueva-directora-artistica-del-proyecto-magistrales\/"},"modified":"2023-05-04T10:19:35","modified_gmt":"2023-05-04T09:19:35","slug":"marta-fabregas-sera-la-nueva-directora-artistica-del-proyecto-magistrales","status":"publish","type":"post","link":"https:\/\/fundaciosetba.org\/es\/marta-fabregas-sera-la-nueva-directora-artistica-del-proyecto-magistrales\/","title":{"rendered":"Marta F\u00e0bregas ser\u00e1 la nueva directora art\u00edstica del proyecto Magistrales"},"content":{"rendered":"<p>La artista Marta F\u00e0bregas, actual directora art\u00edstica de Traspasando el objetivo, dirigir\u00e1 la <strong>tercera edici\u00f3n del proyecto de formaci\u00f3n pedag\u00f3gica MAGISTRALES<\/strong> , dirigido a entidades que trabajan con personas con discapacidad intelectual en Catalu\u00f1a, <strong>donde se explicar\u00e1 la t\u00e9cnica del collage<\/strong> .<\/p>\n<p>Durante estas primeras dos ediciones nos han acompa\u00f1ado <strong>Jaime S\u00fanico<\/strong> , artista pl\u00e1stico con la <a href=\"https:\/\/www.youtube.com\/watch?v=ac_-ySdhFFc\">c\u00e1psula audiovisual \u201cPerder el miedo al papel en blanco\u201d<\/a> , y la dise\u00f1adora e ilustradora <strong>Laura Klamburg<\/strong> a trav\u00e9s de la <a href=\"https:\/\/www.youtube.com\/watch?v=iLpmaRvfz18\">c\u00e1psula \u201cColores y emociones\u201d<\/a> . Disponible ambas en Youtube.<\/p>\n<p>Los objetivos de este proyecto son:<br \/>\n1-Mejorar la calidad de los talleres art\u00edsticos que se llevan a cabo en estas entidades.<br \/>\n2-Ayudar a los educadores sociales a detectar el talento de sus usuarios<br \/>\n3-Visibilizar y reconocer el talento de estos artistas.<\/p>\n<p><a href=\"https:\/\/www.martafabregas.com\/\">Marta F\u00e0bregas<\/a> es artista, activista y fot\u00f3grafa formada en el Instituto de Estudios Fotogr\u00e1ficos de Catalu\u00f1a. F\u00e0bregas ha articulado su pr\u00e1ctica feminista de forma transversal tanto en sus obras como en su vida cotidiana. En el \u00faltimo a\u00f1o, adem\u00e1s de participar en ferias internacionales de Madrid, Par\u00eds, Los \u00c1ngeles, ha expuesto en instituciones como el Museo Frederic Mar\u00e8s de Barcelona y en galer\u00edas nacionales e internacionales como la Pigment Gallery ( de Barcelona y Par\u00eds), en la galer\u00eda Jorge Alcolea de Madrid, en la galer\u00eda Airel Jakob (Par\u00eds, Francia), en la galer\u00eda Saraceno Art Gallery de Roma, Italia) y en el BlinkGroup Gallery (Miami, Estados Unidos).<\/p>\n<p>Las entidades beneficiarias de la formaci\u00f3n online que trabajar\u00e1n y pondr\u00e1n en pr\u00e1ctica la t\u00e9cnica del collage son: la <strong>Asociaci\u00f3n de Discapacidades de Aran<\/strong> (ADDA), el CO <strong>Cordada d&#8217;Osas<\/strong> , el grupo <strong>DEM<\/strong> , la <strong>Fundaci\u00f3n privada Ilersis<\/strong> y <strong>Apasa<\/strong> .<\/p>\n<p>Sin embargo, como cada a\u00f1o, a partir del 1 de diciembre, en el marco del D\u00eda Internacional de las personas con discapacidad intelectual, se publicar\u00e1 esta formaci\u00f3n en el canal de Youtube de la Fundaci\u00f3n, para que cualquier entidad o persona interesada pueda acceder.<\/p>\n<p>Este proyecto recibe el patrocinio Capital Care, Bizcabar Servicios Inmobiliarios y Ayuntamiento de Barcelona y la colaboraci\u00f3n de Barna Art y Dincat.<\/p>\n","protected":false},"excerpt":{"rendered":"<p>La artista Marta F\u00e0bregas dirigir\u00e1 la tercera edici\u00f3n del proyecto de formaci\u00f3n pedag\u00f3gica MAGISTRALS, dirigido a entidades del sector de la discapacidad intelectual, donde se explicar\u00e1 la t\u00e9cnica del collage.<\/p>\n","protected":false},"author":1,"featured_media":33663,"comment_status":"closed","ping_status":"closed","sticky":false,"template":"","format":"standard","meta":{"footnotes":""},"categories":[1352],"tags":[],"class_list":["post-33665","post","type-post","status-publish","format-standard","has-post-thumbnail","hentry","category-magistrales-es"],"_links":{"self":[{"href":"https:\/\/fundaciosetba.org\/es\/wp-json\/wp\/v2\/posts\/33665","targetHints":{"allow":["GET"]}}],"collection":[{"href":"https:\/\/fundaciosetba.org\/es\/wp-json\/wp\/v2\/posts"}],"about":[{"href":"https:\/\/fundaciosetba.org\/es\/wp-json\/wp\/v2\/types\/post"}],"author":[{"embeddable":true,"href":"https:\/\/fundaciosetba.org\/es\/wp-json\/wp\/v2\/users\/1"}],"replies":[{"embeddable":true,"href":"https:\/\/fundaciosetba.org\/es\/wp-json\/wp\/v2\/comments?post=33665"}],"version-history":[{"count":1,"href":"https:\/\/fundaciosetba.org\/es\/wp-json\/wp\/v2\/posts\/33665\/revisions"}],"predecessor-version":[{"id":33676,"href":"https:\/\/fundaciosetba.org\/es\/wp-json\/wp\/v2\/posts\/33665\/revisions\/33676"}],"wp:featuredmedia":[{"embeddable":true,"href":"https:\/\/fundaciosetba.org\/es\/wp-json\/wp\/v2\/media\/33663"}],"wp:attachment":[{"href":"https:\/\/fundaciosetba.org\/es\/wp-json\/wp\/v2\/media?parent=33665"}],"wp:term":[{"taxonomy":"category","embeddable":true,"href":"https:\/\/fundaciosetba.org\/es\/wp-json\/wp\/v2\/categories?post=33665"},{"taxonomy":"post_tag","embeddable":true,"href":"https:\/\/fundaciosetba.org\/es\/wp-json\/wp\/v2\/tags?post=33665"}],"curies":[{"name":"wp","href":"https:\/\/api.w.org\/{rel}","templated":true}]}}