{"id":33750,"date":"2023-05-10T11:06:19","date_gmt":"2023-05-10T10:06:19","guid":{"rendered":"https:\/\/fundaciosetba.org\/exito-de-visitantes-en-la-exposicion-mujeres-invisibles-en-el-palau-robert\/"},"modified":"2023-05-30T15:03:46","modified_gmt":"2023-05-30T14:03:46","slug":"exito-de-visitantes-en-la-exposicion-mujeres-invisibles-en-el-palau-robert","status":"publish","type":"post","link":"https:\/\/fundaciosetba.org\/es\/exito-de-visitantes-en-la-exposicion-mujeres-invisibles-en-el-palau-robert\/","title":{"rendered":"\u00c9xito de visitantes en la exposici\u00f3n \u201cMujeres Invisibles\u201d en el Palau Robert"},"content":{"rendered":"<p><strong>Unas 20.000 personas asisten a la exposici\u00f3n <em>Mujeres Invisibles<\/em> del Palau Robert<\/strong> , desde su inauguraci\u00f3n el pasado 7 de marzo. La muestra, que ha superado la media diaria de visitantes en relaci\u00f3n a los dos \u00faltimos a\u00f1os en esta sala, ilustra <em>Traspasando el objetivo<\/em> , el proyecto fotogr\u00e1fico de la Fundaci\u00f3n Setba dedicado a mujeres internas en centros penitenciarios de Catalu\u00f1a.<\/p>\n<p>Con una media diaria de 346 visitas \u2014duplicando en 2022 y triplicando en 2021\u2014, en la exposici\u00f3n se han podido ver fotograf\u00edas y paneles explicativos de las diferentes fases del proceso, donde <strong>se ha hablado de empoderamiento, comunicaci\u00f3n y de nuevas oportunidades<\/strong> . Tambi\u00e9n se han podido ver los diferentes trabajos de las internas, que han participado en los talleres de fotograf\u00eda, as\u00ed como retratos de la directora art\u00edstica del proyecto, Marta F\u00e0bregas, fotograf\u00edas de los espacios interiores de Brians 1, tomadas por Laura G\u00e1lvez -Rhein, y sendos reportajes elaborados por dos internas, Camila Oliveira y Sofia Kyprisli, que contaron con la mentor\u00eda de F\u00e0bregas y Sandra Balsells, respectivamente.<\/p>\n<p>Durante los dos meses que ha estado vigente la exposici\u00f3n, se han celebrado visitas guiadas y <strong>debate sobre el poder de la fotograf\u00eda en entornos de riesgo de exclusi\u00f3n y el papel de las mujeres en el mundo de la fotograf\u00eda profesional<\/strong>, a cargo de <strong>Sandra Balsells<\/strong>,  <strong>Tanit Plana, Marta F\u00e0bregas y Laura G\u00e1lvez-Rhein<\/strong> y moderado por la directora de la Fundaci\u00f3n Setba, Cristina Sampere. Las fot\u00f3grafas hablaron de su experiencia en prisi\u00f3n, de casos de \u00e9xito del proyecto y de las dificultades que se hab\u00edan encontrado en su carrera profesional. Este debate titulado <strong><em>Mujer, fotograf\u00eda y prisi\u00f3n<\/em><\/strong> , se celebr\u00f3 en directo en el sal\u00f3n de actos del Palau Robert y actualmente est\u00e1 <a href=\"https:\/\/youtu.be\/4cPGLMDOvNA\">DISPONIBLE EN YOUTUBE, un debate similar con las mismas fot\u00f3grafas rodado en el estudio de La Fotogr\u00e0fica<\/a> .<\/p>\n<p>Desde marzo de 2022, el proyecto <em>Traspassant el objetivo<\/em> se ha ido visibilizando a trav\u00e9s de conferencias y presentaciones de su fotolibro: <a href=\"https:\/\/fundaciosetba.org\/producte\/brians-mujeres-invisibles\/\"><em>BRIANS: mujeres invisibles<\/em><\/a> , editado por Lum\u00ednic. <strong>Desde su lanzamiento, se han vendido 203, de los cuales el 20% ha sido durante la exposici\u00f3n<\/strong> <em>Mujeres Invisibles<\/em> , a trav\u00e9s de la <a href=\"https:\/\/palaurobert.gencat.cat\/es\/inici\/\">Oficina de Turismo de Catalu\u00f1a situada en el hall del Palau Robert<\/a> . Con la venta de este libro, la Fundaci\u00f3n quiere contribuir a generar oportunidades en las internas, seguir realizando este proyecto y demostrar que el arte y la cultura son una herramienta de transformaci\u00f3n social. Una poderosa herramienta que siempre nos salva.<\/p>\n<p>Cristina Sampere, directora de Fundaci\u00f3n Setba, destaca que \u00abel objetivo del proyecto y de la exposici\u00f3n es empoderar y dar voz a este colectivo invisibilizado, que <strong>sufre una triple condena: social, personal y penitenciaria<\/strong> \u00bb. \u00abEste proyecto es la culminaci\u00f3n de c\u00f3mo, a trav\u00e9s de la fotograf\u00eda y el arte, podemos transformar a un colectivo que est\u00e1 en una situaci\u00f3n muy denigrada\u00bb, explica la directora art\u00edstica del proyecto, Marta F\u00e0bregas.<\/p>\n<p>La exposici\u00f3n ha tenido muy buena aceptaci\u00f3n por parte de los visitantes que han compartido su experiencia a trav\u00e9s de las redes sociales, pero tambi\u00e9n por parte de los medios de comunicaci\u00f3n. Se han publicado 37 noticias sobre <em>Mujeres Invisibles<\/em> , entre las que se destaca la conexi\u00f3n en directo al programa la plaza T\u00edsner de <a href=\"https:\/\/beteve.cat\/placa-tisner\/afroreferents-feministes\/\">Betev\u00e9<\/a> , <a href=\"https:\/\/www.timeout.cat\/barcelona\/ca\/art\/temporada-de-fotografia\">TimeOut<\/a> para mejores exposiciones de fotograf\u00eda de Barcelona, los boletines informativos de <a href=\"https:\/\/www.ccma.cat\/catradio\/alacarta\/catalunya-informacio-directe\/catalunya-informacio-de-15-a-16-h-08032023\/audio\/1164880\/\">Catalunya R\u00e0dio<\/a> o <a href=\"https:\/\/www.rac1.cat\/a-la-carta\/detail\/92733fd1-00a6-4c04-9bae-52f9069140f2\">RAC1<\/a> o <a href=\"https:\/\/www.rtve.es\/play\/audios\/serveis-informatius-radio-4\/exposicio-dones-invisibles-palau\/6829399\/\">R\u00e0dio 4<\/a> .<\/p>\n<p><a href=\"https:\/\/fundaciosetba.org\/projecte\/traspassant-lobjectiu\/\"><strong>M\u00e1s informaci\u00f3n sobre el proyecto<\/strong><\/a><\/p>\n<div class=\"w-gallery fit_cover wp_gallery type_grid action_popup_image ratio_1x1 count_9\" style=\"--columns:3;--items-gap:8px;\"><div class=\"w-gallery-list\"><div class=\"w-gallery-item\"><div class=\"w-gallery-item-img\"><img loading=\"lazy\" decoding=\"async\" width=\"300\" height=\"300\" src=\"https:\/\/fundaciosetba.org\/wp-content\/uploads\/2023\/05\/Lafotografica_43B2452-300x300.jpg\" class=\"attachment-woocommerce_thumbnail size-woocommerce_thumbnail\" alt=\"\" srcset=\"https:\/\/fundaciosetba.org\/wp-content\/uploads\/2023\/05\/Lafotografica_43B2452-300x300.jpg 300w, https:\/\/fundaciosetba.org\/wp-content\/uploads\/2023\/05\/Lafotografica_43B2452-150x150.jpg 150w\" sizes=\"auto, (max-width: 300px) 100vw, 300px\" \/><\/div><div class=\"w-gallery-item-meta\"><div class=\"w-gallery-item-title\">\u00a9La Fotogr\u00e0fica<\/div><\/div><a class=\"w-gallery-item-link\" aria-label=\"\u00a9La Fotogr\u00e0fica\" href=\"https:\/\/fundaciosetba.org\/wp-content\/uploads\/2023\/05\/Lafotografica_43B2452.jpg\" title=\"\u00a9La Fotogr\u00e0fica\"><\/a><\/div><div class=\"w-gallery-item\"><div class=\"w-gallery-item-img\"><img loading=\"lazy\" decoding=\"async\" width=\"300\" height=\"300\" src=\"https:\/\/fundaciosetba.org\/wp-content\/uploads\/2023\/05\/Lafotografica_43B2475-300x300.jpg\" class=\"attachment-woocommerce_thumbnail size-woocommerce_thumbnail\" alt=\"\" srcset=\"https:\/\/fundaciosetba.org\/wp-content\/uploads\/2023\/05\/Lafotografica_43B2475-300x300.jpg 300w, https:\/\/fundaciosetba.org\/wp-content\/uploads\/2023\/05\/Lafotografica_43B2475-150x150.jpg 150w\" sizes=\"auto, (max-width: 300px) 100vw, 300px\" \/><\/div><div class=\"w-gallery-item-meta\"><div class=\"w-gallery-item-title\">\u00a9La Fotogr\u00e0fica<\/div><\/div><a class=\"w-gallery-item-link\" aria-label=\"\u00a9La Fotogr\u00e0fica\" href=\"https:\/\/fundaciosetba.org\/wp-content\/uploads\/2023\/05\/Lafotografica_43B2475.jpg\" title=\"\u00a9La Fotogr\u00e0fica\"><\/a><\/div><div class=\"w-gallery-item\"><div class=\"w-gallery-item-img\"><img loading=\"lazy\" decoding=\"async\" width=\"300\" height=\"300\" src=\"https:\/\/fundaciosetba.org\/wp-content\/uploads\/2023\/05\/Lafotografica_43B2540-300x300.jpg\" class=\"attachment-woocommerce_thumbnail size-woocommerce_thumbnail\" alt=\"\" srcset=\"https:\/\/fundaciosetba.org\/wp-content\/uploads\/2023\/05\/Lafotografica_43B2540-300x300.jpg 300w, https:\/\/fundaciosetba.org\/wp-content\/uploads\/2023\/05\/Lafotografica_43B2540-150x150.jpg 150w\" sizes=\"auto, (max-width: 300px) 100vw, 300px\" \/><\/div><div class=\"w-gallery-item-meta\"><div class=\"w-gallery-item-title\">\u00a9La Fotogr\u00e0fica<\/div><\/div><a class=\"w-gallery-item-link\" aria-label=\"\u00a9La Fotogr\u00e0fica\" href=\"https:\/\/fundaciosetba.org\/wp-content\/uploads\/2023\/05\/Lafotografica_43B2540.jpg\" title=\"\u00a9La Fotogr\u00e0fica\"><\/a><\/div><div class=\"w-gallery-item\"><div class=\"w-gallery-item-img\"><img loading=\"lazy\" decoding=\"async\" width=\"300\" height=\"300\" src=\"https:\/\/fundaciosetba.org\/wp-content\/uploads\/2023\/05\/Lafotografica_43B2559-300x300.jpg\" class=\"attachment-woocommerce_thumbnail size-woocommerce_thumbnail\" alt=\"\" srcset=\"https:\/\/fundaciosetba.org\/wp-content\/uploads\/2023\/05\/Lafotografica_43B2559-300x300.jpg 300w, https:\/\/fundaciosetba.org\/wp-content\/uploads\/2023\/05\/Lafotografica_43B2559-150x150.jpg 150w\" sizes=\"auto, (max-width: 300px) 100vw, 300px\" \/><\/div><div class=\"w-gallery-item-meta\"><div class=\"w-gallery-item-title\">\u00a9La Fotogr\u00e0fica<\/div><\/div><a class=\"w-gallery-item-link\" aria-label=\"\u00a9La Fotogr\u00e0fica\" href=\"https:\/\/fundaciosetba.org\/wp-content\/uploads\/2023\/05\/Lafotografica_43B2559.jpg\" title=\"\u00a9La Fotogr\u00e0fica\"><\/a><\/div><div class=\"w-gallery-item\"><div class=\"w-gallery-item-img\"><img loading=\"lazy\" decoding=\"async\" width=\"300\" height=\"300\" src=\"https:\/\/fundaciosetba.org\/wp-content\/uploads\/2023\/05\/Lafotografica_43B2581-300x300.jpg\" class=\"attachment-woocommerce_thumbnail size-woocommerce_thumbnail\" alt=\"\" srcset=\"https:\/\/fundaciosetba.org\/wp-content\/uploads\/2023\/05\/Lafotografica_43B2581-300x300.jpg 300w, https:\/\/fundaciosetba.org\/wp-content\/uploads\/2023\/05\/Lafotografica_43B2581-150x150.jpg 150w\" sizes=\"auto, (max-width: 300px) 100vw, 300px\" \/><\/div><div class=\"w-gallery-item-meta\"><div class=\"w-gallery-item-title\">\u00a9La Fotogr\u00e0fica<\/div><\/div><a class=\"w-gallery-item-link\" aria-label=\"\u00a9La Fotogr\u00e0fica\" href=\"https:\/\/fundaciosetba.org\/wp-content\/uploads\/2023\/05\/Lafotografica_43B2581.jpg\" title=\"\u00a9La Fotogr\u00e0fica\"><\/a><\/div><div class=\"w-gallery-item\"><div class=\"w-gallery-item-img\"><img loading=\"lazy\" decoding=\"async\" width=\"300\" height=\"300\" src=\"https:\/\/fundaciosetba.org\/wp-content\/uploads\/2023\/05\/Lafotografica_43B2616-300x300.jpg\" class=\"attachment-woocommerce_thumbnail size-woocommerce_thumbnail\" alt=\"\" srcset=\"https:\/\/fundaciosetba.org\/wp-content\/uploads\/2023\/05\/Lafotografica_43B2616-300x300.jpg 300w, https:\/\/fundaciosetba.org\/wp-content\/uploads\/2023\/05\/Lafotografica_43B2616-150x150.jpg 150w\" sizes=\"auto, (max-width: 300px) 100vw, 300px\" \/><\/div><div class=\"w-gallery-item-meta\"><div class=\"w-gallery-item-title\">\u00a9La Fotogr\u00e0fica<\/div><\/div><a class=\"w-gallery-item-link\" aria-label=\"\u00a9La Fotogr\u00e0fica\" href=\"https:\/\/fundaciosetba.org\/wp-content\/uploads\/2023\/05\/Lafotografica_43B2616.jpg\" title=\"\u00a9La Fotogr\u00e0fica\"><\/a><\/div><div class=\"w-gallery-item\"><div class=\"w-gallery-item-img\"><img loading=\"lazy\" decoding=\"async\" width=\"300\" height=\"300\" src=\"https:\/\/fundaciosetba.org\/wp-content\/uploads\/2023\/05\/Lafotografica_43B2643-300x300.jpg\" class=\"attachment-woocommerce_thumbnail size-woocommerce_thumbnail\" alt=\"\" srcset=\"https:\/\/fundaciosetba.org\/wp-content\/uploads\/2023\/05\/Lafotografica_43B2643-300x300.jpg 300w, https:\/\/fundaciosetba.org\/wp-content\/uploads\/2023\/05\/Lafotografica_43B2643-150x150.jpg 150w\" sizes=\"auto, (max-width: 300px) 100vw, 300px\" \/><\/div><div class=\"w-gallery-item-meta\"><div class=\"w-gallery-item-title\">\u00a9La Fotogr\u00e0fica<\/div><\/div><a class=\"w-gallery-item-link\" aria-label=\"\u00a9La Fotogr\u00e0fica\" href=\"https:\/\/fundaciosetba.org\/wp-content\/uploads\/2023\/05\/Lafotografica_43B2643.jpg\" title=\"\u00a9La Fotogr\u00e0fica\"><\/a><\/div><div class=\"w-gallery-item\"><div class=\"w-gallery-item-img\"><img loading=\"lazy\" decoding=\"async\" width=\"300\" height=\"300\" src=\"https:\/\/fundaciosetba.org\/wp-content\/uploads\/2023\/05\/Lafotografica_43B2773-300x300.jpg\" class=\"attachment-woocommerce_thumbnail size-woocommerce_thumbnail\" alt=\"\" srcset=\"https:\/\/fundaciosetba.org\/wp-content\/uploads\/2023\/05\/Lafotografica_43B2773-300x300.jpg 300w, https:\/\/fundaciosetba.org\/wp-content\/uploads\/2023\/05\/Lafotografica_43B2773-150x150.jpg 150w\" sizes=\"auto, (max-width: 300px) 100vw, 300px\" \/><\/div><div class=\"w-gallery-item-meta\"><div class=\"w-gallery-item-title\">\u00a9La Fotogr\u00e0fica<\/div><\/div><a class=\"w-gallery-item-link\" aria-label=\"\u00a9La Fotogr\u00e0fica\" href=\"https:\/\/fundaciosetba.org\/wp-content\/uploads\/2023\/05\/Lafotografica_43B2773-scaled.jpg\" title=\"\u00a9La Fotogr\u00e0fica\"><\/a><\/div><div class=\"w-gallery-item\"><div class=\"w-gallery-item-img\"><img loading=\"lazy\" decoding=\"async\" width=\"300\" height=\"300\" src=\"https:\/\/fundaciosetba.org\/wp-content\/uploads\/2023\/05\/Lafotografica_43B2830-300x300.jpg\" class=\"attachment-woocommerce_thumbnail size-woocommerce_thumbnail\" alt=\"\" srcset=\"https:\/\/fundaciosetba.org\/wp-content\/uploads\/2023\/05\/Lafotografica_43B2830-300x300.jpg 300w, https:\/\/fundaciosetba.org\/wp-content\/uploads\/2023\/05\/Lafotografica_43B2830-150x150.jpg 150w\" sizes=\"auto, (max-width: 300px) 100vw, 300px\" \/><\/div><div class=\"w-gallery-item-meta\"><div class=\"w-gallery-item-title\">\u00a9La Fotogr\u00e0fica<\/div><\/div><a class=\"w-gallery-item-link\" aria-label=\"\u00a9La Fotogr\u00e0fica\" href=\"https:\/\/fundaciosetba.org\/wp-content\/uploads\/2023\/05\/Lafotografica_43B2830.jpg\" title=\"\u00a9La Fotogr\u00e0fica\"><\/a><\/div><\/div><\/div>\n<p>&nbsp;<\/p>\n","protected":false},"excerpt":{"rendered":"<p>Unas 20.000 personas asisten a la exposici\u00f3n &#8220;Mujeres Invisibles&#8221; del Palau Robert, superando la media diaria de visitantes en relaci\u00f3n a los dos \u00faltimos a\u00f1os en esta sala<\/p>\n","protected":false},"author":1,"featured_media":33751,"comment_status":"closed","ping_status":"closed","sticky":false,"template":"","format":"standard","meta":{"footnotes":""},"categories":[1350],"tags":[],"class_list":["post-33750","post","type-post","status-publish","format-standard","has-post-thumbnail","hentry","category-traspasando-el-objetivo-es"],"_links":{"self":[{"href":"https:\/\/fundaciosetba.org\/es\/wp-json\/wp\/v2\/posts\/33750","targetHints":{"allow":["GET"]}}],"collection":[{"href":"https:\/\/fundaciosetba.org\/es\/wp-json\/wp\/v2\/posts"}],"about":[{"href":"https:\/\/fundaciosetba.org\/es\/wp-json\/wp\/v2\/types\/post"}],"author":[{"embeddable":true,"href":"https:\/\/fundaciosetba.org\/es\/wp-json\/wp\/v2\/users\/1"}],"replies":[{"embeddable":true,"href":"https:\/\/fundaciosetba.org\/es\/wp-json\/wp\/v2\/comments?post=33750"}],"version-history":[{"count":4,"href":"https:\/\/fundaciosetba.org\/es\/wp-json\/wp\/v2\/posts\/33750\/revisions"}],"predecessor-version":[{"id":33901,"href":"https:\/\/fundaciosetba.org\/es\/wp-json\/wp\/v2\/posts\/33750\/revisions\/33901"}],"wp:featuredmedia":[{"embeddable":true,"href":"https:\/\/fundaciosetba.org\/es\/wp-json\/wp\/v2\/media\/33751"}],"wp:attachment":[{"href":"https:\/\/fundaciosetba.org\/es\/wp-json\/wp\/v2\/media?parent=33750"}],"wp:term":[{"taxonomy":"category","embeddable":true,"href":"https:\/\/fundaciosetba.org\/es\/wp-json\/wp\/v2\/categories?post=33750"},{"taxonomy":"post_tag","embeddable":true,"href":"https:\/\/fundaciosetba.org\/es\/wp-json\/wp\/v2\/tags?post=33750"}],"curies":[{"name":"wp","href":"https:\/\/api.w.org\/{rel}","templated":true}]}}