{"id":33770,"date":"2023-05-12T10:23:04","date_gmt":"2023-05-12T09:23:04","guid":{"rendered":"https:\/\/fundaciosetba.org\/el-premio-setba-cierra-la-convocatoria-de-2023-con-mas-entidades-participantes-y-obras-presentadas\/"},"modified":"2023-05-30T15:04:14","modified_gmt":"2023-05-30T14:04:14","slug":"el-premio-setba-cierra-la-convocatoria-de-2023-con-mas-entidades-participantes-y-obras-presentadas","status":"publish","type":"post","link":"https:\/\/fundaciosetba.org\/es\/el-premio-setba-cierra-la-convocatoria-de-2023-con-mas-entidades-participantes-y-obras-presentadas\/","title":{"rendered":"El Premio Setba cierra la convocatoria de 2023 con m\u00e1s entidades participantes y obras presentadas"},"content":{"rendered":"<p>La decimotercera edici\u00f3n del <em>Premi Setba<\/em> cierra con \u00e9xito de participaci\u00f3n. <strong>85 entidades han presentado un total de 1.460 obras<\/strong> a la convocatoria art\u00edstica para personas con discapacidad intelectual, que la Fundaci\u00f3n Setba organiza cada a\u00f1o desde 2011.<\/p>\n<p><strong>La cifra de participaci\u00f3n ha mejorado en relaci\u00f3n a la pasada edici\u00f3n, present\u00e1ndose once entidades y veintiocho obras m\u00e1s<\/strong> , haciendo as\u00ed la labor del jurado mucho m\u00e1s complicada. <strong>De estas 1.460 obras presentadas se preseleccionar\u00e1n 30<\/strong> (18 semifinalistas y 12 finalistas) para participar en el Premio del P\u00fablico. El veredicto de los <strong>tres primeros premios<\/strong> , el <strong>premio del p\u00fablico<\/strong> , <strong>la etiqueta del vino &#8216;M\u00e1s Feliz&#8217;<\/strong> y los <strong>finalistas<\/strong> se dar\u00e1n a conocer durante la gala del Premio Setba, el 18 de septiembre de 2023 en CaixaForum.<\/p>\n<p>Montserrat Sampietro, del Departamento de Actividades de Cultura y Ciencia de la Fundaci\u00f3n \u201cla Caixa\u201d; Meritxell Duran, escultora e ilustradora; Jos\u00e9 Manuel Jaurena, gerente de Art Mir; M\u00f2nica Ramon, galerista y vicepresidenta del Gremio de Galeristas de Arte de Catalu\u00f1a (GAC); y Cristina Sampere, artista y directora de la Fundaci\u00f3n Setba ser\u00e1n los miembros del jurado de la XIII edici\u00f3n encargados de realizar la selecci\u00f3n.<\/p>\n<p>La obra ganadora del a\u00f1o pasado fue <em>La mosca al nas<\/em> , del artista Daniel Temporal de la Fundaci\u00f3n Ampans, y la seleccionada del premio de dise\u00f1o Bardinet fue la obra presentada por Jos\u00e9 Nieto de la Fundaci\u00f3n Asproseat <strong>( <a href=\"https:\/\/www.youtube.com\/watch?v=ltGcG3UqL90\">Ver v\u00eddeo resumen de la gala<\/a> )<\/strong> .<\/p>\n<p>Con estos premios, la Fundaci\u00f3 Setba quiere <strong>visibilizar y reconocer el talento de los artistas<\/strong> pertenecientes a entidades del sector de la discapacidad intelectual.<\/p>\n<p>El certamen recibe el patrocinio de Bizcabar y Capital Care y la colaboraci\u00f3n de Barna Art, Bardinet, el Gremio de Galer\u00edas de Arte de Catalu\u00f1a, Dincat, El Museo del F\u00fatbol Club Barcelona, Fundaci\u00f3n \u201cla Caixa\u201d, Pinturas MIR y de el Instituto Europeo del Dise\u00f1o.<\/p>\n<p><strong>PREMIOS 2023<\/strong><br \/>\nSe otorgar\u00e1n tres premios art\u00edsticos de una dotaci\u00f3n total de 7.300 euros y un premio de dise\u00f1o cuyo resultado es la pr\u00f3xima etiqueta del vino &#8216;M\u00e1s feliz&#8217;, un DO Pened\u00e8s de la bodega Lacrima Baccus. Este \u00faltimo premio es otorgado por la empresa Bardinet. Como novedades de esta edici\u00f3n, se incorpora por un lado, la menci\u00f3n del Premio del p\u00fablico, que consistir\u00e1 en la elecci\u00f3n, mediante un sistema de votaci\u00f3n, de la obra preferida por parte de la audiencia, y por otra , la oportunidad de participar en un workshop en el Instituto Europeo del Dise\u00f1o de Barcelona, que forma parte de la mayor Red de Educaci\u00f3n Superior en el \u00e1mbito creativo y que utiliza el dise\u00f1o como lenguaje universal para el cambio.<\/p>\n<p><strong>OBRA GANADORA DE 2022<\/strong><\/p>\n<p><img loading=\"lazy\" decoding=\"async\" class=\"alignleft wp-image-32142 size-large\" src=\"https:\/\/fundaciosetba.org\/wp-content\/uploads\/2022\/09\/1er-premi-731x1024.jpg\" alt=\"\" width=\"731\" height=\"1024\" srcset=\"https:\/\/fundaciosetba.org\/wp-content\/uploads\/2022\/09\/1er-premi-731x1024.jpg 731w, https:\/\/fundaciosetba.org\/wp-content\/uploads\/2022\/09\/1er-premi-214x300.jpg 214w, https:\/\/fundaciosetba.org\/wp-content\/uploads\/2022\/09\/1er-premi-71x100.jpg 71w, https:\/\/fundaciosetba.org\/wp-content\/uploads\/2022\/09\/1er-premi-286x400.jpg 286w, https:\/\/fundaciosetba.org\/wp-content\/uploads\/2022\/09\/1er-premi-600x840.jpg 600w, https:\/\/fundaciosetba.org\/wp-content\/uploads\/2022\/09\/1er-premi.jpg 1400w\" sizes=\"auto, (max-width: 731px) 100vw, 731px\" \/><\/p>\n","protected":false},"excerpt":{"rendered":"<p>La decimotercera edici\u00f3n del Premi Setba cierra con \u00e9xito de participaci\u00f3n. Ochenta y cinco entidades han presentado un total de 1.460 obras a la convocatoria art\u00edstica para personas con discapacidad intelectual, que la Fundaci\u00f3n Setba organiza cada a\u00f1o desde 2011<\/p>\n","protected":false},"author":1,"featured_media":33767,"comment_status":"closed","ping_status":"closed","sticky":false,"template":"","format":"standard","meta":{"footnotes":""},"categories":[1353],"tags":[],"class_list":["post-33770","post","type-post","status-publish","format-standard","has-post-thumbnail","hentry","category-premio-setba-es"],"_links":{"self":[{"href":"https:\/\/fundaciosetba.org\/es\/wp-json\/wp\/v2\/posts\/33770","targetHints":{"allow":["GET"]}}],"collection":[{"href":"https:\/\/fundaciosetba.org\/es\/wp-json\/wp\/v2\/posts"}],"about":[{"href":"https:\/\/fundaciosetba.org\/es\/wp-json\/wp\/v2\/types\/post"}],"author":[{"embeddable":true,"href":"https:\/\/fundaciosetba.org\/es\/wp-json\/wp\/v2\/users\/1"}],"replies":[{"embeddable":true,"href":"https:\/\/fundaciosetba.org\/es\/wp-json\/wp\/v2\/comments?post=33770"}],"version-history":[{"count":4,"href":"https:\/\/fundaciosetba.org\/es\/wp-json\/wp\/v2\/posts\/33770\/revisions"}],"predecessor-version":[{"id":33902,"href":"https:\/\/fundaciosetba.org\/es\/wp-json\/wp\/v2\/posts\/33770\/revisions\/33902"}],"wp:featuredmedia":[{"embeddable":true,"href":"https:\/\/fundaciosetba.org\/es\/wp-json\/wp\/v2\/media\/33767"}],"wp:attachment":[{"href":"https:\/\/fundaciosetba.org\/es\/wp-json\/wp\/v2\/media?parent=33770"}],"wp:term":[{"taxonomy":"category","embeddable":true,"href":"https:\/\/fundaciosetba.org\/es\/wp-json\/wp\/v2\/categories?post=33770"},{"taxonomy":"post_tag","embeddable":true,"href":"https:\/\/fundaciosetba.org\/es\/wp-json\/wp\/v2\/tags?post=33770"}],"curies":[{"name":"wp","href":"https:\/\/api.w.org\/{rel}","templated":true}]}}