{"id":33783,"date":"2023-05-17T09:27:04","date_gmt":"2023-05-17T08:27:04","guid":{"rendered":"https:\/\/fundaciosetba.org\/jovenes-internos-del-cejj-el-segre-participan-en-el-gargar-festival-de-penelles-de-la-mano-del-artista-tope\/"},"modified":"2023-05-19T09:18:49","modified_gmt":"2023-05-19T08:18:49","slug":"jovenes-internos-del-cejj-el-segre-participan-en-el-gargar-festival-de-penelles-de-la-mano-del-artista-tope","status":"publish","type":"post","link":"https:\/\/fundaciosetba.org\/es\/jovenes-internos-del-cejj-el-segre-participan-en-el-gargar-festival-de-penelles-de-la-mano-del-artista-tope\/","title":{"rendered":"J\u00f3venes internos del CEJJ El Segre participan en el Gargar Festival de Penelles de la mano del artista TOPE"},"content":{"rendered":"<p>J\u00f3venes internos del Centro Educativo de Justicia Juvenil El Segre participan, por primera vez, dentro del proyecto <em>Traspasando Muros<\/em> de la Fundaci\u00f3n Setba, en el Gargar Festival de Murales y de Arte Rural de Penelles de la mano del director art\u00edstico TOPE.<\/p>\n<p>Cada a\u00f1o, el Festival Gargar acoge a miles de visitantes. En esta edici\u00f3n han pasado un total de 16 artistas, entre los que la Fundaci\u00f3n Setba estaba como proyecto social. El festival es una <strong>iniciativa creada por la empresa de dise\u00f1o Bin\u00f2mic para difundir la cultura art\u00edstica en el mundo rural<\/strong> con intervenciones sobre 900 m2 de pared. Durante el primer fin de semana de mayo, la asociaci\u00f3n bin\u00f3mica ha organizado talleres y actividades para fomentar la cultura participativa con proyectos transformadores que potencien el arte rural.<\/p>\n<p><strong>La propuesta de la Fundaci\u00f3n Setba y el artista Tope ha sido continuar el mural que se encuentra dentro del Centro Educativo de Justicia Juvenil El Segre.<\/strong> Por eso, cumplir el objetivo del nombre del proyecto: Traspasar los muros. Tope destaca que \u00abel arte es un canal para expresar y transmitir fuera lo que hay dentro. Y en el \u00e1mbito social, una oportunidad de mostrar lo que sentimos pese a los errores\u00bb.<\/p>\n<figure id=\"attachment_33682\" aria-describedby=\"caption-attachment-33682\" style=\"width: 2560px\" class=\"wp-caption alignleft\"><img loading=\"lazy\" decoding=\"async\" class=\"wp-image-33680 size-full\" src=\"https:\/\/fundaciosetba.org\/wp-content\/uploads\/2021\/11\/Penelles-01-scaled.jpg\" alt=\"\" width=\"2560\" height=\"803\" srcset=\"https:\/\/fundaciosetba.org\/wp-content\/uploads\/2021\/11\/Penelles-01-scaled.jpg 2560w, https:\/\/fundaciosetba.org\/wp-content\/uploads\/2021\/11\/Penelles-01-300x94.jpg 300w, https:\/\/fundaciosetba.org\/wp-content\/uploads\/2021\/11\/Penelles-01-1024x321.jpg 1024w, https:\/\/fundaciosetba.org\/wp-content\/uploads\/2021\/11\/Penelles-01-150x47.jpg 150w, https:\/\/fundaciosetba.org\/wp-content\/uploads\/2021\/11\/Penelles-01-600x188.jpg 600w\" sizes=\"auto, (max-width: 2560px) 100vw, 2560px\" \/><figcaption id=\"caption-attachment-33682\" class=\"wp-caption-text\">\u00a9Carles Rodr\u00edguez. Foto de Penelles<\/figcaption><\/figure>\n<p>En ambos murales, tanto el que se encuentra en el interior del centro como el que est\u00e1 ubicado en Penelles, <strong>se ha querido representar una alegor\u00eda al positivismo ya la libertad.<\/strong> Tambi\u00e9n, <strong>se han dibujado elementos que reflejaran las inquietudes de los j\u00f3venes como el futuro, el paso del tiempo, el apoyo y la amista<\/strong>t.<\/p>\n<figure id=\"attachment_33679\" aria-describedby=\"caption-attachment-33679\" style=\"width: 2560px\" class=\"wp-caption aligncenter\"><img loading=\"lazy\" decoding=\"async\" class=\"wp-image-33677 size-full\" src=\"https:\/\/fundaciosetba.org\/wp-content\/uploads\/2021\/11\/Segre-01-min-scaled.jpg\" alt=\"\" width=\"2560\" height=\"331\" srcset=\"https:\/\/fundaciosetba.org\/wp-content\/uploads\/2021\/11\/Segre-01-min-scaled.jpg 2560w, https:\/\/fundaciosetba.org\/wp-content\/uploads\/2021\/11\/Segre-01-min-300x39.jpg 300w, https:\/\/fundaciosetba.org\/wp-content\/uploads\/2021\/11\/Segre-01-min-1024x132.jpg 1024w, https:\/\/fundaciosetba.org\/wp-content\/uploads\/2021\/11\/Segre-01-min-150x19.jpg 150w, https:\/\/fundaciosetba.org\/wp-content\/uploads\/2021\/11\/Segre-01-min-600x78.jpg 600w\" sizes=\"auto, (max-width: 2560px) 100vw, 2560px\" \/><figcaption id=\"caption-attachment-33679\" class=\"wp-caption-text\">\u00a9Carles Rodr\u00edguez. Fotograf\u00eda del mural del Centro El Segre<\/figcaption><\/figure>\n<p>La Fundaci\u00f3n Setba, al igual que el Festival Gargar, forman parte del colectivo IMPULSA CULTURA. Gargar gan\u00f3 el premio de 2020 otorgado por la Fundacio Catalunya Cultura y la Fundaci\u00f3 Setba, la menci\u00f3n de honor por los miembros del jurado en 2021.<\/p>\n<p>El proyecto <em>Traspasando muros<\/em> est\u00e1 patrocinado por el Departamento de Cultura con la colaboraci\u00f3n del Departamento de Justicia, Pinturas Lepanto, NBQ y Gargar Festival.<\/p>\n","protected":false},"excerpt":{"rendered":"<p>J\u00f3venes internos del Centro Educativo de Justicia Juvenil El Segre participan, por primera vez, en el Gargar Festival de Murales y de Arte Rural de Penelles de la mano del director art\u00edstico TOPE, dentro del proyecto &#8220;Traspassant Murs&#8221; de la Fundaci\u00f3n Setba,<\/p>\n","protected":false},"author":1,"featured_media":33781,"comment_status":"closed","ping_status":"closed","sticky":false,"template":"","format":"standard","meta":{"footnotes":""},"categories":[1349],"tags":[],"class_list":["post-33783","post","type-post","status-publish","format-standard","has-post-thumbnail","hentry","category-traspasando-muros-es"],"_links":{"self":[{"href":"https:\/\/fundaciosetba.org\/es\/wp-json\/wp\/v2\/posts\/33783","targetHints":{"allow":["GET"]}}],"collection":[{"href":"https:\/\/fundaciosetba.org\/es\/wp-json\/wp\/v2\/posts"}],"about":[{"href":"https:\/\/fundaciosetba.org\/es\/wp-json\/wp\/v2\/types\/post"}],"author":[{"embeddable":true,"href":"https:\/\/fundaciosetba.org\/es\/wp-json\/wp\/v2\/users\/1"}],"replies":[{"embeddable":true,"href":"https:\/\/fundaciosetba.org\/es\/wp-json\/wp\/v2\/comments?post=33783"}],"version-history":[{"count":2,"href":"https:\/\/fundaciosetba.org\/es\/wp-json\/wp\/v2\/posts\/33783\/revisions"}],"predecessor-version":[{"id":33787,"href":"https:\/\/fundaciosetba.org\/es\/wp-json\/wp\/v2\/posts\/33783\/revisions\/33787"}],"wp:featuredmedia":[{"embeddable":true,"href":"https:\/\/fundaciosetba.org\/es\/wp-json\/wp\/v2\/media\/33781"}],"wp:attachment":[{"href":"https:\/\/fundaciosetba.org\/es\/wp-json\/wp\/v2\/media?parent=33783"}],"wp:term":[{"taxonomy":"category","embeddable":true,"href":"https:\/\/fundaciosetba.org\/es\/wp-json\/wp\/v2\/categories?post=33783"},{"taxonomy":"post_tag","embeddable":true,"href":"https:\/\/fundaciosetba.org\/es\/wp-json\/wp\/v2\/tags?post=33783"}],"curies":[{"name":"wp","href":"https:\/\/api.w.org\/{rel}","templated":true}]}}