{"id":33790,"date":"2023-05-29T15:54:09","date_gmt":"2023-05-29T14:54:09","guid":{"rendered":"https:\/\/fundaciosetba.org\/?p=33790"},"modified":"2023-06-13T09:29:16","modified_gmt":"2023-06-13T08:29:16","slug":"vota-tu-obra-preferida-del-premio-setba","status":"publish","type":"post","link":"https:\/\/fundaciosetba.org\/es\/vota-tu-obra-preferida-del-premio-setba\/","title":{"rendered":"\u00a1Vota tu obra preferida del Premio Setba!"},"content":{"rendered":"<p><strong>Ya puedes <a href=\"https:\/\/forms.gle\/vqXupiwChTRcaKh69\">votar<\/a> el Premio del P\u00fablico, la novedad de esta edici\u00f3n.<\/strong> Una votaci\u00f3n para elegir tu obra favorita. El ganador o ganadora se anunciar\u00e1 el d\u00eda de la ceremonia del Premi Setba, junto con el resto de galardonados.<\/p>\n<p>En esta edici\u00f3n <strong>se ha presentado un total de 85 entidades con un total de 1.460 obras.<\/strong> Montserrat Sampietro, del Departamento de Actividades de Cultura y Ciencia de la Fundaci\u00f3n \u201cla Caixa\u201d; Meritxell Duran, escultora e ilustradora; Jos\u00e9 Manuel Jaurena, gerente de Art Mir; M\u00f2nica Ramon, galerista y vicepresidenta del Gremio de Galeristas de Arte de Catalu\u00f1a (GAC); y Cristina Sampere, artista y directora de la Fundaci\u00f3n Setba han sido los miembros del jurado encargados de escoger las 30 obras seleccionadas en el Premi Setba (18 semifinalistas y 12 finalistas).<\/p>\n<p>Ahora, por primera vez, el p\u00fablico puede votar su obra favorita haciendo clic en este enlace: <a href=\"https:\/\/forms.gle\/vqXupiwChTRcaKh69\">https:\/\/forms.gle\/vqXupiwChTRcaKh69<\/a><\/p>\n<p>El veredicto de los <strong>tres primeros premios<\/strong> , el <strong>premio del p\u00fablico<\/strong> , <strong>la etiqueta del vino &#8216;M\u00e1s Feliz&#8217;<\/strong> y los <strong>finalistas<\/strong> se dar\u00e1n a conocer durante la gala del Premio Setba, el 18 de septiembre de 2023 en CaixaForum.<\/p>\n<p>Con estos premios, la Fundaci\u00f3 Setba quiere <strong>visibilizar y reconocer el talento de los artistas<\/strong> pertenecientes a entidades del sector de la discapacidad intelectual.<\/p>\n<p><strong>OBRAS QUE OPTAN AL PREMIO DEL P\u00daBLICO 2023<\/strong><\/p>\n<div class=\"w-gallery fit_cover wp_gallery type_grid action_popup_image ratio_auto count_30\" style=\"--columns:1;--items-gap:0px;\"><div class=\"w-gallery-list\"><div class=\"w-gallery-item\"><div class=\"w-gallery-item-img\"><img loading=\"lazy\" decoding=\"async\" width=\"288\" height=\"400\" src=\"https:\/\/fundaciosetba.org\/wp-content\/uploads\/2023\/05\/1421-288x400.jpg\" class=\"attachment-us_600_400 size-us_600_400\" alt=\"\" srcset=\"https:\/\/fundaciosetba.org\/wp-content\/uploads\/2023\/05\/1421-288x400.jpg 288w, https:\/\/fundaciosetba.org\/wp-content\/uploads\/2023\/05\/1421-216x300.jpg 216w, https:\/\/fundaciosetba.org\/wp-content\/uploads\/2023\/05\/1421-738x1024.jpg 738w, https:\/\/fundaciosetba.org\/wp-content\/uploads\/2023\/05\/1421-72x100.jpg 72w, https:\/\/fundaciosetba.org\/wp-content\/uploads\/2023\/05\/1421-600x832.jpg 600w, https:\/\/fundaciosetba.org\/wp-content\/uploads\/2023\/05\/1421-scaled.jpg 1845w\" sizes=\"auto, (max-width: 288px) 100vw, 288px\" \/><\/div><div class=\"w-gallery-item-meta\"><div class=\"w-gallery-item-title\">'Ambulancia de ciudad' d'Andr\u00e9s Espierrez del C.O. Les Corts<\/div><\/div><a class=\"w-gallery-item-link\" aria-label=\"&#039;Ambulancia de ciudad&#039; d&#039;Andr\u00e9s Espierrez del C.O. Les Corts\" href=\"https:\/\/fundaciosetba.org\/wp-content\/uploads\/2023\/05\/1421-scaled.jpg\" title=\"&#039;Ambulancia de ciudad&#039; d&#039;Andr\u00e9s Espierrez del C.O. Les Corts\"><\/a><\/div><div class=\"w-gallery-item\"><div class=\"w-gallery-item-img\"><img loading=\"lazy\" decoding=\"async\" width=\"277\" height=\"400\" src=\"https:\/\/fundaciosetba.org\/wp-content\/uploads\/2023\/05\/67-277x400.jpg\" class=\"attachment-us_600_400 size-us_600_400\" alt=\"\" srcset=\"https:\/\/fundaciosetba.org\/wp-content\/uploads\/2023\/05\/67-277x400.jpg 277w, https:\/\/fundaciosetba.org\/wp-content\/uploads\/2023\/05\/67-208x300.jpg 208w, https:\/\/fundaciosetba.org\/wp-content\/uploads\/2023\/05\/67-709x1024.jpg 709w, https:\/\/fundaciosetba.org\/wp-content\/uploads\/2023\/05\/67-69x100.jpg 69w, https:\/\/fundaciosetba.org\/wp-content\/uploads\/2023\/05\/67-600x866.jpg 600w, https:\/\/fundaciosetba.org\/wp-content\/uploads\/2023\/05\/67-scaled.jpg 1773w\" sizes=\"auto, (max-width: 277px) 100vw, 277px\" \/><\/div><div class=\"w-gallery-item-meta\"><div class=\"w-gallery-item-title\">'Escales arriba y abajo' de Jenifer Serrano de la Fundaci\u00f3 Ampans<\/div><\/div><a class=\"w-gallery-item-link\" aria-label=\"&#039;Escales arriba y abajo&#039; de Jenifer Serrano de la Fundaci\u00f3 Ampans\" href=\"https:\/\/fundaciosetba.org\/wp-content\/uploads\/2023\/05\/67-scaled.jpg\" title=\"&#039;Escales arriba y abajo&#039; de Jenifer Serrano de la Fundaci\u00f3 Ampans\"><\/a><\/div><div class=\"w-gallery-item\"><div class=\"w-gallery-item-img\"><img loading=\"lazy\" decoding=\"async\" width=\"282\" height=\"400\" src=\"https:\/\/fundaciosetba.org\/wp-content\/uploads\/2023\/05\/724-282x400.jpg\" class=\"attachment-us_600_400 size-us_600_400\" alt=\"\" srcset=\"https:\/\/fundaciosetba.org\/wp-content\/uploads\/2023\/05\/724-282x400.jpg 282w, https:\/\/fundaciosetba.org\/wp-content\/uploads\/2023\/05\/724-212x300.jpg 212w, https:\/\/fundaciosetba.org\/wp-content\/uploads\/2023\/05\/724-722x1024.jpg 722w, https:\/\/fundaciosetba.org\/wp-content\/uploads\/2023\/05\/724-71x100.jpg 71w, https:\/\/fundaciosetba.org\/wp-content\/uploads\/2023\/05\/724-600x851.jpg 600w, https:\/\/fundaciosetba.org\/wp-content\/uploads\/2023\/05\/724.jpg 1676w\" sizes=\"auto, (max-width: 282px) 100vw, 282px\" \/><\/div><div class=\"w-gallery-item-meta\"><div class=\"w-gallery-item-title\">'Viva la vida' de Cristian Barrachina de Proa Esplugues del Grup Asproseat<\/div><\/div><a class=\"w-gallery-item-link\" aria-label=\"&#039;Viva la vida&#039; de Cristian Barrachina de Proa Esplugues del Grup Asproseat\" href=\"https:\/\/fundaciosetba.org\/wp-content\/uploads\/2023\/05\/724.jpg\" title=\"&#039;Viva la vida&#039; de Cristian Barrachina de Proa Esplugues del Grup Asproseat\"><\/a><\/div><div class=\"w-gallery-item\"><div class=\"w-gallery-item-img\"><img loading=\"lazy\" decoding=\"async\" width=\"301\" height=\"400\" src=\"https:\/\/fundaciosetba.org\/wp-content\/uploads\/2023\/05\/827-301x400.jpeg\" class=\"attachment-us_600_400 size-us_600_400\" alt=\"\" srcset=\"https:\/\/fundaciosetba.org\/wp-content\/uploads\/2023\/05\/827-301x400.jpeg 301w, https:\/\/fundaciosetba.org\/wp-content\/uploads\/2023\/05\/827-226x300.jpeg 226w, https:\/\/fundaciosetba.org\/wp-content\/uploads\/2023\/05\/827-770x1024.jpeg 770w, https:\/\/fundaciosetba.org\/wp-content\/uploads\/2023\/05\/827-75x100.jpeg 75w, https:\/\/fundaciosetba.org\/wp-content\/uploads\/2023\/05\/827-600x798.jpeg 600w, https:\/\/fundaciosetba.org\/wp-content\/uploads\/2023\/05\/827.jpeg 1371w\" sizes=\"auto, (max-width: 301px) 100vw, 301px\" \/><\/div><div class=\"w-gallery-item-meta\"><div class=\"w-gallery-item-title\">'L'hotel de robots del segle XXII' de Sofia Alegre de la Fundaci\u00f3 TEB Barcelona<\/div><\/div><a class=\"w-gallery-item-link\" aria-label=\"&#039;L&#039;hotel de robots del segle XXII&#039; de Sofia Alegre de la Fundaci\u00f3 TEB Barcelona\" href=\"https:\/\/fundaciosetba.org\/wp-content\/uploads\/2023\/05\/827.jpeg\" title=\"&#039;L&#039;hotel de robots del segle XXII&#039; de Sofia Alegre de la Fundaci\u00f3 TEB Barcelona\"><\/a><\/div><div class=\"w-gallery-item\"><div class=\"w-gallery-item-img\"><img loading=\"lazy\" decoding=\"async\" width=\"281\" height=\"400\" src=\"https:\/\/fundaciosetba.org\/wp-content\/uploads\/2023\/05\/120-281x400.jpg\" class=\"attachment-us_600_400 size-us_600_400\" alt=\"\" srcset=\"https:\/\/fundaciosetba.org\/wp-content\/uploads\/2023\/05\/120-281x400.jpg 281w, https:\/\/fundaciosetba.org\/wp-content\/uploads\/2023\/05\/120-211x300.jpg 211w, https:\/\/fundaciosetba.org\/wp-content\/uploads\/2023\/05\/120-720x1024.jpg 720w, https:\/\/fundaciosetba.org\/wp-content\/uploads\/2023\/05\/120-70x100.jpg 70w, https:\/\/fundaciosetba.org\/wp-content\/uploads\/2023\/05\/120-600x853.jpg 600w, https:\/\/fundaciosetba.org\/wp-content\/uploads\/2023\/05\/120.jpg 1289w\" sizes=\"auto, (max-width: 281px) 100vw, 281px\" \/><\/div><div class=\"w-gallery-item-meta\"><div class=\"w-gallery-item-title\">'El p\u00e1jaro' d'\u00c0ngel P\u00e9rez de la Fundaci\u00f3 Prodis<\/div><\/div><a class=\"w-gallery-item-link\" aria-label=\"&#039;El p\u00e1jaro&#039; d&#039;\u00c0ngel P\u00e9rez de la Fundaci\u00f3 Prodis\" href=\"https:\/\/fundaciosetba.org\/wp-content\/uploads\/2023\/05\/120.jpg\" title=\"&#039;El p\u00e1jaro&#039; d&#039;\u00c0ngel P\u00e9rez de la Fundaci\u00f3 Prodis\"><\/a><\/div><div class=\"w-gallery-item\"><div class=\"w-gallery-item-img\"><img loading=\"lazy\" decoding=\"async\" width=\"284\" height=\"400\" src=\"https:\/\/fundaciosetba.org\/wp-content\/uploads\/2023\/05\/498-284x400.jpg\" class=\"attachment-us_600_400 size-us_600_400\" alt=\"\" srcset=\"https:\/\/fundaciosetba.org\/wp-content\/uploads\/2023\/05\/498-284x400.jpg 284w, https:\/\/fundaciosetba.org\/wp-content\/uploads\/2023\/05\/498-213x300.jpg 213w, https:\/\/fundaciosetba.org\/wp-content\/uploads\/2023\/05\/498-726x1024.jpg 726w, https:\/\/fundaciosetba.org\/wp-content\/uploads\/2023\/05\/498-71x100.jpg 71w, https:\/\/fundaciosetba.org\/wp-content\/uploads\/2023\/05\/498-600x846.jpg 600w, https:\/\/fundaciosetba.org\/wp-content\/uploads\/2023\/05\/498-scaled.jpg 1816w\" sizes=\"auto, (max-width: 284px) 100vw, 284px\" \/><\/div><div class=\"w-gallery-item-meta\"><div class=\"w-gallery-item-title\">Autoretrat' de Sergio Lechuga de la Fundaci\u00f3 Femarec SCCL<\/div><\/div><a class=\"w-gallery-item-link\" aria-label=\"Autoretrat&#039; de Sergio Lechuga de la Fundaci\u00f3 Femarec SCCL\" href=\"https:\/\/fundaciosetba.org\/wp-content\/uploads\/2023\/05\/498-scaled.jpg\" title=\"Autoretrat&#039; de Sergio Lechuga de la Fundaci\u00f3 Femarec SCCL\"><\/a><\/div><div class=\"w-gallery-item\"><div class=\"w-gallery-item-img\"><img loading=\"lazy\" decoding=\"async\" width=\"286\" height=\"400\" src=\"https:\/\/fundaciosetba.org\/wp-content\/uploads\/2023\/05\/1272-286x400.jpg\" class=\"attachment-us_600_400 size-us_600_400\" alt=\"\" srcset=\"https:\/\/fundaciosetba.org\/wp-content\/uploads\/2023\/05\/1272-286x400.jpg 286w, https:\/\/fundaciosetba.org\/wp-content\/uploads\/2023\/05\/1272-214x300.jpg 214w, https:\/\/fundaciosetba.org\/wp-content\/uploads\/2023\/05\/1272-732x1024.jpg 732w, https:\/\/fundaciosetba.org\/wp-content\/uploads\/2023\/05\/1272-71x100.jpg 71w, https:\/\/fundaciosetba.org\/wp-content\/uploads\/2023\/05\/1272-600x840.jpg 600w, https:\/\/fundaciosetba.org\/wp-content\/uploads\/2023\/05\/1272-scaled.jpg 1829w\" sizes=\"auto, (max-width: 286px) 100vw, 286px\" \/><\/div><div class=\"w-gallery-item-meta\"><div class=\"w-gallery-item-title\">'En Pitu' de Mar Vallejos de la Fundaci\u00f3 ACUDAM<\/div><\/div><a class=\"w-gallery-item-link\" aria-label=\"&#039;En Pitu&#039; de Mar Vallejos de la Fundaci\u00f3 ACUDAM\" href=\"https:\/\/fundaciosetba.org\/wp-content\/uploads\/2023\/05\/1272-scaled.jpg\" title=\"&#039;En Pitu&#039; de Mar Vallejos de la Fundaci\u00f3 ACUDAM\"><\/a><\/div><div class=\"w-gallery-item\"><div class=\"w-gallery-item-img\"><img loading=\"lazy\" decoding=\"async\" width=\"283\" height=\"400\" src=\"https:\/\/fundaciosetba.org\/wp-content\/uploads\/2023\/05\/52-283x400.jpg\" class=\"attachment-us_600_400 size-us_600_400\" alt=\"\" srcset=\"https:\/\/fundaciosetba.org\/wp-content\/uploads\/2023\/05\/52-283x400.jpg 283w, https:\/\/fundaciosetba.org\/wp-content\/uploads\/2023\/05\/52-212x300.jpg 212w, https:\/\/fundaciosetba.org\/wp-content\/uploads\/2023\/05\/52-724x1024.jpg 724w, https:\/\/fundaciosetba.org\/wp-content\/uploads\/2023\/05\/52-71x100.jpg 71w, https:\/\/fundaciosetba.org\/wp-content\/uploads\/2023\/05\/52-600x848.jpg 600w, https:\/\/fundaciosetba.org\/wp-content\/uploads\/2023\/05\/52-scaled.jpg 1811w\" sizes=\"auto, (max-width: 283px) 100vw, 283px\" \/><\/div><div class=\"w-gallery-item-meta\"><div class=\"w-gallery-item-title\">'Pensando en las musara\u00f1as' de Carmen \u00c1lvarez de la Fundaci\u00f3 Ampans<\/div><\/div><a class=\"w-gallery-item-link\" aria-label=\"&#039;Pensando en las musara\u00f1as&#039; de Carmen \u00c1lvarez de la Fundaci\u00f3 Ampans\" href=\"https:\/\/fundaciosetba.org\/wp-content\/uploads\/2023\/05\/52-scaled.jpg\" title=\"&#039;Pensando en las musara\u00f1as&#039; de Carmen \u00c1lvarez de la Fundaci\u00f3 Ampans\"><\/a><\/div><div class=\"w-gallery-item\"><div class=\"w-gallery-item-img\"><img loading=\"lazy\" decoding=\"async\" width=\"288\" height=\"400\" src=\"https:\/\/fundaciosetba.org\/wp-content\/uploads\/2023\/05\/70-288x400.jpg\" class=\"attachment-us_600_400 size-us_600_400\" alt=\"\" srcset=\"https:\/\/fundaciosetba.org\/wp-content\/uploads\/2023\/05\/70-288x400.jpg 288w, https:\/\/fundaciosetba.org\/wp-content\/uploads\/2023\/05\/70-216x300.jpg 216w, https:\/\/fundaciosetba.org\/wp-content\/uploads\/2023\/05\/70-738x1024.jpg 738w, https:\/\/fundaciosetba.org\/wp-content\/uploads\/2023\/05\/70-72x100.jpg 72w, https:\/\/fundaciosetba.org\/wp-content\/uploads\/2023\/05\/70-600x832.jpg 600w, https:\/\/fundaciosetba.org\/wp-content\/uploads\/2023\/05\/70-scaled.jpg 1846w\" sizes=\"auto, (max-width: 288px) 100vw, 288px\" \/><\/div><div class=\"w-gallery-item-meta\"><div class=\"w-gallery-item-title\">'Teclas traviesas' de Jos\u00e9 Manuel Morales de la Fundaci\u00f3 Ampans<\/div><\/div><a class=\"w-gallery-item-link\" aria-label=\"&#039;Teclas traviesas&#039; de Jos\u00e9 Manuel Morales de la Fundaci\u00f3 Ampans\" href=\"https:\/\/fundaciosetba.org\/wp-content\/uploads\/2023\/05\/70-scaled.jpg\" title=\"&#039;Teclas traviesas&#039; de Jos\u00e9 Manuel Morales de la Fundaci\u00f3 Ampans\"><\/a><\/div><div class=\"w-gallery-item\"><div class=\"w-gallery-item-img\"><img loading=\"lazy\" decoding=\"async\" width=\"285\" height=\"400\" src=\"https:\/\/fundaciosetba.org\/wp-content\/uploads\/2023\/05\/1417-285x400.jpg\" class=\"attachment-us_600_400 size-us_600_400\" alt=\"\" srcset=\"https:\/\/fundaciosetba.org\/wp-content\/uploads\/2023\/05\/1417-285x400.jpg 285w, https:\/\/fundaciosetba.org\/wp-content\/uploads\/2023\/05\/1417-214x300.jpg 214w, https:\/\/fundaciosetba.org\/wp-content\/uploads\/2023\/05\/1417-731x1024.jpg 731w, https:\/\/fundaciosetba.org\/wp-content\/uploads\/2023\/05\/1417-71x100.jpg 71w, https:\/\/fundaciosetba.org\/wp-content\/uploads\/2023\/05\/1417-600x841.jpg 600w, https:\/\/fundaciosetba.org\/wp-content\/uploads\/2023\/05\/1417-scaled.jpg 1827w\" sizes=\"auto, (max-width: 285px) 100vw, 285px\" \/><\/div><div class=\"w-gallery-item-meta\"><div class=\"w-gallery-item-title\">'Un quadre imponent' d'Aina Fust\u00e9 del C.O. Les Corts<\/div><\/div><a class=\"w-gallery-item-link\" aria-label=\"&#039;Un quadre imponent&#039; d&#039;Aina Fust\u00e9 del C.O. Les Corts\" href=\"https:\/\/fundaciosetba.org\/wp-content\/uploads\/2023\/05\/1417-scaled.jpg\" title=\"&#039;Un quadre imponent&#039; d&#039;Aina Fust\u00e9 del C.O. Les Corts\"><\/a><\/div><div class=\"w-gallery-item\"><div class=\"w-gallery-item-img\"><img loading=\"lazy\" decoding=\"async\" width=\"281\" height=\"400\" src=\"https:\/\/fundaciosetba.org\/wp-content\/uploads\/2023\/05\/1177_v2-281x400.jpg\" class=\"attachment-us_600_400 size-us_600_400\" alt=\"\" srcset=\"https:\/\/fundaciosetba.org\/wp-content\/uploads\/2023\/05\/1177_v2-281x400.jpg 281w, https:\/\/fundaciosetba.org\/wp-content\/uploads\/2023\/05\/1177_v2-211x300.jpg 211w, https:\/\/fundaciosetba.org\/wp-content\/uploads\/2023\/05\/1177_v2-70x100.jpg 70w, https:\/\/fundaciosetba.org\/wp-content\/uploads\/2023\/05\/1177_v2.jpg 540w\" sizes=\"auto, (max-width: 281px) 100vw, 281px\" \/><\/div><div class=\"w-gallery-item-meta\"><div class=\"w-gallery-item-title\">'Casa Happy baby' d'Eva Maria Lorenzo de la Fundaci\u00f3 Topromi<\/div><\/div><a class=\"w-gallery-item-link\" aria-label=\"&#039;Casa Happy baby&#039; d&#039;Eva Maria Lorenzo de la Fundaci\u00f3 Topromi\" href=\"https:\/\/fundaciosetba.org\/wp-content\/uploads\/2023\/05\/1177_v2.jpg\" title=\"&#039;Casa Happy baby&#039; d&#039;Eva Maria Lorenzo de la Fundaci\u00f3 Topromi\"><\/a><\/div><div class=\"w-gallery-item\"><div class=\"w-gallery-item-img\"><img loading=\"lazy\" decoding=\"async\" width=\"287\" height=\"400\" src=\"https:\/\/fundaciosetba.org\/wp-content\/uploads\/2023\/05\/78-287x400.jpg\" class=\"attachment-us_600_400 size-us_600_400\" alt=\"\" srcset=\"https:\/\/fundaciosetba.org\/wp-content\/uploads\/2023\/05\/78-287x400.jpg 287w, https:\/\/fundaciosetba.org\/wp-content\/uploads\/2023\/05\/78-215x300.jpg 215w, https:\/\/fundaciosetba.org\/wp-content\/uploads\/2023\/05\/78-734x1024.jpg 734w, https:\/\/fundaciosetba.org\/wp-content\/uploads\/2023\/05\/78-72x100.jpg 72w, https:\/\/fundaciosetba.org\/wp-content\/uploads\/2023\/05\/78-600x837.jpg 600w, https:\/\/fundaciosetba.org\/wp-content\/uploads\/2023\/05\/78-scaled.jpg 1834w\" sizes=\"auto, (max-width: 287px) 100vw, 287px\" \/><\/div><div class=\"w-gallery-item-meta\"><div class=\"w-gallery-item-title\">'Juego de palabras' de Manuel David Ruiz de la Fundaci\u00f3 Ampans<\/div><\/div><a class=\"w-gallery-item-link\" aria-label=\"&#039;Juego de palabras&#039; de Manuel David Ruiz de la Fundaci\u00f3 Ampans\" href=\"https:\/\/fundaciosetba.org\/wp-content\/uploads\/2023\/05\/78-scaled.jpg\" title=\"&#039;Juego de palabras&#039; de Manuel David Ruiz de la Fundaci\u00f3 Ampans\"><\/a><\/div><div class=\"w-gallery-item\"><div class=\"w-gallery-item-img\"><img loading=\"lazy\" decoding=\"async\" width=\"277\" height=\"400\" src=\"https:\/\/fundaciosetba.org\/wp-content\/uploads\/2023\/05\/83-277x400.jpg\" class=\"attachment-us_600_400 size-us_600_400\" alt=\"\" srcset=\"https:\/\/fundaciosetba.org\/wp-content\/uploads\/2023\/05\/83-277x400.jpg 277w, https:\/\/fundaciosetba.org\/wp-content\/uploads\/2023\/05\/83-208x300.jpg 208w, https:\/\/fundaciosetba.org\/wp-content\/uploads\/2023\/05\/83-709x1024.jpg 709w, https:\/\/fundaciosetba.org\/wp-content\/uploads\/2023\/05\/83-69x100.jpg 69w, https:\/\/fundaciosetba.org\/wp-content\/uploads\/2023\/05\/83-600x867.jpg 600w, https:\/\/fundaciosetba.org\/wp-content\/uploads\/2023\/05\/83-scaled.jpg 1772w\" sizes=\"auto, (max-width: 277px) 100vw, 277px\" \/><\/div><div class=\"w-gallery-item-meta\"><div class=\"w-gallery-item-title\">'De plumas y puntillas' de Mohamed Ghardach de la Fundaci\u00f3 Ampans<\/div><\/div><a class=\"w-gallery-item-link\" aria-label=\"&#039;De plumas y puntillas&#039; de Mohamed Ghardach de la Fundaci\u00f3 Ampans\" href=\"https:\/\/fundaciosetba.org\/wp-content\/uploads\/2023\/05\/83-scaled.jpg\" title=\"&#039;De plumas y puntillas&#039; de Mohamed Ghardach de la Fundaci\u00f3 Ampans\"><\/a><\/div><div class=\"w-gallery-item\"><div class=\"w-gallery-item-img\"><img loading=\"lazy\" decoding=\"async\" width=\"313\" height=\"400\" src=\"https:\/\/fundaciosetba.org\/wp-content\/uploads\/2023\/05\/1257-313x400.jpeg\" class=\"attachment-us_600_400 size-us_600_400\" alt=\"\" srcset=\"https:\/\/fundaciosetba.org\/wp-content\/uploads\/2023\/05\/1257-313x400.jpeg 313w, https:\/\/fundaciosetba.org\/wp-content\/uploads\/2023\/05\/1257-235x300.jpeg 235w, https:\/\/fundaciosetba.org\/wp-content\/uploads\/2023\/05\/1257-802x1024.jpeg 802w, https:\/\/fundaciosetba.org\/wp-content\/uploads\/2023\/05\/1257-78x100.jpeg 78w, https:\/\/fundaciosetba.org\/wp-content\/uploads\/2023\/05\/1257-600x766.jpeg 600w, https:\/\/fundaciosetba.org\/wp-content\/uploads\/2023\/05\/1257.jpeg 1604w\" sizes=\"auto, (max-width: 313px) 100vw, 313px\" \/><\/div><div class=\"w-gallery-item-meta\"><div class=\"w-gallery-item-title\">'Paseando' de Manuel Cano Maeso de l'Associaci\u00f3 Alpi<\/div><\/div><a class=\"w-gallery-item-link\" aria-label=\"&#039;Paseando&#039; de Manuel Cano Maeso de l&#039;Associaci\u00f3 Alpi\" href=\"https:\/\/fundaciosetba.org\/wp-content\/uploads\/2023\/05\/1257.jpeg\" title=\"&#039;Paseando&#039; de Manuel Cano Maeso de l&#039;Associaci\u00f3 Alpi\"><\/a><\/div><div class=\"w-gallery-item\"><div class=\"w-gallery-item-img\"><img loading=\"lazy\" decoding=\"async\" width=\"280\" height=\"400\" src=\"https:\/\/fundaciosetba.org\/wp-content\/uploads\/2023\/05\/429-280x400.jpg\" class=\"attachment-us_600_400 size-us_600_400\" alt=\"\" srcset=\"https:\/\/fundaciosetba.org\/wp-content\/uploads\/2023\/05\/429-280x400.jpg 280w, https:\/\/fundaciosetba.org\/wp-content\/uploads\/2023\/05\/429-210x300.jpg 210w, https:\/\/fundaciosetba.org\/wp-content\/uploads\/2023\/05\/429-716x1024.jpg 716w, https:\/\/fundaciosetba.org\/wp-content\/uploads\/2023\/05\/429-70x100.jpg 70w, https:\/\/fundaciosetba.org\/wp-content\/uploads\/2023\/05\/429-600x858.jpg 600w, https:\/\/fundaciosetba.org\/wp-content\/uploads\/2023\/05\/429-scaled.jpg 1791w\" sizes=\"auto, (max-width: 280px) 100vw, 280px\" \/><\/div><div class=\"w-gallery-item-meta\"><div class=\"w-gallery-item-title\">'La casa bonita' de N\u00faria Carrera del Taller Ocupacional Sant Jordi<\/div><\/div><a class=\"w-gallery-item-link\" aria-label=\"&#039;La casa bonita&#039; de N\u00faria Carrera del Taller Ocupacional Sant Jordi\" href=\"https:\/\/fundaciosetba.org\/wp-content\/uploads\/2023\/05\/429-scaled.jpg\" title=\"&#039;La casa bonita&#039; de N\u00faria Carrera del Taller Ocupacional Sant Jordi\"><\/a><\/div><div class=\"w-gallery-item\"><div class=\"w-gallery-item-img\"><img loading=\"lazy\" decoding=\"async\" width=\"289\" height=\"400\" src=\"https:\/\/fundaciosetba.org\/wp-content\/uploads\/2023\/05\/330-289x400.jpg\" class=\"attachment-us_600_400 size-us_600_400\" alt=\"\" srcset=\"https:\/\/fundaciosetba.org\/wp-content\/uploads\/2023\/05\/330-289x400.jpg 289w, https:\/\/fundaciosetba.org\/wp-content\/uploads\/2023\/05\/330-217x300.jpg 217w, https:\/\/fundaciosetba.org\/wp-content\/uploads\/2023\/05\/330-741x1024.jpg 741w, https:\/\/fundaciosetba.org\/wp-content\/uploads\/2023\/05\/330-72x100.jpg 72w, https:\/\/fundaciosetba.org\/wp-content\/uploads\/2023\/05\/330-600x829.jpg 600w, https:\/\/fundaciosetba.org\/wp-content\/uploads\/2023\/05\/330-scaled.jpg 1853w\" sizes=\"auto, (max-width: 289px) 100vw, 289px\" \/><\/div><div class=\"w-gallery-item-meta\"><div class=\"w-gallery-item-title\">'L'home tranquil' de Consol Bartolom\u00e9 de la Fundaci\u00f3 Privada Montilivi<\/div><\/div><a class=\"w-gallery-item-link\" aria-label=\"&#039;L&#039;home tranquil&#039; de Consol Bartolom\u00e9 de la Fundaci\u00f3 Privada Montilivi\" href=\"https:\/\/fundaciosetba.org\/wp-content\/uploads\/2023\/05\/330-scaled.jpg\" title=\"&#039;L&#039;home tranquil&#039; de Consol Bartolom\u00e9 de la Fundaci\u00f3 Privada Montilivi\"><\/a><\/div><div class=\"w-gallery-item\"><div class=\"w-gallery-item-img\"><img loading=\"lazy\" decoding=\"async\" width=\"297\" height=\"400\" src=\"https:\/\/fundaciosetba.org\/wp-content\/uploads\/2023\/05\/46-297x400.jpg\" class=\"attachment-us_600_400 size-us_600_400\" alt=\"\" srcset=\"https:\/\/fundaciosetba.org\/wp-content\/uploads\/2023\/05\/46-297x400.jpg 297w, https:\/\/fundaciosetba.org\/wp-content\/uploads\/2023\/05\/46-222x300.jpg 222w, https:\/\/fundaciosetba.org\/wp-content\/uploads\/2023\/05\/46-759x1024.jpg 759w, https:\/\/fundaciosetba.org\/wp-content\/uploads\/2023\/05\/46-74x100.jpg 74w, https:\/\/fundaciosetba.org\/wp-content\/uploads\/2023\/05\/46-600x809.jpg 600w, https:\/\/fundaciosetba.org\/wp-content\/uploads\/2023\/05\/46-scaled.jpg 1899w\" sizes=\"auto, (max-width: 297px) 100vw, 297px\" \/><\/div><div class=\"w-gallery-item-meta\"><div class=\"w-gallery-item-title\">'Lo veo todo' d'Abel Luengo de la Fundaci\u00f3 Ampans<\/div><\/div><a class=\"w-gallery-item-link\" aria-label=\"&#039;Lo veo todo&#039; d&#039;Abel Luengo de la Fundaci\u00f3 Ampans\" href=\"https:\/\/fundaciosetba.org\/wp-content\/uploads\/2023\/05\/46-scaled.jpg\" title=\"&#039;Lo veo todo&#039; d&#039;Abel Luengo de la Fundaci\u00f3 Ampans\"><\/a><\/div><div class=\"w-gallery-item\"><div class=\"w-gallery-item-img\"><img loading=\"lazy\" decoding=\"async\" width=\"297\" height=\"400\" src=\"https:\/\/fundaciosetba.org\/wp-content\/uploads\/2023\/05\/373-297x400.jpg\" class=\"attachment-us_600_400 size-us_600_400\" alt=\"\" srcset=\"https:\/\/fundaciosetba.org\/wp-content\/uploads\/2023\/05\/373-297x400.jpg 297w, https:\/\/fundaciosetba.org\/wp-content\/uploads\/2023\/05\/373-222x300.jpg 222w, https:\/\/fundaciosetba.org\/wp-content\/uploads\/2023\/05\/373-759x1024.jpg 759w, https:\/\/fundaciosetba.org\/wp-content\/uploads\/2023\/05\/373-74x100.jpg 74w, https:\/\/fundaciosetba.org\/wp-content\/uploads\/2023\/05\/373-600x809.jpg 600w, https:\/\/fundaciosetba.org\/wp-content\/uploads\/2023\/05\/373-scaled.jpg 1898w\" sizes=\"auto, (max-width: 297px) 100vw, 297px\" \/><\/div><div class=\"w-gallery-item-meta\"><div class=\"w-gallery-item-title\">'La cuina de casa meva' de M\u00f2nica Flores de la Fundaci\u00f3 Catalana S\u00edndrome de Down<\/div><\/div><a class=\"w-gallery-item-link\" aria-label=\"&#039;La cuina de casa meva&#039; de M\u00f2nica Flores de la Fundaci\u00f3 Catalana S\u00edndrome de Down\" href=\"https:\/\/fundaciosetba.org\/wp-content\/uploads\/2023\/05\/373-scaled.jpg\" title=\"&#039;La cuina de casa meva&#039; de M\u00f2nica Flores de la Fundaci\u00f3 Catalana S\u00edndrome de Down\"><\/a><\/div><div class=\"w-gallery-item\"><div class=\"w-gallery-item-img\"><img loading=\"lazy\" decoding=\"async\" width=\"288\" height=\"400\" src=\"https:\/\/fundaciosetba.org\/wp-content\/uploads\/2023\/05\/58-288x400.jpg\" class=\"attachment-us_600_400 size-us_600_400\" alt=\"\" srcset=\"https:\/\/fundaciosetba.org\/wp-content\/uploads\/2023\/05\/58-288x400.jpg 288w, https:\/\/fundaciosetba.org\/wp-content\/uploads\/2023\/05\/58-216x300.jpg 216w, https:\/\/fundaciosetba.org\/wp-content\/uploads\/2023\/05\/58-738x1024.jpg 738w, https:\/\/fundaciosetba.org\/wp-content\/uploads\/2023\/05\/58-72x100.jpg 72w, https:\/\/fundaciosetba.org\/wp-content\/uploads\/2023\/05\/58-600x833.jpg 600w, https:\/\/fundaciosetba.org\/wp-content\/uploads\/2023\/05\/58-scaled.jpg 1844w\" sizes=\"auto, (max-width: 288px) 100vw, 288px\" \/><\/div><div class=\"w-gallery-item-meta\"><div class=\"w-gallery-item-title\">'Chaparr\u00f3n' de Dolores Sicilia de la Fundaci\u00f3 Ampans<\/div><\/div><a class=\"w-gallery-item-link\" aria-label=\"&#039;Chaparr\u00f3n&#039; de Dolores Sicilia de la Fundaci\u00f3 Ampans\" href=\"https:\/\/fundaciosetba.org\/wp-content\/uploads\/2023\/05\/58-scaled.jpg\" title=\"&#039;Chaparr\u00f3n&#039; de Dolores Sicilia de la Fundaci\u00f3 Ampans\"><\/a><\/div><div class=\"w-gallery-item\"><div class=\"w-gallery-item-img\"><img loading=\"lazy\" decoding=\"async\" width=\"282\" height=\"400\" src=\"https:\/\/fundaciosetba.org\/wp-content\/uploads\/2023\/05\/49-282x400.jpg\" class=\"attachment-us_600_400 size-us_600_400\" alt=\"\" srcset=\"https:\/\/fundaciosetba.org\/wp-content\/uploads\/2023\/05\/49-282x400.jpg 282w, https:\/\/fundaciosetba.org\/wp-content\/uploads\/2023\/05\/49-211x300.jpg 211w, https:\/\/fundaciosetba.org\/wp-content\/uploads\/2023\/05\/49-721x1024.jpg 721w, https:\/\/fundaciosetba.org\/wp-content\/uploads\/2023\/05\/49-70x100.jpg 70w, https:\/\/fundaciosetba.org\/wp-content\/uploads\/2023\/05\/49-600x852.jpg 600w, https:\/\/fundaciosetba.org\/wp-content\/uploads\/2023\/05\/49-scaled.jpg 1802w\" sizes=\"auto, (max-width: 282px) 100vw, 282px\" \/><\/div><div class=\"w-gallery-item-meta\"><div class=\"w-gallery-item-title\">'Ara\u00f1a ragnarok' d'\u00c1lex Ju\u00e1rez de la Fundaci\u00f3 Ampans<\/div><\/div><a class=\"w-gallery-item-link\" aria-label=\"&#039;Ara\u00f1a ragnarok&#039; d&#039;\u00c1lex Ju\u00e1rez de la Fundaci\u00f3 Ampans\" href=\"https:\/\/fundaciosetba.org\/wp-content\/uploads\/2023\/05\/49-scaled.jpg\" title=\"&#039;Ara\u00f1a ragnarok&#039; d&#039;\u00c1lex Ju\u00e1rez de la Fundaci\u00f3 Ampans\"><\/a><\/div><div class=\"w-gallery-item\"><div class=\"w-gallery-item-img\"><img loading=\"lazy\" decoding=\"async\" width=\"284\" height=\"400\" src=\"https:\/\/fundaciosetba.org\/wp-content\/uploads\/2023\/05\/95-284x400.jpg\" class=\"attachment-us_600_400 size-us_600_400\" alt=\"\" srcset=\"https:\/\/fundaciosetba.org\/wp-content\/uploads\/2023\/05\/95-284x400.jpg 284w, https:\/\/fundaciosetba.org\/wp-content\/uploads\/2023\/05\/95-213x300.jpg 213w, https:\/\/fundaciosetba.org\/wp-content\/uploads\/2023\/05\/95-727x1024.jpg 727w, https:\/\/fundaciosetba.org\/wp-content\/uploads\/2023\/05\/95-71x100.jpg 71w, https:\/\/fundaciosetba.org\/wp-content\/uploads\/2023\/05\/95-600x845.jpg 600w, https:\/\/fundaciosetba.org\/wp-content\/uploads\/2023\/05\/95-scaled.jpg 1818w\" sizes=\"auto, (max-width: 284px) 100vw, 284px\" \/><\/div><div class=\"w-gallery-item-meta\"><div class=\"w-gallery-item-title\">'Recuerdo de un sue\u00f1o' de Rosa Maria Pardo de la Fundaci\u00f3 Ampans<\/div><\/div><a class=\"w-gallery-item-link\" aria-label=\"&#039;Recuerdo de un sue\u00f1o&#039; de Rosa Maria Pardo de la Fundaci\u00f3 Ampans\" href=\"https:\/\/fundaciosetba.org\/wp-content\/uploads\/2023\/05\/95-scaled.jpg\" title=\"&#039;Recuerdo de un sue\u00f1o&#039; de Rosa Maria Pardo de la Fundaci\u00f3 Ampans\"><\/a><\/div><div class=\"w-gallery-item\"><div class=\"w-gallery-item-img\"><img loading=\"lazy\" decoding=\"async\" width=\"287\" height=\"400\" src=\"https:\/\/fundaciosetba.org\/wp-content\/uploads\/2023\/05\/674-287x400.jpg\" class=\"attachment-us_600_400 size-us_600_400\" alt=\"\" srcset=\"https:\/\/fundaciosetba.org\/wp-content\/uploads\/2023\/05\/674-287x400.jpg 287w, https:\/\/fundaciosetba.org\/wp-content\/uploads\/2023\/05\/674-215x300.jpg 215w, https:\/\/fundaciosetba.org\/wp-content\/uploads\/2023\/05\/674-735x1024.jpg 735w, https:\/\/fundaciosetba.org\/wp-content\/uploads\/2023\/05\/674-72x100.jpg 72w, https:\/\/fundaciosetba.org\/wp-content\/uploads\/2023\/05\/674-600x836.jpg 600w, https:\/\/fundaciosetba.org\/wp-content\/uploads\/2023\/05\/674-scaled.jpg 1838w\" sizes=\"auto, (max-width: 287px) 100vw, 287px\" \/><\/div><div class=\"w-gallery-item-meta\"><div class=\"w-gallery-item-title\">'La madre' de Jos\u00e9 Manuel Herrera del C.O. La Marina del grup Asproseat<\/div><\/div><a class=\"w-gallery-item-link\" aria-label=\"&#039;La madre&#039; de Jos\u00e9 Manuel Herrera del C.O. La Marina del grup Asproseat\" href=\"https:\/\/fundaciosetba.org\/wp-content\/uploads\/2023\/05\/674-scaled.jpg\" title=\"&#039;La madre&#039; de Jos\u00e9 Manuel Herrera del C.O. La Marina del grup Asproseat\"><\/a><\/div><div class=\"w-gallery-item\"><div class=\"w-gallery-item-img\"><img loading=\"lazy\" decoding=\"async\" width=\"282\" height=\"400\" src=\"https:\/\/fundaciosetba.org\/wp-content\/uploads\/2023\/05\/87-282x400.jpg\" class=\"attachment-us_600_400 size-us_600_400\" alt=\"\" srcset=\"https:\/\/fundaciosetba.org\/wp-content\/uploads\/2023\/05\/87-282x400.jpg 282w, https:\/\/fundaciosetba.org\/wp-content\/uploads\/2023\/05\/87-211x300.jpg 211w, https:\/\/fundaciosetba.org\/wp-content\/uploads\/2023\/05\/87-721x1024.jpg 721w, https:\/\/fundaciosetba.org\/wp-content\/uploads\/2023\/05\/87-70x100.jpg 70w, https:\/\/fundaciosetba.org\/wp-content\/uploads\/2023\/05\/87-600x852.jpg 600w, https:\/\/fundaciosetba.org\/wp-content\/uploads\/2023\/05\/87-scaled.jpg 1802w\" sizes=\"auto, (max-width: 282px) 100vw, 282px\" \/><\/div><div class=\"w-gallery-item-meta\"><div class=\"w-gallery-item-title\">'Transexualitat' de Noelia Bernal de la Fundaci\u00f3 Ampans<\/div><\/div><a class=\"w-gallery-item-link\" aria-label=\"&#039;Transexualitat&#039; de Noelia Bernal de la Fundaci\u00f3 Ampans\" href=\"https:\/\/fundaciosetba.org\/wp-content\/uploads\/2023\/05\/87-scaled.jpg\" title=\"&#039;Transexualitat&#039; de Noelia Bernal de la Fundaci\u00f3 Ampans\"><\/a><\/div><div class=\"w-gallery-item\"><div class=\"w-gallery-item-img\"><img loading=\"lazy\" decoding=\"async\" width=\"284\" height=\"400\" src=\"https:\/\/fundaciosetba.org\/wp-content\/uploads\/2023\/05\/979-284x400.jpg\" class=\"attachment-us_600_400 size-us_600_400\" alt=\"\" srcset=\"https:\/\/fundaciosetba.org\/wp-content\/uploads\/2023\/05\/979-284x400.jpg 284w, https:\/\/fundaciosetba.org\/wp-content\/uploads\/2023\/05\/979-213x300.jpg 213w, https:\/\/fundaciosetba.org\/wp-content\/uploads\/2023\/05\/979-728x1024.jpg 728w, https:\/\/fundaciosetba.org\/wp-content\/uploads\/2023\/05\/979-71x100.jpg 71w, https:\/\/fundaciosetba.org\/wp-content\/uploads\/2023\/05\/979-600x844.jpg 600w, https:\/\/fundaciosetba.org\/wp-content\/uploads\/2023\/05\/979-scaled.jpg 1820w\" sizes=\"auto, (max-width: 284px) 100vw, 284px\" \/><\/div><div class=\"w-gallery-item-meta\"><div class=\"w-gallery-item-title\">'Waterpolo' de Montse Vi\u00f1as de la Fundaci\u00f3 Teas<\/div><\/div><a class=\"w-gallery-item-link\" aria-label=\"&#039;Waterpolo&#039; de Montse Vi\u00f1as de la Fundaci\u00f3 Teas\" href=\"https:\/\/fundaciosetba.org\/wp-content\/uploads\/2023\/05\/979-scaled.jpg\" title=\"&#039;Waterpolo&#039; de Montse Vi\u00f1as de la Fundaci\u00f3 Teas\"><\/a><\/div><div class=\"w-gallery-item\"><div class=\"w-gallery-item-img\"><img loading=\"lazy\" decoding=\"async\" width=\"283\" height=\"400\" src=\"https:\/\/fundaciosetba.org\/wp-content\/uploads\/2023\/05\/1181_v2-283x400.jpg\" class=\"attachment-us_600_400 size-us_600_400\" alt=\"\" srcset=\"https:\/\/fundaciosetba.org\/wp-content\/uploads\/2023\/05\/1181_v2-283x400.jpg 283w, https:\/\/fundaciosetba.org\/wp-content\/uploads\/2023\/05\/1181_v2-213x300.jpg 213w, https:\/\/fundaciosetba.org\/wp-content\/uploads\/2023\/05\/1181_v2-71x100.jpg 71w, https:\/\/fundaciosetba.org\/wp-content\/uploads\/2023\/05\/1181_v2.jpg 544w\" sizes=\"auto, (max-width: 283px) 100vw, 283px\" \/><\/div><div class=\"w-gallery-item-meta\"><div class=\"w-gallery-item-title\">'El pueblo nevado' de Jos\u00e9 Antonio Parejo de la Fundaci\u00f3 Topromi<\/div><\/div><a class=\"w-gallery-item-link\" aria-label=\"&#039;El pueblo nevado&#039; de Jos\u00e9 Antonio Parejo de la Fundaci\u00f3 Topromi\" href=\"https:\/\/fundaciosetba.org\/wp-content\/uploads\/2023\/05\/1181_v2.jpg\" title=\"&#039;El pueblo nevado&#039; de Jos\u00e9 Antonio Parejo de la Fundaci\u00f3 Topromi\"><\/a><\/div><div class=\"w-gallery-item\"><div class=\"w-gallery-item-img\"><img loading=\"lazy\" decoding=\"async\" width=\"290\" height=\"400\" src=\"https:\/\/fundaciosetba.org\/wp-content\/uploads\/2023\/05\/683-290x400.jpg\" class=\"attachment-us_600_400 size-us_600_400\" alt=\"\" srcset=\"https:\/\/fundaciosetba.org\/wp-content\/uploads\/2023\/05\/683-290x400.jpg 290w, https:\/\/fundaciosetba.org\/wp-content\/uploads\/2023\/05\/683-217x300.jpg 217w, https:\/\/fundaciosetba.org\/wp-content\/uploads\/2023\/05\/683-742x1024.jpg 742w, https:\/\/fundaciosetba.org\/wp-content\/uploads\/2023\/05\/683-72x100.jpg 72w, https:\/\/fundaciosetba.org\/wp-content\/uploads\/2023\/05\/683-600x829.jpg 600w, https:\/\/fundaciosetba.org\/wp-content\/uploads\/2023\/05\/683-scaled.jpg 1854w\" sizes=\"auto, (max-width: 290px) 100vw, 290px\" \/><\/div><div class=\"w-gallery-item-meta\"><div class=\"w-gallery-item-title\">'Mis padres' de Ricardo Arce del C.O. La Marina del Grup Asproseat<\/div><\/div><a class=\"w-gallery-item-link\" aria-label=\"&#039;Mis padres&#039; de Ricardo Arce del C.O. La Marina del Grup Asproseat\" href=\"https:\/\/fundaciosetba.org\/wp-content\/uploads\/2023\/05\/683-scaled.jpg\" title=\"&#039;Mis padres&#039; de Ricardo Arce del C.O. La Marina del Grup Asproseat\"><\/a><\/div><div class=\"w-gallery-item\"><div class=\"w-gallery-item-img\"><img loading=\"lazy\" decoding=\"async\" width=\"289\" height=\"400\" src=\"https:\/\/fundaciosetba.org\/wp-content\/uploads\/2023\/05\/303-289x400.jpg\" class=\"attachment-us_600_400 size-us_600_400\" alt=\"\" srcset=\"https:\/\/fundaciosetba.org\/wp-content\/uploads\/2023\/05\/303-289x400.jpg 289w, https:\/\/fundaciosetba.org\/wp-content\/uploads\/2023\/05\/303-217x300.jpg 217w, https:\/\/fundaciosetba.org\/wp-content\/uploads\/2023\/05\/303-741x1024.jpg 741w, https:\/\/fundaciosetba.org\/wp-content\/uploads\/2023\/05\/303-72x100.jpg 72w, https:\/\/fundaciosetba.org\/wp-content\/uploads\/2023\/05\/303-600x829.jpg 600w, https:\/\/fundaciosetba.org\/wp-content\/uploads\/2023\/05\/303-scaled.jpg 1852w\" sizes=\"auto, (max-width: 289px) 100vw, 289px\" \/><\/div><div class=\"w-gallery-item-meta\"><div class=\"w-gallery-item-title\">'Vacaciones' d'Abdullah Gaafor Pervent de la Fundaci\u00f3 Badalona Capa\u00e7<\/div><\/div><a class=\"w-gallery-item-link\" aria-label=\"&#039;Vacaciones&#039; d&#039;Abdullah Gaafor Pervent de la Fundaci\u00f3 Badalona Capa\u00e7\" href=\"https:\/\/fundaciosetba.org\/wp-content\/uploads\/2023\/05\/303-scaled.jpg\" title=\"&#039;Vacaciones&#039; d&#039;Abdullah Gaafor Pervent de la Fundaci\u00f3 Badalona Capa\u00e7\"><\/a><\/div><div class=\"w-gallery-item\"><div class=\"w-gallery-item-img\"><img loading=\"lazy\" decoding=\"async\" width=\"294\" height=\"400\" src=\"https:\/\/fundaciosetba.org\/wp-content\/uploads\/2023\/05\/1062-294x400.jpg\" class=\"attachment-us_600_400 size-us_600_400\" alt=\"\" srcset=\"https:\/\/fundaciosetba.org\/wp-content\/uploads\/2023\/05\/1062-294x400.jpg 294w, https:\/\/fundaciosetba.org\/wp-content\/uploads\/2023\/05\/1062-221x300.jpg 221w, https:\/\/fundaciosetba.org\/wp-content\/uploads\/2023\/05\/1062-753x1024.jpg 753w, https:\/\/fundaciosetba.org\/wp-content\/uploads\/2023\/05\/1062-74x100.jpg 74w, https:\/\/fundaciosetba.org\/wp-content\/uploads\/2023\/05\/1062-600x816.jpg 600w, https:\/\/fundaciosetba.org\/wp-content\/uploads\/2023\/05\/1062-scaled.jpg 1883w\" sizes=\"auto, (max-width: 294px) 100vw, 294px\" \/><\/div><div class=\"w-gallery-item-meta\"><div class=\"w-gallery-item-title\">'Les falles' de Marc Cirera Mas del C.O. Bogatell<\/div><\/div><a class=\"w-gallery-item-link\" aria-label=\"&#039;Les falles&#039; de Marc Cirera Mas del C.O. Bogatell\" href=\"https:\/\/fundaciosetba.org\/wp-content\/uploads\/2023\/05\/1062-scaled.jpg\" title=\"&#039;Les falles&#039; de Marc Cirera Mas del C.O. Bogatell\"><\/a><\/div><div class=\"w-gallery-item\"><div class=\"w-gallery-item-img\"><img loading=\"lazy\" decoding=\"async\" width=\"286\" height=\"400\" src=\"https:\/\/fundaciosetba.org\/wp-content\/uploads\/2023\/05\/970-286x400.jpg\" class=\"attachment-us_600_400 size-us_600_400\" alt=\"\" srcset=\"https:\/\/fundaciosetba.org\/wp-content\/uploads\/2023\/05\/970-286x400.jpg 286w, https:\/\/fundaciosetba.org\/wp-content\/uploads\/2023\/05\/970-215x300.jpg 215w, https:\/\/fundaciosetba.org\/wp-content\/uploads\/2023\/05\/970-733x1024.jpg 733w, https:\/\/fundaciosetba.org\/wp-content\/uploads\/2023\/05\/970-72x100.jpg 72w, https:\/\/fundaciosetba.org\/wp-content\/uploads\/2023\/05\/970-600x839.jpg 600w, https:\/\/fundaciosetba.org\/wp-content\/uploads\/2023\/05\/970-scaled.jpg 1831w\" sizes=\"auto, (max-width: 286px) 100vw, 286px\" \/><\/div><div class=\"w-gallery-item-meta\"><div class=\"w-gallery-item-title\">'El exorcista' de Jos\u00e9 Miralles de la Fundaci\u00f3 Teas<\/div><\/div><a class=\"w-gallery-item-link\" aria-label=\"&#039;El exorcista&#039; de Jos\u00e9 Miralles de la Fundaci\u00f3 Teas\" href=\"https:\/\/fundaciosetba.org\/wp-content\/uploads\/2023\/05\/970-scaled.jpg\" title=\"&#039;El exorcista&#039; de Jos\u00e9 Miralles de la Fundaci\u00f3 Teas\"><\/a><\/div><div class=\"w-gallery-item\"><div class=\"w-gallery-item-img\"><img loading=\"lazy\" decoding=\"async\" width=\"286\" height=\"400\" src=\"https:\/\/fundaciosetba.org\/wp-content\/uploads\/2023\/05\/807-286x400.jpg\" class=\"attachment-us_600_400 size-us_600_400\" alt=\"\" srcset=\"https:\/\/fundaciosetba.org\/wp-content\/uploads\/2023\/05\/807-286x400.jpg 286w, https:\/\/fundaciosetba.org\/wp-content\/uploads\/2023\/05\/807-214x300.jpg 214w, https:\/\/fundaciosetba.org\/wp-content\/uploads\/2023\/05\/807-732x1024.jpg 732w, https:\/\/fundaciosetba.org\/wp-content\/uploads\/2023\/05\/807-71x100.jpg 71w, https:\/\/fundaciosetba.org\/wp-content\/uploads\/2023\/05\/807-600x839.jpg 600w, https:\/\/fundaciosetba.org\/wp-content\/uploads\/2023\/05\/807-scaled.jpg 1830w\" sizes=\"auto, (max-width: 286px) 100vw, 286px\" \/><\/div><div class=\"w-gallery-item-meta\"><div class=\"w-gallery-item-title\">'La lluvia' de Flora Gonz\u00e1lez de la Fundaci\u00f3 TEB Barcelona<\/div><\/div><a class=\"w-gallery-item-link\" aria-label=\"&#039;La lluvia&#039; de Flora Gonz\u00e1lez de la Fundaci\u00f3 TEB Barcelona\" href=\"https:\/\/fundaciosetba.org\/wp-content\/uploads\/2023\/05\/807-scaled.jpg\" title=\"&#039;La lluvia&#039; de Flora Gonz\u00e1lez de la Fundaci\u00f3 TEB Barcelona\"><\/a><\/div><\/div><\/div>\n<p>&nbsp;<\/p>\n<p>El certamen recibe el patrocinio de Bizcabar y Capital Care y la colaboraci\u00f3n de Barna Art, Bardinet, el Gremio de Galer\u00edas de Arte de Catalu\u00f1a, Dincat, El Museo del F\u00fatbol Club Barcelona, Fundaci\u00f3n \u201cla Caixa\u201d, Pinturas MIR y de el Instituto Europeo del Dise\u00f1o.<\/p>\n<p>&nbsp;<\/p>\n<p>&nbsp;<\/p>\n<p>&nbsp;<\/p>\n<p>&nbsp;<\/p>\n<p>&nbsp;<\/p>\n<p>&nbsp;<\/p>\n<p>&nbsp;<\/p>\n","protected":false},"excerpt":{"rendered":"<p>Ya puedes votar el Premio del P\u00fablico, la novedad de esta edici\u00f3n. Una votaci\u00f3n para elegir tu obra favorita. El ganador o ganadora se anunciar\u00e1 el d\u00eda de la ceremonia del Premi Setba, junto con el resto de galardonados.<\/p>\n","protected":false},"author":1,"featured_media":33894,"comment_status":"closed","ping_status":"closed","sticky":false,"template":"","format":"standard","meta":{"footnotes":""},"categories":[1353],"tags":[],"class_list":["post-33790","post","type-post","status-publish","format-standard","has-post-thumbnail","hentry","category-premio-setba-es"],"_links":{"self":[{"href":"https:\/\/fundaciosetba.org\/es\/wp-json\/wp\/v2\/posts\/33790","targetHints":{"allow":["GET"]}}],"collection":[{"href":"https:\/\/fundaciosetba.org\/es\/wp-json\/wp\/v2\/posts"}],"about":[{"href":"https:\/\/fundaciosetba.org\/es\/wp-json\/wp\/v2\/types\/post"}],"author":[{"embeddable":true,"href":"https:\/\/fundaciosetba.org\/es\/wp-json\/wp\/v2\/users\/1"}],"replies":[{"embeddable":true,"href":"https:\/\/fundaciosetba.org\/es\/wp-json\/wp\/v2\/comments?post=33790"}],"version-history":[{"count":1,"href":"https:\/\/fundaciosetba.org\/es\/wp-json\/wp\/v2\/posts\/33790\/revisions"}],"predecessor-version":[{"id":33903,"href":"https:\/\/fundaciosetba.org\/es\/wp-json\/wp\/v2\/posts\/33790\/revisions\/33903"}],"wp:featuredmedia":[{"embeddable":true,"href":"https:\/\/fundaciosetba.org\/es\/wp-json\/wp\/v2\/media\/33894"}],"wp:attachment":[{"href":"https:\/\/fundaciosetba.org\/es\/wp-json\/wp\/v2\/media?parent=33790"}],"wp:term":[{"taxonomy":"category","embeddable":true,"href":"https:\/\/fundaciosetba.org\/es\/wp-json\/wp\/v2\/categories?post=33790"},{"taxonomy":"post_tag","embeddable":true,"href":"https:\/\/fundaciosetba.org\/es\/wp-json\/wp\/v2\/tags?post=33790"}],"curies":[{"name":"wp","href":"https:\/\/api.w.org\/{rel}","templated":true}]}}