{"id":34111,"date":"2023-06-12T08:59:25","date_gmt":"2023-06-12T07:59:25","guid":{"rendered":"https:\/\/fundaciosetba.org\/sarria-vota-la-obra-de-magistrales-que-mas-te-guste-en-el-centro-civico-vil%c2%b7la-urania\/"},"modified":"2023-06-13T09:28:21","modified_gmt":"2023-06-13T08:28:21","slug":"sarria-vota-la-obra-de-magistrales-que-mas-te-guste-en-el-centro-civico-vil%c2%b7la-urania","status":"publish","type":"post","link":"https:\/\/fundaciosetba.org\/es\/sarria-vota-la-obra-de-magistrales-que-mas-te-guste-en-el-centro-civico-vil%c2%b7la-urania\/","title":{"rendered":"Sarri\u00e0: Vota la obra de Magistrales que m\u00e1s te guste en el centro c\u00edvico Vil\u00b7la Ur\u00e0nia"},"content":{"rendered":"<p>Del 19 de junio al 16 de julio puedes votar la obra que m\u00e1s te guste del proyecto <em>Magistrals<\/em> .<\/p>\n<p><em>Magistrals<\/em> es un proyecto de formaci\u00f3n para artistas y profesionales de entidades del sector de la discapacidad intelectual, organizado por la Fundaci\u00f3 Setba y que cuenta con el apoyo del Ayuntamiento de Barcelona.<\/p>\n<p>Gracias a este proyecto, usuarios y usuarias de las entidades <strong>Fundaci\u00f3n Estimia, Fundaci\u00f3n TEAS, Mas Saur\u00f3 y el Centro Pedralbes<\/strong> del distrito Sarri\u00e0-Sant Gervasi han podido disfrutar de clases online y presenciales de la mano de la dise\u00f1adora e ilustradora <strong>Laura Klamburg<\/strong>, quien tambi\u00e9n ha sido docente de escuelas de dise\u00f1o de prestigio de Barcelona como Idep, Eina y Baus.<\/p>\n<p>\u00a1Ahora es el turno de los vecinos y vecinas del barrio!<\/p>\n<p><strong>Dirigido al <a href=\"https:\/\/ajuntament.barcelona.cat\/ccivics\/vil.laurania\">Centro C\u00edvico Vil\u00b7la Ur\u00e0nia<\/a> , llena el boleto, vota la obra que m\u00e1s te guste<\/strong> y la ganadora representar\u00e1 al distrito en una exposici\u00f3n itinerante, que tendr\u00e1 lugar en el 2025.<\/p>\n<p><strong>OBRAS PARA VOTAR: <\/strong><\/p>\n<div class=\"w-gallery fit_cover wp_gallery type_grid action_popup_image ratio_auto count_15\" style=\"--columns:1;--items-gap:0px;\"><div class=\"w-gallery-list\"><div class=\"w-gallery-item\"><div class=\"w-gallery-item-img\"><img loading=\"lazy\" decoding=\"async\" width=\"1780\" height=\"2560\" src=\"https:\/\/fundaciosetba.org\/wp-content\/uploads\/2023\/06\/Antonio-Marti-scaled.jpg\" class=\"attachment-full size-full\" alt=\"\" srcset=\"https:\/\/fundaciosetba.org\/wp-content\/uploads\/2023\/06\/Antonio-Marti-scaled.jpg 1780w, https:\/\/fundaciosetba.org\/wp-content\/uploads\/2023\/06\/Antonio-Marti-209x300.jpg 209w, https:\/\/fundaciosetba.org\/wp-content\/uploads\/2023\/06\/Antonio-Marti-712x1024.jpg 712w, https:\/\/fundaciosetba.org\/wp-content\/uploads\/2023\/06\/Antonio-Marti-70x100.jpg 70w, https:\/\/fundaciosetba.org\/wp-content\/uploads\/2023\/06\/Antonio-Marti-278x400.jpg 278w, https:\/\/fundaciosetba.org\/wp-content\/uploads\/2023\/06\/Antonio-Marti-600x863.jpg 600w\" sizes=\"auto, (max-width: 1780px) 100vw, 1780px\" \/><\/div><div class=\"w-gallery-item-meta\"><div class=\"w-gallery-item-title\">1.Antonio Mart\u00ed<\/div><\/div><a class=\"w-gallery-item-link\" aria-label=\"1.Antonio Mart\u00ed\" href=\"https:\/\/fundaciosetba.org\/wp-content\/uploads\/2023\/06\/Antonio-Marti-scaled.jpg\" title=\"1.Antonio Mart\u00ed\"><\/a><\/div><div class=\"w-gallery-item\"><div class=\"w-gallery-item-img\"><img loading=\"lazy\" decoding=\"async\" width=\"1824\" height=\"2560\" src=\"https:\/\/fundaciosetba.org\/wp-content\/uploads\/2023\/06\/Begona-Vazquez-scaled.jpg\" class=\"attachment-full size-full\" alt=\"\" srcset=\"https:\/\/fundaciosetba.org\/wp-content\/uploads\/2023\/06\/Begona-Vazquez-scaled.jpg 1824w, https:\/\/fundaciosetba.org\/wp-content\/uploads\/2023\/06\/Begona-Vazquez-214x300.jpg 214w, https:\/\/fundaciosetba.org\/wp-content\/uploads\/2023\/06\/Begona-Vazquez-730x1024.jpg 730w, https:\/\/fundaciosetba.org\/wp-content\/uploads\/2023\/06\/Begona-Vazquez-71x100.jpg 71w, https:\/\/fundaciosetba.org\/wp-content\/uploads\/2023\/06\/Begona-Vazquez-285x400.jpg 285w, https:\/\/fundaciosetba.org\/wp-content\/uploads\/2023\/06\/Begona-Vazquez-600x842.jpg 600w\" sizes=\"auto, (max-width: 1824px) 100vw, 1824px\" \/><\/div><div class=\"w-gallery-item-meta\"><div class=\"w-gallery-item-title\">2.Bego\u00f1a V\u00e1zquez<\/div><\/div><a class=\"w-gallery-item-link\" aria-label=\"2.Bego\u00f1a V\u00e1zquez\" href=\"https:\/\/fundaciosetba.org\/wp-content\/uploads\/2023\/06\/Begona-Vazquez-scaled.jpg\" title=\"2.Bego\u00f1a V\u00e1zquez\"><\/a><\/div><div class=\"w-gallery-item\"><div class=\"w-gallery-item-img\"><img loading=\"lazy\" decoding=\"async\" width=\"1859\" height=\"2560\" src=\"https:\/\/fundaciosetba.org\/wp-content\/uploads\/2023\/06\/Berta-Alsina-scaled.jpg\" class=\"attachment-full size-full\" alt=\"\" srcset=\"https:\/\/fundaciosetba.org\/wp-content\/uploads\/2023\/06\/Berta-Alsina-scaled.jpg 1859w, https:\/\/fundaciosetba.org\/wp-content\/uploads\/2023\/06\/Berta-Alsina-218x300.jpg 218w, https:\/\/fundaciosetba.org\/wp-content\/uploads\/2023\/06\/Berta-Alsina-744x1024.jpg 744w, https:\/\/fundaciosetba.org\/wp-content\/uploads\/2023\/06\/Berta-Alsina-73x100.jpg 73w, https:\/\/fundaciosetba.org\/wp-content\/uploads\/2023\/06\/Berta-Alsina-291x400.jpg 291w, https:\/\/fundaciosetba.org\/wp-content\/uploads\/2023\/06\/Berta-Alsina-600x826.jpg 600w\" sizes=\"auto, (max-width: 1859px) 100vw, 1859px\" \/><\/div><div class=\"w-gallery-item-meta\"><div class=\"w-gallery-item-title\">3.Berta Alsina<\/div><\/div><a class=\"w-gallery-item-link\" aria-label=\"3.Berta Alsina\" href=\"https:\/\/fundaciosetba.org\/wp-content\/uploads\/2023\/06\/Berta-Alsina-scaled.jpg\" title=\"3.Berta Alsina\"><\/a><\/div><div class=\"w-gallery-item\"><div class=\"w-gallery-item-img\"><img loading=\"lazy\" decoding=\"async\" width=\"1847\" height=\"2560\" src=\"https:\/\/fundaciosetba.org\/wp-content\/uploads\/2023\/06\/Eva-Montanana-scaled.jpg\" class=\"attachment-full size-full\" alt=\"\" srcset=\"https:\/\/fundaciosetba.org\/wp-content\/uploads\/2023\/06\/Eva-Montanana-scaled.jpg 1847w, https:\/\/fundaciosetba.org\/wp-content\/uploads\/2023\/06\/Eva-Montanana-216x300.jpg 216w, https:\/\/fundaciosetba.org\/wp-content\/uploads\/2023\/06\/Eva-Montanana-739x1024.jpg 739w, https:\/\/fundaciosetba.org\/wp-content\/uploads\/2023\/06\/Eva-Montanana-72x100.jpg 72w, https:\/\/fundaciosetba.org\/wp-content\/uploads\/2023\/06\/Eva-Montanana-289x400.jpg 289w, https:\/\/fundaciosetba.org\/wp-content\/uploads\/2023\/06\/Eva-Montanana-600x832.jpg 600w\" sizes=\"auto, (max-width: 1847px) 100vw, 1847px\" \/><\/div><div class=\"w-gallery-item-meta\"><div class=\"w-gallery-item-title\">4.Eva Monta\u00f1ana<\/div><\/div><a class=\"w-gallery-item-link\" aria-label=\"4.Eva Monta\u00f1ana\" href=\"https:\/\/fundaciosetba.org\/wp-content\/uploads\/2023\/06\/Eva-Montanana-scaled.jpg\" title=\"4.Eva Monta\u00f1ana\"><\/a><\/div><div class=\"w-gallery-item\"><div class=\"w-gallery-item-img\"><img loading=\"lazy\" decoding=\"async\" width=\"1847\" height=\"2560\" src=\"https:\/\/fundaciosetba.org\/wp-content\/uploads\/2023\/06\/Greta-de-Jorge-scaled.jpg\" class=\"attachment-full size-full\" alt=\"\" srcset=\"https:\/\/fundaciosetba.org\/wp-content\/uploads\/2023\/06\/Greta-de-Jorge-scaled.jpg 1847w, https:\/\/fundaciosetba.org\/wp-content\/uploads\/2023\/06\/Greta-de-Jorge-216x300.jpg 216w, https:\/\/fundaciosetba.org\/wp-content\/uploads\/2023\/06\/Greta-de-Jorge-739x1024.jpg 739w, https:\/\/fundaciosetba.org\/wp-content\/uploads\/2023\/06\/Greta-de-Jorge-72x100.jpg 72w, https:\/\/fundaciosetba.org\/wp-content\/uploads\/2023\/06\/Greta-de-Jorge-289x400.jpg 289w, https:\/\/fundaciosetba.org\/wp-content\/uploads\/2023\/06\/Greta-de-Jorge-600x831.jpg 600w\" sizes=\"auto, (max-width: 1847px) 100vw, 1847px\" \/><\/div><div class=\"w-gallery-item-meta\"><div class=\"w-gallery-item-title\">5.Greta de Jorge<\/div><\/div><a class=\"w-gallery-item-link\" aria-label=\"5.Greta de Jorge\" href=\"https:\/\/fundaciosetba.org\/wp-content\/uploads\/2023\/06\/Greta-de-Jorge-scaled.jpg\" title=\"5.Greta de Jorge\"><\/a><\/div><div class=\"w-gallery-item\"><div class=\"w-gallery-item-img\"><img loading=\"lazy\" decoding=\"async\" width=\"1748\" height=\"2560\" src=\"https:\/\/fundaciosetba.org\/wp-content\/uploads\/2023\/06\/Jordi-Velez-scaled.jpg\" class=\"attachment-full size-full\" alt=\"\" srcset=\"https:\/\/fundaciosetba.org\/wp-content\/uploads\/2023\/06\/Jordi-Velez-scaled.jpg 1748w, https:\/\/fundaciosetba.org\/wp-content\/uploads\/2023\/06\/Jordi-Velez-205x300.jpg 205w, https:\/\/fundaciosetba.org\/wp-content\/uploads\/2023\/06\/Jordi-Velez-699x1024.jpg 699w, https:\/\/fundaciosetba.org\/wp-content\/uploads\/2023\/06\/Jordi-Velez-68x100.jpg 68w, https:\/\/fundaciosetba.org\/wp-content\/uploads\/2023\/06\/Jordi-Velez-273x400.jpg 273w, https:\/\/fundaciosetba.org\/wp-content\/uploads\/2023\/06\/Jordi-Velez-600x879.jpg 600w\" sizes=\"auto, (max-width: 1748px) 100vw, 1748px\" \/><\/div><div class=\"w-gallery-item-meta\"><div class=\"w-gallery-item-title\">6.Jordi Velez<\/div><\/div><a class=\"w-gallery-item-link\" aria-label=\"6.Jordi Velez\" href=\"https:\/\/fundaciosetba.org\/wp-content\/uploads\/2023\/06\/Jordi-Velez-scaled.jpg\" title=\"6.Jordi Velez\"><\/a><\/div><div class=\"w-gallery-item\"><div class=\"w-gallery-item-img\"><img loading=\"lazy\" decoding=\"async\" width=\"1860\" height=\"2548\" src=\"https:\/\/fundaciosetba.org\/wp-content\/uploads\/2023\/06\/Jose-Miralles.jpg\" class=\"attachment-full size-full\" alt=\"\" srcset=\"https:\/\/fundaciosetba.org\/wp-content\/uploads\/2023\/06\/Jose-Miralles.jpg 1860w, https:\/\/fundaciosetba.org\/wp-content\/uploads\/2023\/06\/Jose-Miralles-219x300.jpg 219w, https:\/\/fundaciosetba.org\/wp-content\/uploads\/2023\/06\/Jose-Miralles-748x1024.jpg 748w, https:\/\/fundaciosetba.org\/wp-content\/uploads\/2023\/06\/Jose-Miralles-73x100.jpg 73w, https:\/\/fundaciosetba.org\/wp-content\/uploads\/2023\/06\/Jose-Miralles-292x400.jpg 292w, https:\/\/fundaciosetba.org\/wp-content\/uploads\/2023\/06\/Jose-Miralles-600x822.jpg 600w\" sizes=\"auto, (max-width: 1860px) 100vw, 1860px\" \/><\/div><div class=\"w-gallery-item-meta\"><div class=\"w-gallery-item-title\">7.Jos\u00e9 Miralles<\/div><\/div><a class=\"w-gallery-item-link\" aria-label=\"7.Jos\u00e9 Miralles\" href=\"https:\/\/fundaciosetba.org\/wp-content\/uploads\/2023\/06\/Jose-Miralles.jpg\" title=\"7.Jos\u00e9 Miralles\"><\/a><\/div><div class=\"w-gallery-item\"><div class=\"w-gallery-item-img\"><img loading=\"lazy\" decoding=\"async\" width=\"1826\" height=\"2560\" src=\"https:\/\/fundaciosetba.org\/wp-content\/uploads\/2023\/06\/Michelle-Sarmiento-scaled.jpg\" class=\"attachment-full size-full\" alt=\"\" srcset=\"https:\/\/fundaciosetba.org\/wp-content\/uploads\/2023\/06\/Michelle-Sarmiento-scaled.jpg 1826w, https:\/\/fundaciosetba.org\/wp-content\/uploads\/2023\/06\/Michelle-Sarmiento-214x300.jpg 214w, https:\/\/fundaciosetba.org\/wp-content\/uploads\/2023\/06\/Michelle-Sarmiento-730x1024.jpg 730w, https:\/\/fundaciosetba.org\/wp-content\/uploads\/2023\/06\/Michelle-Sarmiento-71x100.jpg 71w, https:\/\/fundaciosetba.org\/wp-content\/uploads\/2023\/06\/Michelle-Sarmiento-285x400.jpg 285w, https:\/\/fundaciosetba.org\/wp-content\/uploads\/2023\/06\/Michelle-Sarmiento-600x841.jpg 600w\" sizes=\"auto, (max-width: 1826px) 100vw, 1826px\" \/><\/div><div class=\"w-gallery-item-meta\"><div class=\"w-gallery-item-title\">8.Michelle Sarmiento<\/div><\/div><a class=\"w-gallery-item-link\" aria-label=\"8.Michelle Sarmiento\" href=\"https:\/\/fundaciosetba.org\/wp-content\/uploads\/2023\/06\/Michelle-Sarmiento-scaled.jpg\" title=\"8.Michelle Sarmiento\"><\/a><\/div><div class=\"w-gallery-item\"><div class=\"w-gallery-item-img\"><img loading=\"lazy\" decoding=\"async\" width=\"1837\" height=\"2560\" src=\"https:\/\/fundaciosetba.org\/wp-content\/uploads\/2023\/06\/Pilar-Roca-scaled.jpg\" class=\"attachment-full size-full\" alt=\"\" srcset=\"https:\/\/fundaciosetba.org\/wp-content\/uploads\/2023\/06\/Pilar-Roca-scaled.jpg 1837w, https:\/\/fundaciosetba.org\/wp-content\/uploads\/2023\/06\/Pilar-Roca-215x300.jpg 215w, https:\/\/fundaciosetba.org\/wp-content\/uploads\/2023\/06\/Pilar-Roca-735x1024.jpg 735w, https:\/\/fundaciosetba.org\/wp-content\/uploads\/2023\/06\/Pilar-Roca-72x100.jpg 72w, https:\/\/fundaciosetba.org\/wp-content\/uploads\/2023\/06\/Pilar-Roca-287x400.jpg 287w, https:\/\/fundaciosetba.org\/wp-content\/uploads\/2023\/06\/Pilar-Roca-600x836.jpg 600w\" sizes=\"auto, (max-width: 1837px) 100vw, 1837px\" \/><\/div><div class=\"w-gallery-item-meta\"><div class=\"w-gallery-item-title\">9.Pilar Roca<\/div><\/div><a class=\"w-gallery-item-link\" aria-label=\"9.Pilar Roca\" href=\"https:\/\/fundaciosetba.org\/wp-content\/uploads\/2023\/06\/Pilar-Roca-scaled.jpg\" title=\"9.Pilar Roca\"><\/a><\/div><div class=\"w-gallery-item\"><div class=\"w-gallery-item-img\"><img loading=\"lazy\" decoding=\"async\" width=\"1753\" height=\"2560\" src=\"https:\/\/fundaciosetba.org\/wp-content\/uploads\/2023\/06\/Rafa-Blanes-scaled.jpg\" class=\"attachment-full size-full\" alt=\"\" srcset=\"https:\/\/fundaciosetba.org\/wp-content\/uploads\/2023\/06\/Rafa-Blanes-scaled.jpg 1753w, https:\/\/fundaciosetba.org\/wp-content\/uploads\/2023\/06\/Rafa-Blanes-205x300.jpg 205w, https:\/\/fundaciosetba.org\/wp-content\/uploads\/2023\/06\/Rafa-Blanes-701x1024.jpg 701w, https:\/\/fundaciosetba.org\/wp-content\/uploads\/2023\/06\/Rafa-Blanes-68x100.jpg 68w, https:\/\/fundaciosetba.org\/wp-content\/uploads\/2023\/06\/Rafa-Blanes-274x400.jpg 274w, https:\/\/fundaciosetba.org\/wp-content\/uploads\/2023\/06\/Rafa-Blanes-600x876.jpg 600w\" sizes=\"auto, (max-width: 1753px) 100vw, 1753px\" \/><\/div><div class=\"w-gallery-item-meta\"><div class=\"w-gallery-item-title\">10.Rafa Blanes<\/div><\/div><a class=\"w-gallery-item-link\" aria-label=\"10.Rafa Blanes\" href=\"https:\/\/fundaciosetba.org\/wp-content\/uploads\/2023\/06\/Rafa-Blanes-scaled.jpg\" title=\"10.Rafa Blanes\"><\/a><\/div><div class=\"w-gallery-item\"><div class=\"w-gallery-item-img\"><img loading=\"lazy\" decoding=\"async\" width=\"1756\" height=\"2560\" src=\"https:\/\/fundaciosetba.org\/wp-content\/uploads\/2023\/06\/Raquel-Ibanez-scaled.jpg\" class=\"attachment-full size-full\" alt=\"\" srcset=\"https:\/\/fundaciosetba.org\/wp-content\/uploads\/2023\/06\/Raquel-Ibanez-scaled.jpg 1756w, https:\/\/fundaciosetba.org\/wp-content\/uploads\/2023\/06\/Raquel-Ibanez-206x300.jpg 206w, https:\/\/fundaciosetba.org\/wp-content\/uploads\/2023\/06\/Raquel-Ibanez-702x1024.jpg 702w, https:\/\/fundaciosetba.org\/wp-content\/uploads\/2023\/06\/Raquel-Ibanez-69x100.jpg 69w, https:\/\/fundaciosetba.org\/wp-content\/uploads\/2023\/06\/Raquel-Ibanez-274x400.jpg 274w, https:\/\/fundaciosetba.org\/wp-content\/uploads\/2023\/06\/Raquel-Ibanez-600x875.jpg 600w\" sizes=\"auto, (max-width: 1756px) 100vw, 1756px\" \/><\/div><div class=\"w-gallery-item-meta\"><div class=\"w-gallery-item-title\">11.Raquel Iba\u00f1ez<\/div><\/div><a class=\"w-gallery-item-link\" aria-label=\"11.Raquel Iba\u00f1ez\" href=\"https:\/\/fundaciosetba.org\/wp-content\/uploads\/2023\/06\/Raquel-Ibanez-scaled.jpg\" title=\"11.Raquel Iba\u00f1ez\"><\/a><\/div><div class=\"w-gallery-item\"><div class=\"w-gallery-item-img\"><img loading=\"lazy\" decoding=\"async\" width=\"1805\" height=\"2560\" src=\"https:\/\/fundaciosetba.org\/wp-content\/uploads\/2023\/06\/Raul-Sole-scaled.jpg\" class=\"attachment-full size-full\" alt=\"\" srcset=\"https:\/\/fundaciosetba.org\/wp-content\/uploads\/2023\/06\/Raul-Sole-scaled.jpg 1805w, https:\/\/fundaciosetba.org\/wp-content\/uploads\/2023\/06\/Raul-Sole-211x300.jpg 211w, https:\/\/fundaciosetba.org\/wp-content\/uploads\/2023\/06\/Raul-Sole-722x1024.jpg 722w, https:\/\/fundaciosetba.org\/wp-content\/uploads\/2023\/06\/Raul-Sole-70x100.jpg 70w, https:\/\/fundaciosetba.org\/wp-content\/uploads\/2023\/06\/Raul-Sole-282x400.jpg 282w, https:\/\/fundaciosetba.org\/wp-content\/uploads\/2023\/06\/Raul-Sole-600x851.jpg 600w\" sizes=\"auto, (max-width: 1805px) 100vw, 1805px\" \/><\/div><div class=\"w-gallery-item-meta\"><div class=\"w-gallery-item-title\">12.Ra\u00fal Sole<\/div><\/div><a class=\"w-gallery-item-link\" aria-label=\"12.Ra\u00fal Sole\" href=\"https:\/\/fundaciosetba.org\/wp-content\/uploads\/2023\/06\/Raul-Sole-scaled.jpg\" title=\"12.Ra\u00fal Sole\"><\/a><\/div><div class=\"w-gallery-item\"><div class=\"w-gallery-item-img\"><img loading=\"lazy\" decoding=\"async\" width=\"1792\" height=\"2440\" src=\"https:\/\/fundaciosetba.org\/wp-content\/uploads\/2023\/06\/Rosa-Ma-Balleste.jpg\" class=\"attachment-full size-full\" alt=\"\" srcset=\"https:\/\/fundaciosetba.org\/wp-content\/uploads\/2023\/06\/Rosa-Ma-Balleste.jpg 1792w, https:\/\/fundaciosetba.org\/wp-content\/uploads\/2023\/06\/Rosa-Ma-Balleste-220x300.jpg 220w, https:\/\/fundaciosetba.org\/wp-content\/uploads\/2023\/06\/Rosa-Ma-Balleste-752x1024.jpg 752w, https:\/\/fundaciosetba.org\/wp-content\/uploads\/2023\/06\/Rosa-Ma-Balleste-73x100.jpg 73w, https:\/\/fundaciosetba.org\/wp-content\/uploads\/2023\/06\/Rosa-Ma-Balleste-294x400.jpg 294w, https:\/\/fundaciosetba.org\/wp-content\/uploads\/2023\/06\/Rosa-Ma-Balleste-600x817.jpg 600w\" sizes=\"auto, (max-width: 1792px) 100vw, 1792px\" \/><\/div><div class=\"w-gallery-item-meta\"><div class=\"w-gallery-item-title\">13.Rosa M\u00aa Balleste<\/div><\/div><a class=\"w-gallery-item-link\" aria-label=\"13.Rosa M\u00aa Balleste\" href=\"https:\/\/fundaciosetba.org\/wp-content\/uploads\/2023\/06\/Rosa-Ma-Balleste.jpg\" title=\"13.Rosa M\u00aa Balleste\"><\/a><\/div><div class=\"w-gallery-item\"><div class=\"w-gallery-item-img\"><img loading=\"lazy\" decoding=\"async\" width=\"1817\" height=\"2560\" src=\"https:\/\/fundaciosetba.org\/wp-content\/uploads\/2023\/06\/Sergi-Castellvi-scaled.jpg\" class=\"attachment-full size-full\" alt=\"\" srcset=\"https:\/\/fundaciosetba.org\/wp-content\/uploads\/2023\/06\/Sergi-Castellvi-scaled.jpg 1817w, https:\/\/fundaciosetba.org\/wp-content\/uploads\/2023\/06\/Sergi-Castellvi-213x300.jpg 213w, https:\/\/fundaciosetba.org\/wp-content\/uploads\/2023\/06\/Sergi-Castellvi-727x1024.jpg 727w, https:\/\/fundaciosetba.org\/wp-content\/uploads\/2023\/06\/Sergi-Castellvi-71x100.jpg 71w, https:\/\/fundaciosetba.org\/wp-content\/uploads\/2023\/06\/Sergi-Castellvi-284x400.jpg 284w, https:\/\/fundaciosetba.org\/wp-content\/uploads\/2023\/06\/Sergi-Castellvi-600x845.jpg 600w\" sizes=\"auto, (max-width: 1817px) 100vw, 1817px\" \/><\/div><div class=\"w-gallery-item-meta\"><div class=\"w-gallery-item-title\">14.Sergi Castellv\u00ed<\/div><\/div><a class=\"w-gallery-item-link\" aria-label=\"14.Sergi Castellv\u00ed\" href=\"https:\/\/fundaciosetba.org\/wp-content\/uploads\/2023\/06\/Sergi-Castellvi-scaled.jpg\" title=\"14.Sergi Castellv\u00ed\"><\/a><\/div><div class=\"w-gallery-item\"><div class=\"w-gallery-item-img\"><img loading=\"lazy\" decoding=\"async\" width=\"1822\" height=\"2560\" src=\"https:\/\/fundaciosetba.org\/wp-content\/uploads\/2023\/06\/Victor-Gonzalez-scaled.jpg\" class=\"attachment-full size-full\" alt=\"\" srcset=\"https:\/\/fundaciosetba.org\/wp-content\/uploads\/2023\/06\/Victor-Gonzalez-scaled.jpg 1822w, https:\/\/fundaciosetba.org\/wp-content\/uploads\/2023\/06\/Victor-Gonzalez-214x300.jpg 214w, https:\/\/fundaciosetba.org\/wp-content\/uploads\/2023\/06\/Victor-Gonzalez-729x1024.jpg 729w, https:\/\/fundaciosetba.org\/wp-content\/uploads\/2023\/06\/Victor-Gonzalez-71x100.jpg 71w, https:\/\/fundaciosetba.org\/wp-content\/uploads\/2023\/06\/Victor-Gonzalez-285x400.jpg 285w, https:\/\/fundaciosetba.org\/wp-content\/uploads\/2023\/06\/Victor-Gonzalez-600x843.jpg 600w\" sizes=\"auto, (max-width: 1822px) 100vw, 1822px\" \/><\/div><div class=\"w-gallery-item-meta\"><div class=\"w-gallery-item-title\">15.V\u00edctor Gonz\u00e1lez<\/div><\/div><a class=\"w-gallery-item-link\" aria-label=\"15.V\u00edctor Gonz\u00e1lez\" href=\"https:\/\/fundaciosetba.org\/wp-content\/uploads\/2023\/06\/Victor-Gonzalez-scaled.jpg\" title=\"15.V\u00edctor Gonz\u00e1lez\"><\/a><\/div><\/div><\/div>\n","protected":false},"excerpt":{"rendered":"<p>Del 19 de junio al 16 de julio puedes votar la obra que m\u00e1s te guste del proyecto Magistrals del distrito Sarri\u00e0-Sant Gervasi<\/p>\n","protected":false},"author":1,"featured_media":34081,"comment_status":"closed","ping_status":"closed","sticky":false,"template":"","format":"standard","meta":{"footnotes":""},"categories":[1352],"tags":[],"class_list":["post-34111","post","type-post","status-publish","format-standard","has-post-thumbnail","hentry","category-magistrales-es"],"_links":{"self":[{"href":"https:\/\/fundaciosetba.org\/es\/wp-json\/wp\/v2\/posts\/34111","targetHints":{"allow":["GET"]}}],"collection":[{"href":"https:\/\/fundaciosetba.org\/es\/wp-json\/wp\/v2\/posts"}],"about":[{"href":"https:\/\/fundaciosetba.org\/es\/wp-json\/wp\/v2\/types\/post"}],"author":[{"embeddable":true,"href":"https:\/\/fundaciosetba.org\/es\/wp-json\/wp\/v2\/users\/1"}],"replies":[{"embeddable":true,"href":"https:\/\/fundaciosetba.org\/es\/wp-json\/wp\/v2\/comments?post=34111"}],"version-history":[{"count":1,"href":"https:\/\/fundaciosetba.org\/es\/wp-json\/wp\/v2\/posts\/34111\/revisions"}],"predecessor-version":[{"id":34116,"href":"https:\/\/fundaciosetba.org\/es\/wp-json\/wp\/v2\/posts\/34111\/revisions\/34116"}],"wp:featuredmedia":[{"embeddable":true,"href":"https:\/\/fundaciosetba.org\/es\/wp-json\/wp\/v2\/media\/34081"}],"wp:attachment":[{"href":"https:\/\/fundaciosetba.org\/es\/wp-json\/wp\/v2\/media?parent=34111"}],"wp:term":[{"taxonomy":"category","embeddable":true,"href":"https:\/\/fundaciosetba.org\/es\/wp-json\/wp\/v2\/categories?post=34111"},{"taxonomy":"post_tag","embeddable":true,"href":"https:\/\/fundaciosetba.org\/es\/wp-json\/wp\/v2\/tags?post=34111"}],"curies":[{"name":"wp","href":"https:\/\/api.w.org\/{rel}","templated":true}]}}