{"id":34112,"date":"2023-06-12T09:12:30","date_gmt":"2023-06-12T08:12:30","guid":{"rendered":"https:\/\/fundaciosetba.org\/les-corts-vota-la-obra-de-magistrales-que-mas-te-guste-en-el-centro-civico-jm-trias-i-peitx\/"},"modified":"2023-06-13T09:29:59","modified_gmt":"2023-06-13T08:29:59","slug":"les-corts-vota-la-obra-de-magistrales-que-mas-te-guste-en-el-centro-civico-jm-trias-i-peitx","status":"publish","type":"post","link":"https:\/\/fundaciosetba.org\/es\/les-corts-vota-la-obra-de-magistrales-que-mas-te-guste-en-el-centro-civico-jm-trias-i-peitx\/","title":{"rendered":"Les Corts: Vota la obra de Magistrales que m\u00e1s te guste en el centro c\u00edvico JM Trias i Peitx"},"content":{"rendered":"<p>Del 19 de junio al 16 de julio puedes votar la obra que m\u00e1s te guste del proyecto <em>Magistrals<\/em> .<\/p>\n<p><em>Magistrals<\/em> es un proyecto de formaci\u00f3n para artistas y profesionales de entidades del sector de la discapacidad intelectual, organizado por la Fundaci\u00f3 Setba y que cuenta con el apoyo del Ayuntamiento de Barcelona.<\/p>\n<p>Gracias a este proyecto, usuarios y usuarias de las entidades <strong>Taller Ocupacional Ariadna, Pre Taller San Jos\u00e9, Fundaci\u00f3n Paideia y la Fundaci\u00f3n Catalana S\u00edndrome de Down<\/strong> del distrito de Les Corts han podido disfrutar de clases online y presenciales de la mano de la dise\u00f1adora e ilustradora <strong>Laura Klamburg<\/strong>, quien tambi\u00e9n ha sido docente de escuelas de dise\u00f1o de prestigio de Barcelona como Idep, Eina y Baus.<\/p>\n<p>\u00a1Ahora es el turno de los vecinos y vecinas del barrio!<\/p>\n<p><strong>Dirigido al centro c\u00edvico <a href=\"https:\/\/ajuntament.barcelona.cat\/ccivics\/josepmtriasipeitx\">JM Trias i Peitx<\/a> , llena el boleto, vota la obra que m\u00e1s te guste<\/strong> y la ganadora representar\u00e1 al distrito en una exposici\u00f3n itinerante, que tendr\u00e1 lugar en el 2025.<\/p>\n<p><strong>OBRAS PARA VOTAR: <\/strong><\/p>\n<div class=\"w-gallery fit_cover wp_gallery type_grid action_popup_image ratio_auto count_14\" style=\"--columns:1;--items-gap:0px;\"><div class=\"w-gallery-list\"><div class=\"w-gallery-item\"><div class=\"w-gallery-item-img\"><img loading=\"lazy\" decoding=\"async\" width=\"1783\" height=\"2560\" src=\"https:\/\/fundaciosetba.org\/wp-content\/uploads\/2023\/06\/Angelo-J.-Berroteran-scaled.jpg\" class=\"attachment-full size-full\" alt=\"\" srcset=\"https:\/\/fundaciosetba.org\/wp-content\/uploads\/2023\/06\/Angelo-J.-Berroteran-scaled.jpg 1783w, https:\/\/fundaciosetba.org\/wp-content\/uploads\/2023\/06\/Angelo-J.-Berroteran-209x300.jpg 209w, https:\/\/fundaciosetba.org\/wp-content\/uploads\/2023\/06\/Angelo-J.-Berroteran-713x1024.jpg 713w, https:\/\/fundaciosetba.org\/wp-content\/uploads\/2023\/06\/Angelo-J.-Berroteran-70x100.jpg 70w, https:\/\/fundaciosetba.org\/wp-content\/uploads\/2023\/06\/Angelo-J.-Berroteran-279x400.jpg 279w, https:\/\/fundaciosetba.org\/wp-content\/uploads\/2023\/06\/Angelo-J.-Berroteran-600x862.jpg 600w\" sizes=\"auto, (max-width: 1783px) 100vw, 1783px\" \/><\/div><div class=\"w-gallery-item-meta\"><div class=\"w-gallery-item-title\">1.Angelo J. Berroteran<\/div><\/div><a class=\"w-gallery-item-link\" aria-label=\"1.Angelo J. Berroteran\" href=\"https:\/\/fundaciosetba.org\/wp-content\/uploads\/2023\/06\/Angelo-J.-Berroteran-scaled.jpg\" title=\"1.Angelo J. Berroteran\"><\/a><\/div><div class=\"w-gallery-item\"><div class=\"w-gallery-item-img\"><img loading=\"lazy\" decoding=\"async\" width=\"1608\" height=\"2332\" src=\"https:\/\/fundaciosetba.org\/wp-content\/uploads\/2023\/06\/Asuncion-Lopez.jpg\" class=\"attachment-full size-full\" alt=\"\" srcset=\"https:\/\/fundaciosetba.org\/wp-content\/uploads\/2023\/06\/Asuncion-Lopez.jpg 1608w, https:\/\/fundaciosetba.org\/wp-content\/uploads\/2023\/06\/Asuncion-Lopez-207x300.jpg 207w, https:\/\/fundaciosetba.org\/wp-content\/uploads\/2023\/06\/Asuncion-Lopez-706x1024.jpg 706w, https:\/\/fundaciosetba.org\/wp-content\/uploads\/2023\/06\/Asuncion-Lopez-69x100.jpg 69w, https:\/\/fundaciosetba.org\/wp-content\/uploads\/2023\/06\/Asuncion-Lopez-276x400.jpg 276w, https:\/\/fundaciosetba.org\/wp-content\/uploads\/2023\/06\/Asuncion-Lopez-600x870.jpg 600w\" sizes=\"auto, (max-width: 1608px) 100vw, 1608px\" \/><\/div><div class=\"w-gallery-item-meta\"><div class=\"w-gallery-item-title\">2.Asunci\u00f3n L\u00f3pez<\/div><\/div><a class=\"w-gallery-item-link\" aria-label=\"2.Asunci\u00f3n L\u00f3pez\" href=\"https:\/\/fundaciosetba.org\/wp-content\/uploads\/2023\/06\/Asuncion-Lopez.jpg\" title=\"2.Asunci\u00f3n L\u00f3pez\"><\/a><\/div><div class=\"w-gallery-item\"><div class=\"w-gallery-item-img\"><img loading=\"lazy\" decoding=\"async\" width=\"1774\" height=\"2560\" src=\"https:\/\/fundaciosetba.org\/wp-content\/uploads\/2023\/06\/Cristella-Teresa-Martinez-scaled.jpg\" class=\"attachment-full size-full\" alt=\"\" srcset=\"https:\/\/fundaciosetba.org\/wp-content\/uploads\/2023\/06\/Cristella-Teresa-Martinez-scaled.jpg 1774w, https:\/\/fundaciosetba.org\/wp-content\/uploads\/2023\/06\/Cristella-Teresa-Martinez-208x300.jpg 208w, https:\/\/fundaciosetba.org\/wp-content\/uploads\/2023\/06\/Cristella-Teresa-Martinez-710x1024.jpg 710w, https:\/\/fundaciosetba.org\/wp-content\/uploads\/2023\/06\/Cristella-Teresa-Martinez-69x100.jpg 69w, https:\/\/fundaciosetba.org\/wp-content\/uploads\/2023\/06\/Cristella-Teresa-Martinez-277x400.jpg 277w, https:\/\/fundaciosetba.org\/wp-content\/uploads\/2023\/06\/Cristella-Teresa-Martinez-600x866.jpg 600w\" sizes=\"auto, (max-width: 1774px) 100vw, 1774px\" \/><\/div><div class=\"w-gallery-item-meta\"><div class=\"w-gallery-item-title\">3.Cristella Teresa Mart\u00ednez<\/div><\/div><a class=\"w-gallery-item-link\" aria-label=\"3.Cristella Teresa Mart\u00ednez\" href=\"https:\/\/fundaciosetba.org\/wp-content\/uploads\/2023\/06\/Cristella-Teresa-Martinez-scaled.jpg\" title=\"3.Cristella Teresa Mart\u00ednez\"><\/a><\/div><div class=\"w-gallery-item\"><div class=\"w-gallery-item-img\"><img loading=\"lazy\" decoding=\"async\" width=\"1798\" height=\"2560\" src=\"https:\/\/fundaciosetba.org\/wp-content\/uploads\/2023\/06\/Dolores-Ruiz-scaled.jpg\" class=\"attachment-full size-full\" alt=\"\" srcset=\"https:\/\/fundaciosetba.org\/wp-content\/uploads\/2023\/06\/Dolores-Ruiz-scaled.jpg 1798w, https:\/\/fundaciosetba.org\/wp-content\/uploads\/2023\/06\/Dolores-Ruiz-211x300.jpg 211w, https:\/\/fundaciosetba.org\/wp-content\/uploads\/2023\/06\/Dolores-Ruiz-719x1024.jpg 719w, https:\/\/fundaciosetba.org\/wp-content\/uploads\/2023\/06\/Dolores-Ruiz-70x100.jpg 70w, https:\/\/fundaciosetba.org\/wp-content\/uploads\/2023\/06\/Dolores-Ruiz-281x400.jpg 281w, https:\/\/fundaciosetba.org\/wp-content\/uploads\/2023\/06\/Dolores-Ruiz-600x854.jpg 600w\" sizes=\"auto, (max-width: 1798px) 100vw, 1798px\" \/><\/div><div class=\"w-gallery-item-meta\"><div class=\"w-gallery-item-title\">4.Dolores Ruiz<\/div><\/div><a class=\"w-gallery-item-link\" aria-label=\"4.Dolores Ruiz\" href=\"https:\/\/fundaciosetba.org\/wp-content\/uploads\/2023\/06\/Dolores-Ruiz-scaled.jpg\" title=\"4.Dolores Ruiz\"><\/a><\/div><div class=\"w-gallery-item\"><div class=\"w-gallery-item-img\"><img loading=\"lazy\" decoding=\"async\" width=\"1791\" height=\"2560\" src=\"https:\/\/fundaciosetba.org\/wp-content\/uploads\/2023\/06\/Erik-Nitsch-scaled.jpg\" class=\"attachment-full size-full\" alt=\"\" srcset=\"https:\/\/fundaciosetba.org\/wp-content\/uploads\/2023\/06\/Erik-Nitsch-scaled.jpg 1791w, https:\/\/fundaciosetba.org\/wp-content\/uploads\/2023\/06\/Erik-Nitsch-210x300.jpg 210w, https:\/\/fundaciosetba.org\/wp-content\/uploads\/2023\/06\/Erik-Nitsch-716x1024.jpg 716w, https:\/\/fundaciosetba.org\/wp-content\/uploads\/2023\/06\/Erik-Nitsch-70x100.jpg 70w, https:\/\/fundaciosetba.org\/wp-content\/uploads\/2023\/06\/Erik-Nitsch-280x400.jpg 280w, https:\/\/fundaciosetba.org\/wp-content\/uploads\/2023\/06\/Erik-Nitsch-600x858.jpg 600w\" sizes=\"auto, (max-width: 1791px) 100vw, 1791px\" \/><\/div><div class=\"w-gallery-item-meta\"><div class=\"w-gallery-item-title\">5.Erik Nitsch<\/div><\/div><a class=\"w-gallery-item-link\" aria-label=\"5.Erik Nitsch\" href=\"https:\/\/fundaciosetba.org\/wp-content\/uploads\/2023\/06\/Erik-Nitsch-scaled.jpg\" title=\"5.Erik Nitsch\"><\/a><\/div><div class=\"w-gallery-item\"><div class=\"w-gallery-item-img\"><img loading=\"lazy\" decoding=\"async\" width=\"1760\" height=\"2560\" src=\"https:\/\/fundaciosetba.org\/wp-content\/uploads\/2023\/06\/Marta-Guma-scaled.jpg\" class=\"attachment-full size-full\" alt=\"\" srcset=\"https:\/\/fundaciosetba.org\/wp-content\/uploads\/2023\/06\/Marta-Guma-scaled.jpg 1760w, https:\/\/fundaciosetba.org\/wp-content\/uploads\/2023\/06\/Marta-Guma-206x300.jpg 206w, https:\/\/fundaciosetba.org\/wp-content\/uploads\/2023\/06\/Marta-Guma-704x1024.jpg 704w, https:\/\/fundaciosetba.org\/wp-content\/uploads\/2023\/06\/Marta-Guma-69x100.jpg 69w, https:\/\/fundaciosetba.org\/wp-content\/uploads\/2023\/06\/Marta-Guma-275x400.jpg 275w, https:\/\/fundaciosetba.org\/wp-content\/uploads\/2023\/06\/Marta-Guma-600x873.jpg 600w\" sizes=\"auto, (max-width: 1760px) 100vw, 1760px\" \/><\/div><div class=\"w-gallery-item-meta\"><div class=\"w-gallery-item-title\">6.Marta Gum\u00e0<\/div><\/div><a class=\"w-gallery-item-link\" aria-label=\"6.Marta Gum\u00e0\" href=\"https:\/\/fundaciosetba.org\/wp-content\/uploads\/2023\/06\/Marta-Guma-scaled.jpg\" title=\"6.Marta Gum\u00e0\"><\/a><\/div><div class=\"w-gallery-item\"><div class=\"w-gallery-item-img\"><img loading=\"lazy\" decoding=\"async\" width=\"1628\" height=\"2384\" src=\"https:\/\/fundaciosetba.org\/wp-content\/uploads\/2023\/06\/Miguel-Garcia.jpg\" class=\"attachment-full size-full\" alt=\"\" srcset=\"https:\/\/fundaciosetba.org\/wp-content\/uploads\/2023\/06\/Miguel-Garcia.jpg 1628w, https:\/\/fundaciosetba.org\/wp-content\/uploads\/2023\/06\/Miguel-Garcia-205x300.jpg 205w, https:\/\/fundaciosetba.org\/wp-content\/uploads\/2023\/06\/Miguel-Garcia-699x1024.jpg 699w, https:\/\/fundaciosetba.org\/wp-content\/uploads\/2023\/06\/Miguel-Garcia-68x100.jpg 68w, https:\/\/fundaciosetba.org\/wp-content\/uploads\/2023\/06\/Miguel-Garcia-273x400.jpg 273w, https:\/\/fundaciosetba.org\/wp-content\/uploads\/2023\/06\/Miguel-Garcia-600x879.jpg 600w\" sizes=\"auto, (max-width: 1628px) 100vw, 1628px\" \/><\/div><div class=\"w-gallery-item-meta\"><div class=\"w-gallery-item-title\">7.Miguel Garc\u00eda<\/div><\/div><a class=\"w-gallery-item-link\" aria-label=\"7.Miguel Garc\u00eda\" href=\"https:\/\/fundaciosetba.org\/wp-content\/uploads\/2023\/06\/Miguel-Garcia.jpg\" title=\"7.Miguel Garc\u00eda\"><\/a><\/div><div class=\"w-gallery-item\"><div class=\"w-gallery-item-img\"><img loading=\"lazy\" decoding=\"async\" width=\"1798\" height=\"2560\" src=\"https:\/\/fundaciosetba.org\/wp-content\/uploads\/2023\/06\/Monica-Flores-scaled.jpg\" class=\"attachment-full size-full\" alt=\"\" srcset=\"https:\/\/fundaciosetba.org\/wp-content\/uploads\/2023\/06\/Monica-Flores-scaled.jpg 1798w, https:\/\/fundaciosetba.org\/wp-content\/uploads\/2023\/06\/Monica-Flores-211x300.jpg 211w, https:\/\/fundaciosetba.org\/wp-content\/uploads\/2023\/06\/Monica-Flores-719x1024.jpg 719w, https:\/\/fundaciosetba.org\/wp-content\/uploads\/2023\/06\/Monica-Flores-70x100.jpg 70w, https:\/\/fundaciosetba.org\/wp-content\/uploads\/2023\/06\/Monica-Flores-281x400.jpg 281w, https:\/\/fundaciosetba.org\/wp-content\/uploads\/2023\/06\/Monica-Flores-600x854.jpg 600w\" sizes=\"auto, (max-width: 1798px) 100vw, 1798px\" \/><\/div><div class=\"w-gallery-item-meta\"><div class=\"w-gallery-item-title\">8.M\u00f2nica Flores<\/div><\/div><a class=\"w-gallery-item-link\" aria-label=\"8.M\u00f2nica Flores\" href=\"https:\/\/fundaciosetba.org\/wp-content\/uploads\/2023\/06\/Monica-Flores-scaled.jpg\" title=\"8.M\u00f2nica Flores\"><\/a><\/div><div class=\"w-gallery-item\"><div class=\"w-gallery-item-img\"><img loading=\"lazy\" decoding=\"async\" width=\"1769\" height=\"2560\" src=\"https:\/\/fundaciosetba.org\/wp-content\/uploads\/2023\/06\/Pilar-Fernandez-scaled.jpg\" class=\"attachment-full size-full\" alt=\"\" srcset=\"https:\/\/fundaciosetba.org\/wp-content\/uploads\/2023\/06\/Pilar-Fernandez-scaled.jpg 1769w, https:\/\/fundaciosetba.org\/wp-content\/uploads\/2023\/06\/Pilar-Fernandez-207x300.jpg 207w, https:\/\/fundaciosetba.org\/wp-content\/uploads\/2023\/06\/Pilar-Fernandez-708x1024.jpg 708w, https:\/\/fundaciosetba.org\/wp-content\/uploads\/2023\/06\/Pilar-Fernandez-69x100.jpg 69w, https:\/\/fundaciosetba.org\/wp-content\/uploads\/2023\/06\/Pilar-Fernandez-276x400.jpg 276w, https:\/\/fundaciosetba.org\/wp-content\/uploads\/2023\/06\/Pilar-Fernandez-600x868.jpg 600w\" sizes=\"auto, (max-width: 1769px) 100vw, 1769px\" \/><\/div><div class=\"w-gallery-item-meta\"><div class=\"w-gallery-item-title\">9.Pilar Fern\u00e1ndez<\/div><\/div><a class=\"w-gallery-item-link\" aria-label=\"9.Pilar Fern\u00e1ndez\" href=\"https:\/\/fundaciosetba.org\/wp-content\/uploads\/2023\/06\/Pilar-Fernandez-scaled.jpg\" title=\"9.Pilar Fern\u00e1ndez\"><\/a><\/div><div class=\"w-gallery-item\"><div class=\"w-gallery-item-img\"><img loading=\"lazy\" decoding=\"async\" width=\"1808\" height=\"2560\" src=\"https:\/\/fundaciosetba.org\/wp-content\/uploads\/2023\/06\/Pol-Raich-scaled.jpg\" class=\"attachment-full size-full\" alt=\"\" srcset=\"https:\/\/fundaciosetba.org\/wp-content\/uploads\/2023\/06\/Pol-Raich-scaled.jpg 1808w, https:\/\/fundaciosetba.org\/wp-content\/uploads\/2023\/06\/Pol-Raich-212x300.jpg 212w, https:\/\/fundaciosetba.org\/wp-content\/uploads\/2023\/06\/Pol-Raich-723x1024.jpg 723w, https:\/\/fundaciosetba.org\/wp-content\/uploads\/2023\/06\/Pol-Raich-71x100.jpg 71w, https:\/\/fundaciosetba.org\/wp-content\/uploads\/2023\/06\/Pol-Raich-283x400.jpg 283w, https:\/\/fundaciosetba.org\/wp-content\/uploads\/2023\/06\/Pol-Raich-600x849.jpg 600w\" sizes=\"auto, (max-width: 1808px) 100vw, 1808px\" \/><\/div><div class=\"w-gallery-item-meta\"><div class=\"w-gallery-item-title\">10.Pol Raich<\/div><\/div><a class=\"w-gallery-item-link\" aria-label=\"10.Pol Raich\" href=\"https:\/\/fundaciosetba.org\/wp-content\/uploads\/2023\/06\/Pol-Raich-scaled.jpg\" title=\"10.Pol Raich\"><\/a><\/div><div class=\"w-gallery-item\"><div class=\"w-gallery-item-img\"><img loading=\"lazy\" decoding=\"async\" width=\"1775\" height=\"2560\" src=\"https:\/\/fundaciosetba.org\/wp-content\/uploads\/2023\/06\/Ruben-Izquierdo-scaled.jpg\" class=\"attachment-full size-full\" alt=\"\" srcset=\"https:\/\/fundaciosetba.org\/wp-content\/uploads\/2023\/06\/Ruben-Izquierdo-scaled.jpg 1775w, https:\/\/fundaciosetba.org\/wp-content\/uploads\/2023\/06\/Ruben-Izquierdo-208x300.jpg 208w, https:\/\/fundaciosetba.org\/wp-content\/uploads\/2023\/06\/Ruben-Izquierdo-710x1024.jpg 710w, https:\/\/fundaciosetba.org\/wp-content\/uploads\/2023\/06\/Ruben-Izquierdo-69x100.jpg 69w, https:\/\/fundaciosetba.org\/wp-content\/uploads\/2023\/06\/Ruben-Izquierdo-277x400.jpg 277w, https:\/\/fundaciosetba.org\/wp-content\/uploads\/2023\/06\/Ruben-Izquierdo-600x865.jpg 600w\" sizes=\"auto, (max-width: 1775px) 100vw, 1775px\" \/><\/div><div class=\"w-gallery-item-meta\"><div class=\"w-gallery-item-title\">Rub\u00e9n Izquierdo<\/div><\/div><a class=\"w-gallery-item-link\" aria-label=\"Rub\u00e9n Izquierdo\" href=\"https:\/\/fundaciosetba.org\/wp-content\/uploads\/2023\/06\/Ruben-Izquierdo-scaled.jpg\" title=\"Rub\u00e9n Izquierdo\"><\/a><\/div><div class=\"w-gallery-item\"><div class=\"w-gallery-item-img\"><img loading=\"lazy\" decoding=\"async\" width=\"1816\" height=\"2556\" src=\"https:\/\/fundaciosetba.org\/wp-content\/uploads\/2023\/06\/Santiago-Sanchez.jpg\" class=\"attachment-full size-full\" alt=\"\" srcset=\"https:\/\/fundaciosetba.org\/wp-content\/uploads\/2023\/06\/Santiago-Sanchez.jpg 1816w, https:\/\/fundaciosetba.org\/wp-content\/uploads\/2023\/06\/Santiago-Sanchez-213x300.jpg 213w, https:\/\/fundaciosetba.org\/wp-content\/uploads\/2023\/06\/Santiago-Sanchez-728x1024.jpg 728w, https:\/\/fundaciosetba.org\/wp-content\/uploads\/2023\/06\/Santiago-Sanchez-71x100.jpg 71w, https:\/\/fundaciosetba.org\/wp-content\/uploads\/2023\/06\/Santiago-Sanchez-284x400.jpg 284w, https:\/\/fundaciosetba.org\/wp-content\/uploads\/2023\/06\/Santiago-Sanchez-600x844.jpg 600w\" sizes=\"auto, (max-width: 1816px) 100vw, 1816px\" \/><\/div><div class=\"w-gallery-item-meta\"><div class=\"w-gallery-item-title\">12.Santiago S\u00e1nchez<\/div><\/div><a class=\"w-gallery-item-link\" aria-label=\"12.Santiago S\u00e1nchez\" href=\"https:\/\/fundaciosetba.org\/wp-content\/uploads\/2023\/06\/Santiago-Sanchez.jpg\" title=\"12.Santiago S\u00e1nchez\"><\/a><\/div><div class=\"w-gallery-item\"><div class=\"w-gallery-item-img\"><img loading=\"lazy\" decoding=\"async\" width=\"1720\" height=\"2432\" src=\"https:\/\/fundaciosetba.org\/wp-content\/uploads\/2023\/06\/Sara-Macete.jpg\" class=\"attachment-full size-full\" alt=\"\" srcset=\"https:\/\/fundaciosetba.org\/wp-content\/uploads\/2023\/06\/Sara-Macete.jpg 1720w, https:\/\/fundaciosetba.org\/wp-content\/uploads\/2023\/06\/Sara-Macete-212x300.jpg 212w, https:\/\/fundaciosetba.org\/wp-content\/uploads\/2023\/06\/Sara-Macete-724x1024.jpg 724w, https:\/\/fundaciosetba.org\/wp-content\/uploads\/2023\/06\/Sara-Macete-71x100.jpg 71w, https:\/\/fundaciosetba.org\/wp-content\/uploads\/2023\/06\/Sara-Macete-283x400.jpg 283w, https:\/\/fundaciosetba.org\/wp-content\/uploads\/2023\/06\/Sara-Macete-600x848.jpg 600w\" sizes=\"auto, (max-width: 1720px) 100vw, 1720px\" \/><\/div><div class=\"w-gallery-item-meta\"><div class=\"w-gallery-item-title\">13.Sara Macete<\/div><\/div><a class=\"w-gallery-item-link\" aria-label=\"13.Sara Macete\" href=\"https:\/\/fundaciosetba.org\/wp-content\/uploads\/2023\/06\/Sara-Macete.jpg\" title=\"13.Sara Macete\"><\/a><\/div><div class=\"w-gallery-item\"><div class=\"w-gallery-item-img\"><img loading=\"lazy\" decoding=\"async\" width=\"1738\" height=\"2560\" src=\"https:\/\/fundaciosetba.org\/wp-content\/uploads\/2023\/06\/Silvia-Sensat-scaled.jpg\" class=\"attachment-full size-full\" alt=\"\" srcset=\"https:\/\/fundaciosetba.org\/wp-content\/uploads\/2023\/06\/Silvia-Sensat-scaled.jpg 1738w, https:\/\/fundaciosetba.org\/wp-content\/uploads\/2023\/06\/Silvia-Sensat-204x300.jpg 204w, https:\/\/fundaciosetba.org\/wp-content\/uploads\/2023\/06\/Silvia-Sensat-695x1024.jpg 695w, https:\/\/fundaciosetba.org\/wp-content\/uploads\/2023\/06\/Silvia-Sensat-68x100.jpg 68w, https:\/\/fundaciosetba.org\/wp-content\/uploads\/2023\/06\/Silvia-Sensat-271x400.jpg 271w, https:\/\/fundaciosetba.org\/wp-content\/uploads\/2023\/06\/Silvia-Sensat-600x884.jpg 600w\" sizes=\"auto, (max-width: 1738px) 100vw, 1738px\" \/><\/div><div class=\"w-gallery-item-meta\"><div class=\"w-gallery-item-title\">14.Silvia Sensat<\/div><\/div><a class=\"w-gallery-item-link\" aria-label=\"14.Silvia Sensat\" href=\"https:\/\/fundaciosetba.org\/wp-content\/uploads\/2023\/06\/Silvia-Sensat-scaled.jpg\" title=\"14.Silvia Sensat\"><\/a><\/div><\/div><\/div>\n","protected":false},"excerpt":{"rendered":"<p>Del 19 de junio al 16 de julio puedes votar la obra que m\u00e1s te guste del proyecto Magistrals del distrito de Les Corts<\/p>\n","protected":false},"author":1,"featured_media":34086,"comment_status":"closed","ping_status":"closed","sticky":false,"template":"","format":"standard","meta":{"footnotes":""},"categories":[1352],"tags":[],"class_list":["post-34112","post","type-post","status-publish","format-standard","has-post-thumbnail","hentry","category-magistrales-es"],"_links":{"self":[{"href":"https:\/\/fundaciosetba.org\/es\/wp-json\/wp\/v2\/posts\/34112","targetHints":{"allow":["GET"]}}],"collection":[{"href":"https:\/\/fundaciosetba.org\/es\/wp-json\/wp\/v2\/posts"}],"about":[{"href":"https:\/\/fundaciosetba.org\/es\/wp-json\/wp\/v2\/types\/post"}],"author":[{"embeddable":true,"href":"https:\/\/fundaciosetba.org\/es\/wp-json\/wp\/v2\/users\/1"}],"replies":[{"embeddable":true,"href":"https:\/\/fundaciosetba.org\/es\/wp-json\/wp\/v2\/comments?post=34112"}],"version-history":[{"count":1,"href":"https:\/\/fundaciosetba.org\/es\/wp-json\/wp\/v2\/posts\/34112\/revisions"}],"predecessor-version":[{"id":34117,"href":"https:\/\/fundaciosetba.org\/es\/wp-json\/wp\/v2\/posts\/34112\/revisions\/34117"}],"wp:featuredmedia":[{"embeddable":true,"href":"https:\/\/fundaciosetba.org\/es\/wp-json\/wp\/v2\/media\/34086"}],"wp:attachment":[{"href":"https:\/\/fundaciosetba.org\/es\/wp-json\/wp\/v2\/media?parent=34112"}],"wp:term":[{"taxonomy":"category","embeddable":true,"href":"https:\/\/fundaciosetba.org\/es\/wp-json\/wp\/v2\/categories?post=34112"},{"taxonomy":"post_tag","embeddable":true,"href":"https:\/\/fundaciosetba.org\/es\/wp-json\/wp\/v2\/tags?post=34112"}],"curies":[{"name":"wp","href":"https:\/\/api.w.org\/{rel}","templated":true}]}}