{"id":34113,"date":"2023-06-12T09:26:42","date_gmt":"2023-06-12T08:26:42","guid":{"rendered":"https:\/\/fundaciosetba.org\/sants-vota-la-obra-de-magistrales-que-mas-te-guste-en-el-centro-civico-casa-del-rellotge\/"},"modified":"2023-06-13T09:30:45","modified_gmt":"2023-06-13T08:30:45","slug":"sants-vota-la-obra-de-magistrales-que-mas-te-guste-en-el-centro-civico-casa-del-rellotge","status":"publish","type":"post","link":"https:\/\/fundaciosetba.org\/es\/sants-vota-la-obra-de-magistrales-que-mas-te-guste-en-el-centro-civico-casa-del-rellotge\/","title":{"rendered":"Sants: Vota la obra de Magistrales que m\u00e1s te guste en el Centro C\u00edvico Casa del Rellotge"},"content":{"rendered":"<p>Del 19 de junio al 16 de julio puedes votar la obra que m\u00e1s te guste del proyecto <em>Magistrals<\/em> .<\/p>\n<p><em>Magistrals<\/em> es un proyecto de formaci\u00f3n para artistas y profesionales de entidades del sector de la discapacidad intelectual, organizado por la Fundaci\u00f3 Setba y que cuenta con el apoyo del Ayuntamiento de Barcelona.<\/p>\n<p>Gracias a este proyecto, usuarios y usuarias de las entidades <strong>Fundaci\u00f3n Artesano y Fundaci\u00f3n Cares<\/strong> del distrito de Sants-Montju\u00efc han podido disfrutar de clases online y presenciales de la mano de la dise\u00f1adora e ilustradora <strong>Laura Klamburg<\/strong>, quien tambi\u00e9n ha sido docente de escuelas de dise\u00f1o de prestigio de Barcelona como Idep, Eina y Baus.<\/p>\n<p>\u00a1Ahora es el turno de los vecinos y vecinas del barrio!<\/p>\n<p><strong>Dirigido al <a href=\"https:\/\/ajuntament.barcelona.cat\/ccivics\/casadelrellotge\">Centro C\u00edvico Casa del Rellotge<\/a> , llena el boleto, vota la obra que m\u00e1s te guste<\/strong> y la ganadora representar\u00e1 al distrito en una exposici\u00f3n itinerante, que tendr\u00e1 lugar en 2025.<\/p>\n<p><strong>OBRAS PARA VOTAR: <\/strong><\/p>\n<div class=\"w-gallery fit_cover wp_gallery type_grid action_popup_image ratio_auto count_9\" style=\"--columns:1;--items-gap:0px;\"><div class=\"w-gallery-list\"><div class=\"w-gallery-item\"><div class=\"w-gallery-item-img\"><img loading=\"lazy\" decoding=\"async\" width=\"1814\" height=\"2560\" src=\"https:\/\/fundaciosetba.org\/wp-content\/uploads\/2023\/06\/Ainara-Mundo-scaled.jpg\" class=\"attachment-full size-full\" alt=\"\" srcset=\"https:\/\/fundaciosetba.org\/wp-content\/uploads\/2023\/06\/Ainara-Mundo-scaled.jpg 1814w, https:\/\/fundaciosetba.org\/wp-content\/uploads\/2023\/06\/Ainara-Mundo-213x300.jpg 213w, https:\/\/fundaciosetba.org\/wp-content\/uploads\/2023\/06\/Ainara-Mundo-726x1024.jpg 726w, https:\/\/fundaciosetba.org\/wp-content\/uploads\/2023\/06\/Ainara-Mundo-71x100.jpg 71w, https:\/\/fundaciosetba.org\/wp-content\/uploads\/2023\/06\/Ainara-Mundo-284x400.jpg 284w, https:\/\/fundaciosetba.org\/wp-content\/uploads\/2023\/06\/Ainara-Mundo-600x847.jpg 600w\" sizes=\"auto, (max-width: 1814px) 100vw, 1814px\" \/><\/div><div class=\"w-gallery-item-meta\"><div class=\"w-gallery-item-title\">1.Ainara Mund\u00f3<\/div><\/div><a class=\"w-gallery-item-link\" aria-label=\"1.Ainara Mund\u00f3\" href=\"https:\/\/fundaciosetba.org\/wp-content\/uploads\/2023\/06\/Ainara-Mundo-scaled.jpg\" title=\"1.Ainara Mund\u00f3\"><\/a><\/div><div class=\"w-gallery-item\"><div class=\"w-gallery-item-img\"><img loading=\"lazy\" decoding=\"async\" width=\"1819\" height=\"2560\" src=\"https:\/\/fundaciosetba.org\/wp-content\/uploads\/2023\/06\/Carmen-Rico-scaled.jpg\" class=\"attachment-full size-full\" alt=\"\" srcset=\"https:\/\/fundaciosetba.org\/wp-content\/uploads\/2023\/06\/Carmen-Rico-scaled.jpg 1819w, https:\/\/fundaciosetba.org\/wp-content\/uploads\/2023\/06\/Carmen-Rico-213x300.jpg 213w, https:\/\/fundaciosetba.org\/wp-content\/uploads\/2023\/06\/Carmen-Rico-728x1024.jpg 728w, https:\/\/fundaciosetba.org\/wp-content\/uploads\/2023\/06\/Carmen-Rico-71x100.jpg 71w, https:\/\/fundaciosetba.org\/wp-content\/uploads\/2023\/06\/Carmen-Rico-284x400.jpg 284w, https:\/\/fundaciosetba.org\/wp-content\/uploads\/2023\/06\/Carmen-Rico-600x844.jpg 600w\" sizes=\"auto, (max-width: 1819px) 100vw, 1819px\" \/><\/div><div class=\"w-gallery-item-meta\"><div class=\"w-gallery-item-title\">2.<\/div><\/div><a class=\"w-gallery-item-link\" aria-label=\"2.\" href=\"https:\/\/fundaciosetba.org\/wp-content\/uploads\/2023\/06\/Carmen-Rico-scaled.jpg\" title=\"2.\"><\/a><\/div><div class=\"w-gallery-item\"><div class=\"w-gallery-item-img\"><img loading=\"lazy\" decoding=\"async\" width=\"1776\" height=\"2560\" src=\"https:\/\/fundaciosetba.org\/wp-content\/uploads\/2023\/06\/Emma-Sanchez-scaled.jpg\" class=\"attachment-full size-full\" alt=\"\" srcset=\"https:\/\/fundaciosetba.org\/wp-content\/uploads\/2023\/06\/Emma-Sanchez-scaled.jpg 1776w, https:\/\/fundaciosetba.org\/wp-content\/uploads\/2023\/06\/Emma-Sanchez-208x300.jpg 208w, https:\/\/fundaciosetba.org\/wp-content\/uploads\/2023\/06\/Emma-Sanchez-711x1024.jpg 711w, https:\/\/fundaciosetba.org\/wp-content\/uploads\/2023\/06\/Emma-Sanchez-69x100.jpg 69w, https:\/\/fundaciosetba.org\/wp-content\/uploads\/2023\/06\/Emma-Sanchez-278x400.jpg 278w, https:\/\/fundaciosetba.org\/wp-content\/uploads\/2023\/06\/Emma-Sanchez-600x865.jpg 600w\" sizes=\"auto, (max-width: 1776px) 100vw, 1776px\" \/><\/div><div class=\"w-gallery-item-meta\"><div class=\"w-gallery-item-title\">3.Emma S\u00e1nchez<\/div><\/div><a class=\"w-gallery-item-link\" aria-label=\"3.Emma S\u00e1nchez\" href=\"https:\/\/fundaciosetba.org\/wp-content\/uploads\/2023\/06\/Emma-Sanchez-scaled.jpg\" title=\"3.Emma S\u00e1nchez\"><\/a><\/div><div class=\"w-gallery-item\"><div class=\"w-gallery-item-img\"><img loading=\"lazy\" decoding=\"async\" width=\"1728\" height=\"2560\" src=\"https:\/\/fundaciosetba.org\/wp-content\/uploads\/2023\/06\/Marcos-Lopez-scaled.jpg\" class=\"attachment-full size-full\" alt=\"\" srcset=\"https:\/\/fundaciosetba.org\/wp-content\/uploads\/2023\/06\/Marcos-Lopez-scaled.jpg 1728w, https:\/\/fundaciosetba.org\/wp-content\/uploads\/2023\/06\/Marcos-Lopez-203x300.jpg 203w, https:\/\/fundaciosetba.org\/wp-content\/uploads\/2023\/06\/Marcos-Lopez-691x1024.jpg 691w, https:\/\/fundaciosetba.org\/wp-content\/uploads\/2023\/06\/Marcos-Lopez-68x100.jpg 68w, https:\/\/fundaciosetba.org\/wp-content\/uploads\/2023\/06\/Marcos-Lopez-270x400.jpg 270w, https:\/\/fundaciosetba.org\/wp-content\/uploads\/2023\/06\/Marcos-Lopez-600x889.jpg 600w\" sizes=\"auto, (max-width: 1728px) 100vw, 1728px\" \/><\/div><div class=\"w-gallery-item-meta\"><div class=\"w-gallery-item-title\">4.Marcos L\u00f3pez<\/div><\/div><a class=\"w-gallery-item-link\" aria-label=\"4.Marcos L\u00f3pez\" href=\"https:\/\/fundaciosetba.org\/wp-content\/uploads\/2023\/06\/Marcos-Lopez-scaled.jpg\" title=\"4.Marcos L\u00f3pez\"><\/a><\/div><div class=\"w-gallery-item\"><div class=\"w-gallery-item-img\"><img loading=\"lazy\" decoding=\"async\" width=\"1764\" height=\"2556\" src=\"https:\/\/fundaciosetba.org\/wp-content\/uploads\/2023\/06\/Monica-Moya.jpg\" class=\"attachment-full size-full\" alt=\"\" srcset=\"https:\/\/fundaciosetba.org\/wp-content\/uploads\/2023\/06\/Monica-Moya.jpg 1764w, https:\/\/fundaciosetba.org\/wp-content\/uploads\/2023\/06\/Monica-Moya-207x300.jpg 207w, https:\/\/fundaciosetba.org\/wp-content\/uploads\/2023\/06\/Monica-Moya-707x1024.jpg 707w, https:\/\/fundaciosetba.org\/wp-content\/uploads\/2023\/06\/Monica-Moya-69x100.jpg 69w, https:\/\/fundaciosetba.org\/wp-content\/uploads\/2023\/06\/Monica-Moya-276x400.jpg 276w, https:\/\/fundaciosetba.org\/wp-content\/uploads\/2023\/06\/Monica-Moya-600x869.jpg 600w\" sizes=\"auto, (max-width: 1764px) 100vw, 1764px\" \/><\/div><div class=\"w-gallery-item-meta\"><div class=\"w-gallery-item-title\">M\u00f2nica Moya<\/div><\/div><a class=\"w-gallery-item-link\" aria-label=\"M\u00f2nica Moya\" href=\"https:\/\/fundaciosetba.org\/wp-content\/uploads\/2023\/06\/Monica-Moya.jpg\" title=\"M\u00f2nica Moya\"><\/a><\/div><div class=\"w-gallery-item\"><div class=\"w-gallery-item-img\"><img loading=\"lazy\" decoding=\"async\" width=\"1753\" height=\"2560\" src=\"https:\/\/fundaciosetba.org\/wp-content\/uploads\/2023\/06\/Oscar-Blasi-scaled.jpg\" class=\"attachment-full size-full\" alt=\"\" srcset=\"https:\/\/fundaciosetba.org\/wp-content\/uploads\/2023\/06\/Oscar-Blasi-scaled.jpg 1753w, https:\/\/fundaciosetba.org\/wp-content\/uploads\/2023\/06\/Oscar-Blasi-205x300.jpg 205w, https:\/\/fundaciosetba.org\/wp-content\/uploads\/2023\/06\/Oscar-Blasi-701x1024.jpg 701w, https:\/\/fundaciosetba.org\/wp-content\/uploads\/2023\/06\/Oscar-Blasi-68x100.jpg 68w, https:\/\/fundaciosetba.org\/wp-content\/uploads\/2023\/06\/Oscar-Blasi-274x400.jpg 274w, https:\/\/fundaciosetba.org\/wp-content\/uploads\/2023\/06\/Oscar-Blasi-600x876.jpg 600w\" sizes=\"auto, (max-width: 1753px) 100vw, 1753px\" \/><\/div><div class=\"w-gallery-item-meta\"><div class=\"w-gallery-item-title\">6.\u00d3scar Blasi<\/div><\/div><a class=\"w-gallery-item-link\" aria-label=\"6.\u00d3scar Blasi\" href=\"https:\/\/fundaciosetba.org\/wp-content\/uploads\/2023\/06\/Oscar-Blasi-scaled.jpg\" title=\"6.\u00d3scar Blasi\"><\/a><\/div><div class=\"w-gallery-item\"><div class=\"w-gallery-item-img\"><img loading=\"lazy\" decoding=\"async\" width=\"1728\" height=\"2560\" src=\"https:\/\/fundaciosetba.org\/wp-content\/uploads\/2023\/06\/Pablo-Lingua-scaled.jpg\" class=\"attachment-full size-full\" alt=\"\" srcset=\"https:\/\/fundaciosetba.org\/wp-content\/uploads\/2023\/06\/Pablo-Lingua-scaled.jpg 1728w, https:\/\/fundaciosetba.org\/wp-content\/uploads\/2023\/06\/Pablo-Lingua-203x300.jpg 203w, https:\/\/fundaciosetba.org\/wp-content\/uploads\/2023\/06\/Pablo-Lingua-691x1024.jpg 691w, https:\/\/fundaciosetba.org\/wp-content\/uploads\/2023\/06\/Pablo-Lingua-68x100.jpg 68w, https:\/\/fundaciosetba.org\/wp-content\/uploads\/2023\/06\/Pablo-Lingua-270x400.jpg 270w, https:\/\/fundaciosetba.org\/wp-content\/uploads\/2023\/06\/Pablo-Lingua-600x889.jpg 600w\" sizes=\"auto, (max-width: 1728px) 100vw, 1728px\" \/><\/div><div class=\"w-gallery-item-meta\"><div class=\"w-gallery-item-title\">7.Pablo Lingua<\/div><\/div><a class=\"w-gallery-item-link\" aria-label=\"7.Pablo Lingua\" href=\"https:\/\/fundaciosetba.org\/wp-content\/uploads\/2023\/06\/Pablo-Lingua-scaled.jpg\" title=\"7.Pablo Lingua\"><\/a><\/div><div class=\"w-gallery-item\"><div class=\"w-gallery-item-img\"><img loading=\"lazy\" decoding=\"async\" width=\"1778\" height=\"2560\" src=\"https:\/\/fundaciosetba.org\/wp-content\/uploads\/2023\/06\/Patricia-Montero-scaled.jpg\" class=\"attachment-full size-full\" alt=\"\" srcset=\"https:\/\/fundaciosetba.org\/wp-content\/uploads\/2023\/06\/Patricia-Montero-scaled.jpg 1778w, https:\/\/fundaciosetba.org\/wp-content\/uploads\/2023\/06\/Patricia-Montero-208x300.jpg 208w, https:\/\/fundaciosetba.org\/wp-content\/uploads\/2023\/06\/Patricia-Montero-711x1024.jpg 711w, https:\/\/fundaciosetba.org\/wp-content\/uploads\/2023\/06\/Patricia-Montero-69x100.jpg 69w, https:\/\/fundaciosetba.org\/wp-content\/uploads\/2023\/06\/Patricia-Montero-278x400.jpg 278w, https:\/\/fundaciosetba.org\/wp-content\/uploads\/2023\/06\/Patricia-Montero-600x864.jpg 600w\" sizes=\"auto, (max-width: 1778px) 100vw, 1778px\" \/><\/div><div class=\"w-gallery-item-meta\"><div class=\"w-gallery-item-title\">8.Patricia Montero<\/div><\/div><a class=\"w-gallery-item-link\" aria-label=\"8.Patricia Montero\" href=\"https:\/\/fundaciosetba.org\/wp-content\/uploads\/2023\/06\/Patricia-Montero-scaled.jpg\" title=\"8.Patricia Montero\"><\/a><\/div><div class=\"w-gallery-item\"><div class=\"w-gallery-item-img\"><img loading=\"lazy\" decoding=\"async\" width=\"1707\" height=\"2560\" src=\"https:\/\/fundaciosetba.org\/wp-content\/uploads\/2023\/06\/Valentina-Martin-scaled.jpg\" class=\"attachment-full size-full\" alt=\"\" srcset=\"https:\/\/fundaciosetba.org\/wp-content\/uploads\/2023\/06\/Valentina-Martin-scaled.jpg 1707w, https:\/\/fundaciosetba.org\/wp-content\/uploads\/2023\/06\/Valentina-Martin-200x300.jpg 200w, https:\/\/fundaciosetba.org\/wp-content\/uploads\/2023\/06\/Valentina-Martin-683x1024.jpg 683w, https:\/\/fundaciosetba.org\/wp-content\/uploads\/2023\/06\/Valentina-Martin-67x100.jpg 67w, https:\/\/fundaciosetba.org\/wp-content\/uploads\/2023\/06\/Valentina-Martin-267x400.jpg 267w, https:\/\/fundaciosetba.org\/wp-content\/uploads\/2023\/06\/Valentina-Martin-600x900.jpg 600w\" sizes=\"auto, (max-width: 1707px) 100vw, 1707px\" \/><\/div><div class=\"w-gallery-item-meta\"><div class=\"w-gallery-item-title\">9.Valentina Mart\u00edn<\/div><\/div><a class=\"w-gallery-item-link\" aria-label=\"9.Valentina Mart\u00edn\" href=\"https:\/\/fundaciosetba.org\/wp-content\/uploads\/2023\/06\/Valentina-Martin-scaled.jpg\" title=\"9.Valentina Mart\u00edn\"><\/a><\/div><\/div><\/div>\n","protected":false},"excerpt":{"rendered":"<p>Del 19 de junio al 16 de julio puedes votar la obra que m\u00e1s te guste del proyecto Magistrals del distrito de Sants-Montju\u00efc<\/p>\n","protected":false},"author":1,"featured_media":34090,"comment_status":"closed","ping_status":"closed","sticky":false,"template":"","format":"standard","meta":{"footnotes":""},"categories":[1352],"tags":[],"class_list":["post-34113","post","type-post","status-publish","format-standard","has-post-thumbnail","hentry","category-magistrales-es"],"_links":{"self":[{"href":"https:\/\/fundaciosetba.org\/es\/wp-json\/wp\/v2\/posts\/34113","targetHints":{"allow":["GET"]}}],"collection":[{"href":"https:\/\/fundaciosetba.org\/es\/wp-json\/wp\/v2\/posts"}],"about":[{"href":"https:\/\/fundaciosetba.org\/es\/wp-json\/wp\/v2\/types\/post"}],"author":[{"embeddable":true,"href":"https:\/\/fundaciosetba.org\/es\/wp-json\/wp\/v2\/users\/1"}],"replies":[{"embeddable":true,"href":"https:\/\/fundaciosetba.org\/es\/wp-json\/wp\/v2\/comments?post=34113"}],"version-history":[{"count":1,"href":"https:\/\/fundaciosetba.org\/es\/wp-json\/wp\/v2\/posts\/34113\/revisions"}],"predecessor-version":[{"id":34118,"href":"https:\/\/fundaciosetba.org\/es\/wp-json\/wp\/v2\/posts\/34113\/revisions\/34118"}],"wp:featuredmedia":[{"embeddable":true,"href":"https:\/\/fundaciosetba.org\/es\/wp-json\/wp\/v2\/media\/34090"}],"wp:attachment":[{"href":"https:\/\/fundaciosetba.org\/es\/wp-json\/wp\/v2\/media?parent=34113"}],"wp:term":[{"taxonomy":"category","embeddable":true,"href":"https:\/\/fundaciosetba.org\/es\/wp-json\/wp\/v2\/categories?post=34113"},{"taxonomy":"post_tag","embeddable":true,"href":"https:\/\/fundaciosetba.org\/es\/wp-json\/wp\/v2\/tags?post=34113"}],"curies":[{"name":"wp","href":"https:\/\/api.w.org\/{rel}","templated":true}]}}