{"id":34114,"date":"2023-06-12T09:41:26","date_gmt":"2023-06-12T08:41:26","guid":{"rendered":"https:\/\/fundaciosetba.org\/eixample-vota-la-obra-de-magistrales-que-mas-te-guste-en-el-centro-civico-casa-elizalde\/"},"modified":"2023-06-13T09:32:00","modified_gmt":"2023-06-13T08:32:00","slug":"eixample-vota-la-obra-de-magistrales-que-mas-te-guste-en-el-centro-civico-casa-elizalde","status":"publish","type":"post","link":"https:\/\/fundaciosetba.org\/es\/eixample-vota-la-obra-de-magistrales-que-mas-te-guste-en-el-centro-civico-casa-elizalde\/","title":{"rendered":"Eixample: Vota la obra de Magistrales que m\u00e1s te guste en el Centro C\u00edvico Casa Elizalde"},"content":{"rendered":"<p>Del 19 de junio al 16 de julio puedes votar la obra que m\u00e1s te guste del proyecto <em>Magistrals<\/em> .<\/p>\n<p><em>Magistrals<\/em> es un proyecto de formaci\u00f3n para artistas y profesionales de entidades del sector de la discapacidad intelectual, organizado por la Fundaci\u00f3 Setba y que cuenta con el apoyo del Ayuntamiento de Barcelona.<\/p>\n<p>Gracias a este proyecto, usuarios y usuarias de las entidades <strong>Fundaci\u00f3n Friends, Asociaci\u00f3n Padres Sant Guillem y Centro Ocupacional Condal<\/strong> del distrito del Eixample han podido disfrutar de clases online y presenciales de la mano de la dise\u00f1adora e ilustradora <strong>Laura Klamburg<\/strong>, quien tambi\u00e9n ha sido docente de escuelas de dise\u00f1o de prestigio de Barcelona como Idep, Eina y Baus.<\/p>\n<p>\u00a1Ahora es el turno de los vecinos y vecinas del barrio!<\/p>\n<p><strong>Dirigido al <a href=\"https:\/\/www.casaelizalde.com\/\">Centro C\u00edvico Casa Elizalde<\/a> , llena el boleto, vota la obra que m\u00e1s te guste<\/strong> y la ganadora representar\u00e1 al distrito en una exposici\u00f3n itinerante, que tendr\u00e1 lugar en 2025.<\/p>\n<p><strong>OBRAS PARA VOTAR: <\/strong><\/p>\n<div class=\"w-gallery fit_cover wp_gallery type_grid action_popup_image ratio_auto count_6\" style=\"--columns:1;--items-gap:0px;\"><div class=\"w-gallery-list\"><div class=\"w-gallery-item\"><div class=\"w-gallery-item-img\"><img loading=\"lazy\" decoding=\"async\" width=\"1810\" height=\"2560\" src=\"https:\/\/fundaciosetba.org\/wp-content\/uploads\/2023\/06\/Alberto-Canals-scaled.jpg\" class=\"attachment-full size-full\" alt=\"\" srcset=\"https:\/\/fundaciosetba.org\/wp-content\/uploads\/2023\/06\/Alberto-Canals-scaled.jpg 1810w, https:\/\/fundaciosetba.org\/wp-content\/uploads\/2023\/06\/Alberto-Canals-212x300.jpg 212w, https:\/\/fundaciosetba.org\/wp-content\/uploads\/2023\/06\/Alberto-Canals-724x1024.jpg 724w, https:\/\/fundaciosetba.org\/wp-content\/uploads\/2023\/06\/Alberto-Canals-71x100.jpg 71w, https:\/\/fundaciosetba.org\/wp-content\/uploads\/2023\/06\/Alberto-Canals-283x400.jpg 283w, https:\/\/fundaciosetba.org\/wp-content\/uploads\/2023\/06\/Alberto-Canals-600x849.jpg 600w\" sizes=\"auto, (max-width: 1810px) 100vw, 1810px\" \/><\/div><div class=\"w-gallery-item-meta\"><div class=\"w-gallery-item-title\">1.Alberto Canals<\/div><\/div><a class=\"w-gallery-item-link\" aria-label=\"1.Alberto Canals\" href=\"https:\/\/fundaciosetba.org\/wp-content\/uploads\/2023\/06\/Alberto-Canals-scaled.jpg\" title=\"1.Alberto Canals\"><\/a><\/div><div class=\"w-gallery-item\"><div class=\"w-gallery-item-img\"><img loading=\"lazy\" decoding=\"async\" width=\"1745\" height=\"2560\" src=\"https:\/\/fundaciosetba.org\/wp-content\/uploads\/2023\/06\/Iris-Fernandez-scaled.jpg\" class=\"attachment-full size-full\" alt=\"\" srcset=\"https:\/\/fundaciosetba.org\/wp-content\/uploads\/2023\/06\/Iris-Fernandez-scaled.jpg 1745w, https:\/\/fundaciosetba.org\/wp-content\/uploads\/2023\/06\/Iris-Fernandez-205x300.jpg 205w, https:\/\/fundaciosetba.org\/wp-content\/uploads\/2023\/06\/Iris-Fernandez-698x1024.jpg 698w, https:\/\/fundaciosetba.org\/wp-content\/uploads\/2023\/06\/Iris-Fernandez-68x100.jpg 68w, https:\/\/fundaciosetba.org\/wp-content\/uploads\/2023\/06\/Iris-Fernandez-273x400.jpg 273w, https:\/\/fundaciosetba.org\/wp-content\/uploads\/2023\/06\/Iris-Fernandez-600x880.jpg 600w\" sizes=\"auto, (max-width: 1745px) 100vw, 1745px\" \/><\/div><div class=\"w-gallery-item-meta\"><div class=\"w-gallery-item-title\">2.Iris Fern\u00e1ndez<\/div><\/div><a class=\"w-gallery-item-link\" aria-label=\"2.Iris Fern\u00e1ndez\" href=\"https:\/\/fundaciosetba.org\/wp-content\/uploads\/2023\/06\/Iris-Fernandez-scaled.jpg\" title=\"2.Iris Fern\u00e1ndez\"><\/a><\/div><div class=\"w-gallery-item\"><div class=\"w-gallery-item-img\"><img loading=\"lazy\" decoding=\"async\" width=\"1768\" height=\"2560\" src=\"https:\/\/fundaciosetba.org\/wp-content\/uploads\/2023\/06\/Irune-Escriva-scaled.jpg\" class=\"attachment-full size-full\" alt=\"\" srcset=\"https:\/\/fundaciosetba.org\/wp-content\/uploads\/2023\/06\/Irune-Escriva-scaled.jpg 1768w, https:\/\/fundaciosetba.org\/wp-content\/uploads\/2023\/06\/Irune-Escriva-207x300.jpg 207w, https:\/\/fundaciosetba.org\/wp-content\/uploads\/2023\/06\/Irune-Escriva-707x1024.jpg 707w, https:\/\/fundaciosetba.org\/wp-content\/uploads\/2023\/06\/Irune-Escriva-69x100.jpg 69w, https:\/\/fundaciosetba.org\/wp-content\/uploads\/2023\/06\/Irune-Escriva-276x400.jpg 276w, https:\/\/fundaciosetba.org\/wp-content\/uploads\/2023\/06\/Irune-Escriva-600x869.jpg 600w\" sizes=\"auto, (max-width: 1768px) 100vw, 1768px\" \/><\/div><div class=\"w-gallery-item-meta\"><div class=\"w-gallery-item-title\">3.Irune Escriv\u00e1<\/div><\/div><a class=\"w-gallery-item-link\" aria-label=\"3.Irune Escriv\u00e1\" href=\"https:\/\/fundaciosetba.org\/wp-content\/uploads\/2023\/06\/Irune-Escriva-scaled.jpg\" title=\"3.Irune Escriv\u00e1\"><\/a><\/div><div class=\"w-gallery-item\"><div class=\"w-gallery-item-img\"><img loading=\"lazy\" decoding=\"async\" width=\"1800\" height=\"2560\" src=\"https:\/\/fundaciosetba.org\/wp-content\/uploads\/2023\/06\/Jose-Lopez-scaled.jpg\" class=\"attachment-full size-full\" alt=\"\" srcset=\"https:\/\/fundaciosetba.org\/wp-content\/uploads\/2023\/06\/Jose-Lopez-scaled.jpg 1800w, https:\/\/fundaciosetba.org\/wp-content\/uploads\/2023\/06\/Jose-Lopez-211x300.jpg 211w, https:\/\/fundaciosetba.org\/wp-content\/uploads\/2023\/06\/Jose-Lopez-720x1024.jpg 720w, https:\/\/fundaciosetba.org\/wp-content\/uploads\/2023\/06\/Jose-Lopez-70x100.jpg 70w, https:\/\/fundaciosetba.org\/wp-content\/uploads\/2023\/06\/Jose-Lopez-281x400.jpg 281w, https:\/\/fundaciosetba.org\/wp-content\/uploads\/2023\/06\/Jose-Lopez-600x853.jpg 600w\" sizes=\"auto, (max-width: 1800px) 100vw, 1800px\" \/><\/div><div class=\"w-gallery-item-meta\"><div class=\"w-gallery-item-title\">4.Jos\u00e9 L\u00f3pez<\/div><\/div><a class=\"w-gallery-item-link\" aria-label=\"4.Jos\u00e9 L\u00f3pez\" href=\"https:\/\/fundaciosetba.org\/wp-content\/uploads\/2023\/06\/Jose-Lopez-scaled.jpg\" title=\"4.Jos\u00e9 L\u00f3pez\"><\/a><\/div><div class=\"w-gallery-item\"><div class=\"w-gallery-item-img\"><img loading=\"lazy\" decoding=\"async\" width=\"1757\" height=\"2560\" src=\"https:\/\/fundaciosetba.org\/wp-content\/uploads\/2023\/06\/Laura-Llorente-scaled.jpg\" class=\"attachment-full size-full\" alt=\"\" srcset=\"https:\/\/fundaciosetba.org\/wp-content\/uploads\/2023\/06\/Laura-Llorente-scaled.jpg 1757w, https:\/\/fundaciosetba.org\/wp-content\/uploads\/2023\/06\/Laura-Llorente-206x300.jpg 206w, https:\/\/fundaciosetba.org\/wp-content\/uploads\/2023\/06\/Laura-Llorente-703x1024.jpg 703w, https:\/\/fundaciosetba.org\/wp-content\/uploads\/2023\/06\/Laura-Llorente-69x100.jpg 69w, https:\/\/fundaciosetba.org\/wp-content\/uploads\/2023\/06\/Laura-Llorente-275x400.jpg 275w, https:\/\/fundaciosetba.org\/wp-content\/uploads\/2023\/06\/Laura-Llorente-600x874.jpg 600w\" sizes=\"auto, (max-width: 1757px) 100vw, 1757px\" \/><\/div><div class=\"w-gallery-item-meta\"><div class=\"w-gallery-item-title\">5.Laura Llorente<\/div><\/div><a class=\"w-gallery-item-link\" aria-label=\"5.Laura Llorente\" href=\"https:\/\/fundaciosetba.org\/wp-content\/uploads\/2023\/06\/Laura-Llorente-scaled.jpg\" title=\"5.Laura Llorente\"><\/a><\/div><div class=\"w-gallery-item\"><div class=\"w-gallery-item-img\"><img loading=\"lazy\" decoding=\"async\" width=\"1792\" height=\"2560\" src=\"https:\/\/fundaciosetba.org\/wp-content\/uploads\/2023\/06\/Montse-Rovira-scaled.jpg\" class=\"attachment-full size-full\" alt=\"\" srcset=\"https:\/\/fundaciosetba.org\/wp-content\/uploads\/2023\/06\/Montse-Rovira-scaled.jpg 1792w, https:\/\/fundaciosetba.org\/wp-content\/uploads\/2023\/06\/Montse-Rovira-210x300.jpg 210w, https:\/\/fundaciosetba.org\/wp-content\/uploads\/2023\/06\/Montse-Rovira-717x1024.jpg 717w, https:\/\/fundaciosetba.org\/wp-content\/uploads\/2023\/06\/Montse-Rovira-70x100.jpg 70w, https:\/\/fundaciosetba.org\/wp-content\/uploads\/2023\/06\/Montse-Rovira-280x400.jpg 280w, https:\/\/fundaciosetba.org\/wp-content\/uploads\/2023\/06\/Montse-Rovira-600x857.jpg 600w\" sizes=\"auto, (max-width: 1792px) 100vw, 1792px\" \/><\/div><div class=\"w-gallery-item-meta\"><div class=\"w-gallery-item-title\">6.Montse Rovira<\/div><\/div><a class=\"w-gallery-item-link\" aria-label=\"6.Montse Rovira\" href=\"https:\/\/fundaciosetba.org\/wp-content\/uploads\/2023\/06\/Montse-Rovira-scaled.jpg\" title=\"6.Montse Rovira\"><\/a><\/div><\/div><\/div>\n","protected":false},"excerpt":{"rendered":"<p>Del 19 de junio al 16 de julio puedes votar la obra que m\u00e1s te guste del proyecto Magistrals del distrito del Eixample<\/p>\n","protected":false},"author":1,"featured_media":34094,"comment_status":"closed","ping_status":"closed","sticky":false,"template":"","format":"standard","meta":{"footnotes":""},"categories":[1352],"tags":[],"class_list":["post-34114","post","type-post","status-publish","format-standard","has-post-thumbnail","hentry","category-magistrales-es"],"_links":{"self":[{"href":"https:\/\/fundaciosetba.org\/es\/wp-json\/wp\/v2\/posts\/34114","targetHints":{"allow":["GET"]}}],"collection":[{"href":"https:\/\/fundaciosetba.org\/es\/wp-json\/wp\/v2\/posts"}],"about":[{"href":"https:\/\/fundaciosetba.org\/es\/wp-json\/wp\/v2\/types\/post"}],"author":[{"embeddable":true,"href":"https:\/\/fundaciosetba.org\/es\/wp-json\/wp\/v2\/users\/1"}],"replies":[{"embeddable":true,"href":"https:\/\/fundaciosetba.org\/es\/wp-json\/wp\/v2\/comments?post=34114"}],"version-history":[{"count":1,"href":"https:\/\/fundaciosetba.org\/es\/wp-json\/wp\/v2\/posts\/34114\/revisions"}],"predecessor-version":[{"id":34119,"href":"https:\/\/fundaciosetba.org\/es\/wp-json\/wp\/v2\/posts\/34114\/revisions\/34119"}],"wp:featuredmedia":[{"embeddable":true,"href":"https:\/\/fundaciosetba.org\/es\/wp-json\/wp\/v2\/media\/34094"}],"wp:attachment":[{"href":"https:\/\/fundaciosetba.org\/es\/wp-json\/wp\/v2\/media?parent=34114"}],"wp:term":[{"taxonomy":"category","embeddable":true,"href":"https:\/\/fundaciosetba.org\/es\/wp-json\/wp\/v2\/categories?post=34114"},{"taxonomy":"post_tag","embeddable":true,"href":"https:\/\/fundaciosetba.org\/es\/wp-json\/wp\/v2\/tags?post=34114"}],"curies":[{"name":"wp","href":"https:\/\/api.w.org\/{rel}","templated":true}]}}