{"id":34115,"date":"2023-06-12T09:46:55","date_gmt":"2023-06-12T08:46:55","guid":{"rendered":"https:\/\/fundaciosetba.org\/ciutat-vella-vota-la-obra-de-magistrales-que-mas-te-guste-en-el-centro-civico-pati-llimona\/"},"modified":"2023-06-13T09:32:50","modified_gmt":"2023-06-13T08:32:50","slug":"ciutat-vella-vota-la-obra-de-magistrales-que-mas-te-guste-en-el-centro-civico-pati-llimona","status":"publish","type":"post","link":"https:\/\/fundaciosetba.org\/es\/ciutat-vella-vota-la-obra-de-magistrales-que-mas-te-guste-en-el-centro-civico-pati-llimona\/","title":{"rendered":"Ciutat Vella: Vota la obra de Magistrales que m\u00e1s te guste en el Centro C\u00edvico Pati Llimona"},"content":{"rendered":"<p>Del 19 de junio al 16 de julio puedes votar la obra que m\u00e1s te guste del proyecto <em>Magistrals<\/em> .<\/p>\n<p><em>Magistrals<\/em> es un proyecto de formaci\u00f3n para artistas y profesionales de entidades del sector de la discapacidad intelectual, organizado por la Fundaci\u00f3 Setba y que cuenta con el apoyo del Ayuntamiento de Barcelona.<\/p>\n<p>Gracias a este proyecto, usuarios y usuarias de las entidades <strong>Taller Sant Jordi, Fundaci\u00f3n TEB y Centro Ocupacional Noria<\/strong> del distrito Ciutat Vella han podido disfrutar de clases online y presenciales de la mano de la dise\u00f1adora e ilustradora <strong>Laura Klamburg<\/strong>, quien tambi\u00e9n ha sido docente de escuelas de dise\u00f1o de prestigio de Barcelona como Idep, Eina y Baus.<\/p>\n<p>\u00a1Ahora es el turno de los vecinos y vecinas del barrio!<\/p>\n<p><strong>Dirigido al <a href=\"https:\/\/patillimona.net\/\">Centro C\u00edvico Pati Llimona<\/a> , llena el boleto, vota la obra que m\u00e1s te guste<\/strong> y la ganadora representar\u00e1 al distrito en una exposici\u00f3n itinerante, que tendr\u00e1 lugar en 2025.<\/p>\n<p><strong>OBRAS PARA VOTAR: <\/strong><\/p>\n<div class=\"w-gallery fit_cover wp_gallery type_grid action_popup_image ratio_auto count_6\" style=\"--columns:1;--items-gap:0px;\"><div class=\"w-gallery-list\"><div class=\"w-gallery-item\"><div class=\"w-gallery-item-img\"><img loading=\"lazy\" decoding=\"async\" width=\"1787\" height=\"2560\" src=\"https:\/\/fundaciosetba.org\/wp-content\/uploads\/2023\/06\/Joan-Camacho-scaled.jpg\" class=\"attachment-full size-full\" alt=\"\" srcset=\"https:\/\/fundaciosetba.org\/wp-content\/uploads\/2023\/06\/Joan-Camacho-scaled.jpg 1787w, https:\/\/fundaciosetba.org\/wp-content\/uploads\/2023\/06\/Joan-Camacho-209x300.jpg 209w, https:\/\/fundaciosetba.org\/wp-content\/uploads\/2023\/06\/Joan-Camacho-715x1024.jpg 715w, https:\/\/fundaciosetba.org\/wp-content\/uploads\/2023\/06\/Joan-Camacho-70x100.jpg 70w, https:\/\/fundaciosetba.org\/wp-content\/uploads\/2023\/06\/Joan-Camacho-279x400.jpg 279w, https:\/\/fundaciosetba.org\/wp-content\/uploads\/2023\/06\/Joan-Camacho-600x859.jpg 600w\" sizes=\"auto, (max-width: 1787px) 100vw, 1787px\" \/><\/div><div class=\"w-gallery-item-meta\"><div class=\"w-gallery-item-title\">1.Joan Camacho<\/div><\/div><a class=\"w-gallery-item-link\" aria-label=\"1.Joan Camacho\" href=\"https:\/\/fundaciosetba.org\/wp-content\/uploads\/2023\/06\/Joan-Camacho-scaled.jpg\" title=\"1.Joan Camacho\"><\/a><\/div><div class=\"w-gallery-item\"><div class=\"w-gallery-item-img\"><img loading=\"lazy\" decoding=\"async\" width=\"1759\" height=\"2560\" src=\"https:\/\/fundaciosetba.org\/wp-content\/uploads\/2023\/06\/Josep-Ma-Llucia-scaled.jpg\" class=\"attachment-full size-full\" alt=\"\" srcset=\"https:\/\/fundaciosetba.org\/wp-content\/uploads\/2023\/06\/Josep-Ma-Llucia-scaled.jpg 1759w, https:\/\/fundaciosetba.org\/wp-content\/uploads\/2023\/06\/Josep-Ma-Llucia-206x300.jpg 206w, https:\/\/fundaciosetba.org\/wp-content\/uploads\/2023\/06\/Josep-Ma-Llucia-704x1024.jpg 704w, https:\/\/fundaciosetba.org\/wp-content\/uploads\/2023\/06\/Josep-Ma-Llucia-69x100.jpg 69w, https:\/\/fundaciosetba.org\/wp-content\/uploads\/2023\/06\/Josep-Ma-Llucia-275x400.jpg 275w, https:\/\/fundaciosetba.org\/wp-content\/uploads\/2023\/06\/Josep-Ma-Llucia-600x873.jpg 600w\" sizes=\"auto, (max-width: 1759px) 100vw, 1759px\" \/><\/div><div class=\"w-gallery-item-meta\"><div class=\"w-gallery-item-title\">2.Josep M\u00aa Lluci\u00e0<\/div><\/div><a class=\"w-gallery-item-link\" aria-label=\"2.Josep M\u00aa Lluci\u00e0\" href=\"https:\/\/fundaciosetba.org\/wp-content\/uploads\/2023\/06\/Josep-Ma-Llucia-scaled.jpg\" title=\"2.Josep M\u00aa Lluci\u00e0\"><\/a><\/div><div class=\"w-gallery-item\"><div class=\"w-gallery-item-img\"><img loading=\"lazy\" decoding=\"async\" width=\"1802\" height=\"2560\" src=\"https:\/\/fundaciosetba.org\/wp-content\/uploads\/2023\/06\/Ma-Carmen-Ribas-scaled.jpg\" class=\"attachment-full size-full\" alt=\"\" srcset=\"https:\/\/fundaciosetba.org\/wp-content\/uploads\/2023\/06\/Ma-Carmen-Ribas-scaled.jpg 1802w, https:\/\/fundaciosetba.org\/wp-content\/uploads\/2023\/06\/Ma-Carmen-Ribas-211x300.jpg 211w, https:\/\/fundaciosetba.org\/wp-content\/uploads\/2023\/06\/Ma-Carmen-Ribas-721x1024.jpg 721w, https:\/\/fundaciosetba.org\/wp-content\/uploads\/2023\/06\/Ma-Carmen-Ribas-70x100.jpg 70w, https:\/\/fundaciosetba.org\/wp-content\/uploads\/2023\/06\/Ma-Carmen-Ribas-282x400.jpg 282w, https:\/\/fundaciosetba.org\/wp-content\/uploads\/2023\/06\/Ma-Carmen-Ribas-600x852.jpg 600w\" sizes=\"auto, (max-width: 1802px) 100vw, 1802px\" \/><\/div><div class=\"w-gallery-item-meta\"><div class=\"w-gallery-item-title\">3.M\u00aa Carmen Ribas<\/div><\/div><a class=\"w-gallery-item-link\" aria-label=\"3.M\u00aa Carmen Ribas\" href=\"https:\/\/fundaciosetba.org\/wp-content\/uploads\/2023\/06\/Ma-Carmen-Ribas-scaled.jpg\" title=\"3.M\u00aa Carmen Ribas\"><\/a><\/div><div class=\"w-gallery-item\"><div class=\"w-gallery-item-img\"><img loading=\"lazy\" decoding=\"async\" width=\"1802\" height=\"2560\" src=\"https:\/\/fundaciosetba.org\/wp-content\/uploads\/2023\/06\/Manolo-Doval-scaled.jpg\" class=\"attachment-full size-full\" alt=\"\" srcset=\"https:\/\/fundaciosetba.org\/wp-content\/uploads\/2023\/06\/Manolo-Doval-scaled.jpg 1802w, https:\/\/fundaciosetba.org\/wp-content\/uploads\/2023\/06\/Manolo-Doval-211x300.jpg 211w, https:\/\/fundaciosetba.org\/wp-content\/uploads\/2023\/06\/Manolo-Doval-721x1024.jpg 721w, https:\/\/fundaciosetba.org\/wp-content\/uploads\/2023\/06\/Manolo-Doval-70x100.jpg 70w, https:\/\/fundaciosetba.org\/wp-content\/uploads\/2023\/06\/Manolo-Doval-282x400.jpg 282w, https:\/\/fundaciosetba.org\/wp-content\/uploads\/2023\/06\/Manolo-Doval-600x852.jpg 600w\" sizes=\"auto, (max-width: 1802px) 100vw, 1802px\" \/><\/div><div class=\"w-gallery-item-meta\"><div class=\"w-gallery-item-title\">4.Manolo Doval<\/div><\/div><a class=\"w-gallery-item-link\" aria-label=\"4.Manolo Doval\" href=\"https:\/\/fundaciosetba.org\/wp-content\/uploads\/2023\/06\/Manolo-Doval-scaled.jpg\" title=\"4.Manolo Doval\"><\/a><\/div><div class=\"w-gallery-item\"><div class=\"w-gallery-item-img\"><img loading=\"lazy\" decoding=\"async\" width=\"1783\" height=\"2560\" src=\"https:\/\/fundaciosetba.org\/wp-content\/uploads\/2023\/06\/Mario-Kulic-scaled.jpg\" class=\"attachment-full size-full\" alt=\"\" srcset=\"https:\/\/fundaciosetba.org\/wp-content\/uploads\/2023\/06\/Mario-Kulic-scaled.jpg 1783w, https:\/\/fundaciosetba.org\/wp-content\/uploads\/2023\/06\/Mario-Kulic-209x300.jpg 209w, https:\/\/fundaciosetba.org\/wp-content\/uploads\/2023\/06\/Mario-Kulic-713x1024.jpg 713w, https:\/\/fundaciosetba.org\/wp-content\/uploads\/2023\/06\/Mario-Kulic-70x100.jpg 70w, https:\/\/fundaciosetba.org\/wp-content\/uploads\/2023\/06\/Mario-Kulic-279x400.jpg 279w, https:\/\/fundaciosetba.org\/wp-content\/uploads\/2023\/06\/Mario-Kulic-600x861.jpg 600w\" sizes=\"auto, (max-width: 1783px) 100vw, 1783px\" \/><\/div><div class=\"w-gallery-item-meta\"><div class=\"w-gallery-item-title\">5.Mario Kulic<\/div><\/div><a class=\"w-gallery-item-link\" aria-label=\"5.Mario Kulic\" href=\"https:\/\/fundaciosetba.org\/wp-content\/uploads\/2023\/06\/Mario-Kulic-scaled.jpg\" title=\"5.Mario Kulic\"><\/a><\/div><div class=\"w-gallery-item\"><div class=\"w-gallery-item-img\"><img loading=\"lazy\" decoding=\"async\" width=\"1794\" height=\"2560\" src=\"https:\/\/fundaciosetba.org\/wp-content\/uploads\/2023\/06\/Oriol-Miquel-scaled.jpg\" class=\"attachment-full size-full\" alt=\"\" srcset=\"https:\/\/fundaciosetba.org\/wp-content\/uploads\/2023\/06\/Oriol-Miquel-scaled.jpg 1794w, https:\/\/fundaciosetba.org\/wp-content\/uploads\/2023\/06\/Oriol-Miquel-210x300.jpg 210w, https:\/\/fundaciosetba.org\/wp-content\/uploads\/2023\/06\/Oriol-Miquel-718x1024.jpg 718w, https:\/\/fundaciosetba.org\/wp-content\/uploads\/2023\/06\/Oriol-Miquel-70x100.jpg 70w, https:\/\/fundaciosetba.org\/wp-content\/uploads\/2023\/06\/Oriol-Miquel-280x400.jpg 280w, https:\/\/fundaciosetba.org\/wp-content\/uploads\/2023\/06\/Oriol-Miquel-600x856.jpg 600w\" sizes=\"auto, (max-width: 1794px) 100vw, 1794px\" \/><\/div><div class=\"w-gallery-item-meta\"><div class=\"w-gallery-item-title\">6.Oriol Miquel<\/div><\/div><a class=\"w-gallery-item-link\" aria-label=\"6.Oriol Miquel\" href=\"https:\/\/fundaciosetba.org\/wp-content\/uploads\/2023\/06\/Oriol-Miquel-scaled.jpg\" title=\"6.Oriol Miquel\"><\/a><\/div><\/div><\/div>\n","protected":false},"excerpt":{"rendered":"<p>Del 19 de junio al 16 de julio puedes votar la obra que m\u00e1s te guste del proyecto Magistrals del distrito Ciutat Vella<\/p>\n","protected":false},"author":1,"featured_media":34098,"comment_status":"closed","ping_status":"closed","sticky":false,"template":"","format":"standard","meta":{"footnotes":""},"categories":[1352],"tags":[],"class_list":["post-34115","post","type-post","status-publish","format-standard","has-post-thumbnail","hentry","category-magistrales-es"],"_links":{"self":[{"href":"https:\/\/fundaciosetba.org\/es\/wp-json\/wp\/v2\/posts\/34115","targetHints":{"allow":["GET"]}}],"collection":[{"href":"https:\/\/fundaciosetba.org\/es\/wp-json\/wp\/v2\/posts"}],"about":[{"href":"https:\/\/fundaciosetba.org\/es\/wp-json\/wp\/v2\/types\/post"}],"author":[{"embeddable":true,"href":"https:\/\/fundaciosetba.org\/es\/wp-json\/wp\/v2\/users\/1"}],"replies":[{"embeddable":true,"href":"https:\/\/fundaciosetba.org\/es\/wp-json\/wp\/v2\/comments?post=34115"}],"version-history":[{"count":1,"href":"https:\/\/fundaciosetba.org\/es\/wp-json\/wp\/v2\/posts\/34115\/revisions"}],"predecessor-version":[{"id":34120,"href":"https:\/\/fundaciosetba.org\/es\/wp-json\/wp\/v2\/posts\/34115\/revisions\/34120"}],"wp:featuredmedia":[{"embeddable":true,"href":"https:\/\/fundaciosetba.org\/es\/wp-json\/wp\/v2\/media\/34098"}],"wp:attachment":[{"href":"https:\/\/fundaciosetba.org\/es\/wp-json\/wp\/v2\/media?parent=34115"}],"wp:term":[{"taxonomy":"category","embeddable":true,"href":"https:\/\/fundaciosetba.org\/es\/wp-json\/wp\/v2\/categories?post=34115"},{"taxonomy":"post_tag","embeddable":true,"href":"https:\/\/fundaciosetba.org\/es\/wp-json\/wp\/v2\/tags?post=34115"}],"curies":[{"name":"wp","href":"https:\/\/api.w.org\/{rel}","templated":true}]}}