{"id":34230,"date":"2023-06-27T11:43:11","date_gmt":"2023-06-27T10:43:11","guid":{"rendered":"https:\/\/fundaciosetba.org\/nuevo-convenio-de-colaboracion-con-el-istituto-europeo-di-design-de-barcelona-para-el-premio-setba\/"},"modified":"2023-07-18T11:03:33","modified_gmt":"2023-07-18T10:03:33","slug":"nuevo-convenio-de-colaboracion-con-el-istituto-europeo-di-design-de-barcelona-para-el-premio-setba","status":"publish","type":"post","link":"https:\/\/fundaciosetba.org\/es\/nuevo-convenio-de-colaboracion-con-el-istituto-europeo-di-design-de-barcelona-para-el-premio-setba\/","title":{"rendered":"Nuevo convenio de colaboraci\u00f3n con el Istituto Europeo di Design de Barcelona para el Premio Setba"},"content":{"rendered":"<p>En la decimotercera edici\u00f3n del Premio Setba, se ha establecido una nueva colaboraci\u00f3n con el Istituto Europeo di Design (IED) de Barcelona para el proyecto <em>Magistrales<\/em> . Esta alianza tiene como objetivos potenciar la formaci\u00f3n art\u00edstica de los usuarios de las entidades del sector de la discapacidad intelectual, y dar visibilidad y reconocimiento a los finalistas del Premi Setba.<\/p>\n<p>El Premio Setba es un concurso art\u00edstico, dirigido a artistas con discapacidad intelectual, organizado por la Fundaci\u00f3n Setba desde 2011. En esta edici\u00f3n, se han presentado un total de 85 entidades con 1.460 obras, de las que s\u00f3lo 12 han sido seleccionadas como finalistas.<\/p>\n<p>Uno de los premios del concurso es la participaci\u00f3n en un workshop del IED Barcelona. Los finalistas han colaborado con estudiantes del segundo grado de dise\u00f1o en la realizaci\u00f3n de un producto merchandising para promocionar el proyecto y dar visibilidad a las obras seleccionadas en el certamen. El producto seleccionado ha sido el del estudiante Llu\u00eds La Hoz y se desvelar\u00e1 durante la gala del Premio Setba, que tendr\u00e1 lugar el 18 de septiembre en CaixaForum.<\/p>\n<p>Por otra parte, los alumnos del IED han tenido la oportunidad de aprender la t\u00e9cnica de la serigraf\u00eda en un taller organizado por el centro ocupacional Les Corts e impartido por los usuarios de la entidad, en dos sesiones de trabajo. Creando un espacio de intercambio de experiencias y conocimientos entre los estudiantes del IED y los participantes del centro ocupacional.<\/p>\n<p>El Premio Setba cuenta con el patrocinio de Bizcabar y Capital Care, y la colaboraci\u00f3n de Barna Art, Bardinet, el Gremio de Galer\u00edas de Arte de Catalu\u00f1a, Dincat, el Museo del F\u00fatbol Club Barcelona, \u200b\u200bla Fundaci\u00f3n &#8220;la Caixa&#8221;, Pinturas MIR y el Istituto Europeo di Design. Estas entidades y empresas contribuyen al \u00e9xito y reconocimiento del Premi Setba, impulsando la participaci\u00f3n de los artistas con discapacidad intelectual y promoviendo la inclusi\u00f3n a trav\u00e9s del arte y el dise\u00f1o.<\/p>\n<p>&nbsp;<\/p>\n<p><strong>FOTOGRAF\u00cdAS DE LA SESI\u00d3N DE DISE\u00d1O EN IED CON LOS FINALISTAS DEL PREMIO SETBA:<\/strong><\/p>\n<div class=\"w-gallery fit_cover wp_gallery type_grid action_popup_image ratio_1x1 count_9\" style=\"--columns:3;--items-gap:8px;\"><div class=\"w-gallery-list\"><div class=\"w-gallery-item\"><div class=\"w-gallery-item-img\"><img loading=\"lazy\" decoding=\"async\" width=\"300\" height=\"300\" src=\"https:\/\/fundaciosetba.org\/wp-content\/uploads\/2023\/06\/2023-05_Premi-SETBA_IED_01-300x300.jpg\" class=\"attachment-woocommerce_thumbnail size-woocommerce_thumbnail\" alt=\"\" srcset=\"https:\/\/fundaciosetba.org\/wp-content\/uploads\/2023\/06\/2023-05_Premi-SETBA_IED_01-300x300.jpg 300w, https:\/\/fundaciosetba.org\/wp-content\/uploads\/2023\/06\/2023-05_Premi-SETBA_IED_01-150x150.jpg 150w\" sizes=\"auto, (max-width: 300px) 100vw, 300px\" \/><\/div><div class=\"w-gallery-item-meta\"><div class=\"w-gallery-item-title\">\u00a9Laura G\u00e1lvez-Rhein<\/div><\/div><a class=\"w-gallery-item-link\" aria-label=\"\u00a9Laura G\u00e1lvez-Rhein\" href=\"https:\/\/fundaciosetba.org\/wp-content\/uploads\/2023\/06\/2023-05_Premi-SETBA_IED_01.jpg\" title=\"\u00a9Laura G\u00e1lvez-Rhein\"><\/a><\/div><div class=\"w-gallery-item\"><div class=\"w-gallery-item-img\"><img loading=\"lazy\" decoding=\"async\" width=\"300\" height=\"300\" src=\"https:\/\/fundaciosetba.org\/wp-content\/uploads\/2023\/06\/2023-05_Premi-SETBA_IED_02-300x300.jpg\" class=\"attachment-woocommerce_thumbnail size-woocommerce_thumbnail\" alt=\"\" srcset=\"https:\/\/fundaciosetba.org\/wp-content\/uploads\/2023\/06\/2023-05_Premi-SETBA_IED_02-300x300.jpg 300w, https:\/\/fundaciosetba.org\/wp-content\/uploads\/2023\/06\/2023-05_Premi-SETBA_IED_02-150x150.jpg 150w\" sizes=\"auto, (max-width: 300px) 100vw, 300px\" \/><\/div><div class=\"w-gallery-item-meta\"><div class=\"w-gallery-item-title\">\u00a9Laura G\u00e1lvez-Rhein<\/div><\/div><a class=\"w-gallery-item-link\" aria-label=\"\u00a9Laura G\u00e1lvez-Rhein\" href=\"https:\/\/fundaciosetba.org\/wp-content\/uploads\/2023\/06\/2023-05_Premi-SETBA_IED_02.jpg\" title=\"\u00a9Laura G\u00e1lvez-Rhein\"><\/a><\/div><div class=\"w-gallery-item\"><div class=\"w-gallery-item-img\"><img loading=\"lazy\" decoding=\"async\" width=\"300\" height=\"300\" src=\"https:\/\/fundaciosetba.org\/wp-content\/uploads\/2023\/06\/2023-05_Premi-SETBA_IED_06-300x300.jpg\" class=\"attachment-woocommerce_thumbnail size-woocommerce_thumbnail\" alt=\"\" srcset=\"https:\/\/fundaciosetba.org\/wp-content\/uploads\/2023\/06\/2023-05_Premi-SETBA_IED_06-300x300.jpg 300w, https:\/\/fundaciosetba.org\/wp-content\/uploads\/2023\/06\/2023-05_Premi-SETBA_IED_06-150x150.jpg 150w\" sizes=\"auto, (max-width: 300px) 100vw, 300px\" \/><\/div><div class=\"w-gallery-item-meta\"><div class=\"w-gallery-item-title\">\u00a9Laura G\u00e1lvez-Rhein<\/div><\/div><a class=\"w-gallery-item-link\" aria-label=\"\u00a9Laura G\u00e1lvez-Rhein\" href=\"https:\/\/fundaciosetba.org\/wp-content\/uploads\/2023\/06\/2023-05_Premi-SETBA_IED_06.jpg\" title=\"\u00a9Laura G\u00e1lvez-Rhein\"><\/a><\/div><div class=\"w-gallery-item\"><div class=\"w-gallery-item-img\"><img loading=\"lazy\" decoding=\"async\" width=\"300\" height=\"300\" src=\"https:\/\/fundaciosetba.org\/wp-content\/uploads\/2023\/06\/2023-05_Premi-SETBA_IED_08-300x300.jpg\" class=\"attachment-woocommerce_thumbnail size-woocommerce_thumbnail\" alt=\"\" srcset=\"https:\/\/fundaciosetba.org\/wp-content\/uploads\/2023\/06\/2023-05_Premi-SETBA_IED_08-300x300.jpg 300w, https:\/\/fundaciosetba.org\/wp-content\/uploads\/2023\/06\/2023-05_Premi-SETBA_IED_08-150x150.jpg 150w\" sizes=\"auto, (max-width: 300px) 100vw, 300px\" \/><\/div><div class=\"w-gallery-item-meta\"><div class=\"w-gallery-item-title\">\u00a9Laura G\u00e1lvez-Rhein<\/div><\/div><a class=\"w-gallery-item-link\" aria-label=\"\u00a9Laura G\u00e1lvez-Rhein\" href=\"https:\/\/fundaciosetba.org\/wp-content\/uploads\/2023\/06\/2023-05_Premi-SETBA_IED_08.jpg\" title=\"\u00a9Laura G\u00e1lvez-Rhein\"><\/a><\/div><div class=\"w-gallery-item\"><div class=\"w-gallery-item-img\"><img loading=\"lazy\" decoding=\"async\" width=\"300\" height=\"300\" src=\"https:\/\/fundaciosetba.org\/wp-content\/uploads\/2023\/06\/2023-05_Premi-SETBA_IED_09-300x300.jpg\" class=\"attachment-woocommerce_thumbnail size-woocommerce_thumbnail\" alt=\"\" srcset=\"https:\/\/fundaciosetba.org\/wp-content\/uploads\/2023\/06\/2023-05_Premi-SETBA_IED_09-300x300.jpg 300w, https:\/\/fundaciosetba.org\/wp-content\/uploads\/2023\/06\/2023-05_Premi-SETBA_IED_09-150x150.jpg 150w\" sizes=\"auto, (max-width: 300px) 100vw, 300px\" \/><\/div><div class=\"w-gallery-item-meta\"><div class=\"w-gallery-item-title\">\u00a9Laura G\u00e1lvez-Rhein<\/div><\/div><a class=\"w-gallery-item-link\" aria-label=\"\u00a9Laura G\u00e1lvez-Rhein\" href=\"https:\/\/fundaciosetba.org\/wp-content\/uploads\/2023\/06\/2023-05_Premi-SETBA_IED_09.jpg\" title=\"\u00a9Laura G\u00e1lvez-Rhein\"><\/a><\/div><div class=\"w-gallery-item\"><div class=\"w-gallery-item-img\"><img loading=\"lazy\" decoding=\"async\" width=\"300\" height=\"300\" src=\"https:\/\/fundaciosetba.org\/wp-content\/uploads\/2023\/06\/2023-05_Premi-SETBA_IED_12-300x300.jpg\" class=\"attachment-woocommerce_thumbnail size-woocommerce_thumbnail\" alt=\"\" srcset=\"https:\/\/fundaciosetba.org\/wp-content\/uploads\/2023\/06\/2023-05_Premi-SETBA_IED_12-300x300.jpg 300w, https:\/\/fundaciosetba.org\/wp-content\/uploads\/2023\/06\/2023-05_Premi-SETBA_IED_12-150x150.jpg 150w\" sizes=\"auto, (max-width: 300px) 100vw, 300px\" \/><\/div><div class=\"w-gallery-item-meta\"><div class=\"w-gallery-item-title\">\u00a9Laura G\u00e1lvez-Rhein<\/div><\/div><a class=\"w-gallery-item-link\" aria-label=\"\u00a9Laura G\u00e1lvez-Rhein\" href=\"https:\/\/fundaciosetba.org\/wp-content\/uploads\/2023\/06\/2023-05_Premi-SETBA_IED_12.jpg\" title=\"\u00a9Laura G\u00e1lvez-Rhein\"><\/a><\/div><div class=\"w-gallery-item\"><div class=\"w-gallery-item-img\"><img loading=\"lazy\" decoding=\"async\" width=\"300\" height=\"300\" src=\"https:\/\/fundaciosetba.org\/wp-content\/uploads\/2023\/06\/2023-05_Premi-SETBA_IED_13-300x300.jpg\" class=\"attachment-woocommerce_thumbnail size-woocommerce_thumbnail\" alt=\"\" srcset=\"https:\/\/fundaciosetba.org\/wp-content\/uploads\/2023\/06\/2023-05_Premi-SETBA_IED_13-300x300.jpg 300w, https:\/\/fundaciosetba.org\/wp-content\/uploads\/2023\/06\/2023-05_Premi-SETBA_IED_13-150x150.jpg 150w\" sizes=\"auto, (max-width: 300px) 100vw, 300px\" \/><\/div><div class=\"w-gallery-item-meta\"><div class=\"w-gallery-item-title\">\u00a9Laura G\u00e1lvez-Rhein<\/div><\/div><a class=\"w-gallery-item-link\" aria-label=\"\u00a9Laura G\u00e1lvez-Rhein\" href=\"https:\/\/fundaciosetba.org\/wp-content\/uploads\/2023\/06\/2023-05_Premi-SETBA_IED_13.jpg\" title=\"\u00a9Laura G\u00e1lvez-Rhein\"><\/a><\/div><div class=\"w-gallery-item\"><div class=\"w-gallery-item-img\"><img loading=\"lazy\" decoding=\"async\" width=\"300\" height=\"300\" src=\"https:\/\/fundaciosetba.org\/wp-content\/uploads\/2023\/06\/2023-05_Premi-SETBA_IED_16-300x300.jpg\" class=\"attachment-woocommerce_thumbnail size-woocommerce_thumbnail\" alt=\"\" srcset=\"https:\/\/fundaciosetba.org\/wp-content\/uploads\/2023\/06\/2023-05_Premi-SETBA_IED_16-300x300.jpg 300w, https:\/\/fundaciosetba.org\/wp-content\/uploads\/2023\/06\/2023-05_Premi-SETBA_IED_16-150x150.jpg 150w\" sizes=\"auto, (max-width: 300px) 100vw, 300px\" \/><\/div><div class=\"w-gallery-item-meta\"><div class=\"w-gallery-item-title\">\u00a9Laura G\u00e1lvez-Rhein<\/div><\/div><a class=\"w-gallery-item-link\" aria-label=\"\u00a9Laura G\u00e1lvez-Rhein\" href=\"https:\/\/fundaciosetba.org\/wp-content\/uploads\/2023\/06\/2023-05_Premi-SETBA_IED_16.jpg\" title=\"\u00a9Laura G\u00e1lvez-Rhein\"><\/a><\/div><div class=\"w-gallery-item\"><div class=\"w-gallery-item-img\"><img loading=\"lazy\" decoding=\"async\" width=\"300\" height=\"300\" src=\"https:\/\/fundaciosetba.org\/wp-content\/uploads\/2023\/06\/2023-05_Premi-SETBA_IED_28-300x300.jpg\" class=\"attachment-woocommerce_thumbnail size-woocommerce_thumbnail\" alt=\"\" srcset=\"https:\/\/fundaciosetba.org\/wp-content\/uploads\/2023\/06\/2023-05_Premi-SETBA_IED_28-300x300.jpg 300w, https:\/\/fundaciosetba.org\/wp-content\/uploads\/2023\/06\/2023-05_Premi-SETBA_IED_28-150x150.jpg 150w\" sizes=\"auto, (max-width: 300px) 100vw, 300px\" \/><\/div><div class=\"w-gallery-item-meta\"><div class=\"w-gallery-item-title\">\u00a9Laura G\u00e1lvez-Rhein<\/div><\/div><a class=\"w-gallery-item-link\" aria-label=\"\u00a9Laura G\u00e1lvez-Rhein\" href=\"https:\/\/fundaciosetba.org\/wp-content\/uploads\/2023\/06\/2023-05_Premi-SETBA_IED_28.jpg\" title=\"\u00a9Laura G\u00e1lvez-Rhein\"><\/a><\/div><\/div><\/div>\n<p>&nbsp;<\/p>\n<p><strong>FOTOGRAF\u00cdAS DE LA SESI\u00d3N DE TRABAJO EN EL TALLER DE SERIGRAF\u00cdA DEL CO LES CORTS CON LOS ESTUDIANTES DEL IED:<\/strong><\/p>\n<div class=\"w-gallery fit_cover wp_gallery type_grid action_popup_image ratio_1x1 count_9\" style=\"--columns:3;--items-gap:8px;\"><div class=\"w-gallery-list\"><div class=\"w-gallery-item\"><div class=\"w-gallery-item-img\"><img loading=\"lazy\" decoding=\"async\" width=\"300\" height=\"300\" src=\"https:\/\/fundaciosetba.org\/wp-content\/uploads\/2023\/06\/2023-05_Magistrals_CO-Les-Corts_01-300x300.jpg\" class=\"attachment-woocommerce_thumbnail size-woocommerce_thumbnail\" alt=\"\" srcset=\"https:\/\/fundaciosetba.org\/wp-content\/uploads\/2023\/06\/2023-05_Magistrals_CO-Les-Corts_01-300x300.jpg 300w, https:\/\/fundaciosetba.org\/wp-content\/uploads\/2023\/06\/2023-05_Magistrals_CO-Les-Corts_01-150x150.jpg 150w\" sizes=\"auto, (max-width: 300px) 100vw, 300px\" \/><\/div><div class=\"w-gallery-item-meta\"><div class=\"w-gallery-item-title\">\u00a9Laura G\u00e1lvez-Rhein<\/div><\/div><a class=\"w-gallery-item-link\" aria-label=\"\u00a9Laura G\u00e1lvez-Rhein\" href=\"https:\/\/fundaciosetba.org\/wp-content\/uploads\/2023\/06\/2023-05_Magistrals_CO-Les-Corts_01.jpg\" title=\"\u00a9Laura G\u00e1lvez-Rhein\"><\/a><\/div><div class=\"w-gallery-item\"><div class=\"w-gallery-item-img\"><img loading=\"lazy\" decoding=\"async\" width=\"300\" height=\"300\" src=\"https:\/\/fundaciosetba.org\/wp-content\/uploads\/2023\/06\/2023-05_Magistrals_CO-Les-Corts_08-300x300.jpg\" class=\"attachment-woocommerce_thumbnail size-woocommerce_thumbnail\" alt=\"\" srcset=\"https:\/\/fundaciosetba.org\/wp-content\/uploads\/2023\/06\/2023-05_Magistrals_CO-Les-Corts_08-300x300.jpg 300w, https:\/\/fundaciosetba.org\/wp-content\/uploads\/2023\/06\/2023-05_Magistrals_CO-Les-Corts_08-150x150.jpg 150w\" sizes=\"auto, (max-width: 300px) 100vw, 300px\" \/><\/div><div class=\"w-gallery-item-meta\"><div class=\"w-gallery-item-title\">\u00a9Laura G\u00e1lvez-Rhein<\/div><\/div><a class=\"w-gallery-item-link\" aria-label=\"\u00a9Laura G\u00e1lvez-Rhein\" href=\"https:\/\/fundaciosetba.org\/wp-content\/uploads\/2023\/06\/2023-05_Magistrals_CO-Les-Corts_08.jpg\" title=\"\u00a9Laura G\u00e1lvez-Rhein\"><\/a><\/div><div class=\"w-gallery-item\"><div class=\"w-gallery-item-img\"><img loading=\"lazy\" decoding=\"async\" width=\"300\" height=\"300\" src=\"https:\/\/fundaciosetba.org\/wp-content\/uploads\/2023\/06\/2023-05_Magistrals_CO-Les-Corts_09-300x300.jpg\" class=\"attachment-woocommerce_thumbnail size-woocommerce_thumbnail\" alt=\"\" srcset=\"https:\/\/fundaciosetba.org\/wp-content\/uploads\/2023\/06\/2023-05_Magistrals_CO-Les-Corts_09-300x300.jpg 300w, https:\/\/fundaciosetba.org\/wp-content\/uploads\/2023\/06\/2023-05_Magistrals_CO-Les-Corts_09-150x150.jpg 150w\" sizes=\"auto, (max-width: 300px) 100vw, 300px\" \/><\/div><div class=\"w-gallery-item-meta\"><div class=\"w-gallery-item-title\">\u00a9Laura G\u00e1lvez-Rhein<\/div><\/div><a class=\"w-gallery-item-link\" aria-label=\"\u00a9Laura G\u00e1lvez-Rhein\" href=\"https:\/\/fundaciosetba.org\/wp-content\/uploads\/2023\/06\/2023-05_Magistrals_CO-Les-Corts_09.jpg\" title=\"\u00a9Laura G\u00e1lvez-Rhein\"><\/a><\/div><div class=\"w-gallery-item\"><div class=\"w-gallery-item-img\"><img loading=\"lazy\" decoding=\"async\" width=\"300\" height=\"300\" src=\"https:\/\/fundaciosetba.org\/wp-content\/uploads\/2023\/06\/2023-05_Magistrals_CO-Les-Corts_10-300x300.jpg\" class=\"attachment-woocommerce_thumbnail size-woocommerce_thumbnail\" alt=\"\" srcset=\"https:\/\/fundaciosetba.org\/wp-content\/uploads\/2023\/06\/2023-05_Magistrals_CO-Les-Corts_10-300x300.jpg 300w, https:\/\/fundaciosetba.org\/wp-content\/uploads\/2023\/06\/2023-05_Magistrals_CO-Les-Corts_10-150x150.jpg 150w\" sizes=\"auto, (max-width: 300px) 100vw, 300px\" \/><\/div><div class=\"w-gallery-item-meta\"><div class=\"w-gallery-item-title\">\u00a9Laura G\u00e1lvez-Rhein<\/div><\/div><a class=\"w-gallery-item-link\" aria-label=\"\u00a9Laura G\u00e1lvez-Rhein\" href=\"https:\/\/fundaciosetba.org\/wp-content\/uploads\/2023\/06\/2023-05_Magistrals_CO-Les-Corts_10.jpg\" title=\"\u00a9Laura G\u00e1lvez-Rhein\"><\/a><\/div><div class=\"w-gallery-item\"><div class=\"w-gallery-item-img\"><img loading=\"lazy\" decoding=\"async\" width=\"300\" height=\"300\" src=\"https:\/\/fundaciosetba.org\/wp-content\/uploads\/2023\/06\/2023-05_Magistrals_CO-Les-Corts_12-300x300.jpg\" class=\"attachment-woocommerce_thumbnail size-woocommerce_thumbnail\" alt=\"\" srcset=\"https:\/\/fundaciosetba.org\/wp-content\/uploads\/2023\/06\/2023-05_Magistrals_CO-Les-Corts_12-300x300.jpg 300w, https:\/\/fundaciosetba.org\/wp-content\/uploads\/2023\/06\/2023-05_Magistrals_CO-Les-Corts_12-150x150.jpg 150w\" sizes=\"auto, (max-width: 300px) 100vw, 300px\" \/><\/div><div class=\"w-gallery-item-meta\"><div class=\"w-gallery-item-title\">\u00a9Laura G\u00e1lvez-Rhein<\/div><\/div><a class=\"w-gallery-item-link\" aria-label=\"\u00a9Laura G\u00e1lvez-Rhein\" href=\"https:\/\/fundaciosetba.org\/wp-content\/uploads\/2023\/06\/2023-05_Magistrals_CO-Les-Corts_12.jpg\" title=\"\u00a9Laura G\u00e1lvez-Rhein\"><\/a><\/div><div class=\"w-gallery-item\"><div class=\"w-gallery-item-img\"><img loading=\"lazy\" decoding=\"async\" width=\"300\" height=\"300\" src=\"https:\/\/fundaciosetba.org\/wp-content\/uploads\/2023\/06\/2023-05_Magistrals_CO-Les-Corts_13-300x300.jpg\" class=\"attachment-woocommerce_thumbnail size-woocommerce_thumbnail\" alt=\"\" srcset=\"https:\/\/fundaciosetba.org\/wp-content\/uploads\/2023\/06\/2023-05_Magistrals_CO-Les-Corts_13-300x300.jpg 300w, https:\/\/fundaciosetba.org\/wp-content\/uploads\/2023\/06\/2023-05_Magistrals_CO-Les-Corts_13-150x150.jpg 150w\" sizes=\"auto, (max-width: 300px) 100vw, 300px\" \/><\/div><div class=\"w-gallery-item-meta\"><div class=\"w-gallery-item-title\">\u00a9Laura G\u00e1lvez-Rhein<\/div><\/div><a class=\"w-gallery-item-link\" aria-label=\"\u00a9Laura G\u00e1lvez-Rhein\" href=\"https:\/\/fundaciosetba.org\/wp-content\/uploads\/2023\/06\/2023-05_Magistrals_CO-Les-Corts_13.jpg\" title=\"\u00a9Laura G\u00e1lvez-Rhein\"><\/a><\/div><div class=\"w-gallery-item\"><div class=\"w-gallery-item-img\"><img loading=\"lazy\" decoding=\"async\" width=\"300\" height=\"300\" src=\"https:\/\/fundaciosetba.org\/wp-content\/uploads\/2023\/06\/2023-05_Magistrals_CO-Les-Corts_16-300x300.jpg\" class=\"attachment-woocommerce_thumbnail size-woocommerce_thumbnail\" alt=\"\" srcset=\"https:\/\/fundaciosetba.org\/wp-content\/uploads\/2023\/06\/2023-05_Magistrals_CO-Les-Corts_16-300x300.jpg 300w, https:\/\/fundaciosetba.org\/wp-content\/uploads\/2023\/06\/2023-05_Magistrals_CO-Les-Corts_16-150x150.jpg 150w\" sizes=\"auto, (max-width: 300px) 100vw, 300px\" \/><\/div><div class=\"w-gallery-item-meta\"><div class=\"w-gallery-item-title\">\u00a9Laura G\u00e1lvez-Rhein<\/div><\/div><a class=\"w-gallery-item-link\" aria-label=\"\u00a9Laura G\u00e1lvez-Rhein\" href=\"https:\/\/fundaciosetba.org\/wp-content\/uploads\/2023\/06\/2023-05_Magistrals_CO-Les-Corts_16.jpg\" title=\"\u00a9Laura G\u00e1lvez-Rhein\"><\/a><\/div><div class=\"w-gallery-item\"><div class=\"w-gallery-item-img\"><img loading=\"lazy\" decoding=\"async\" width=\"300\" height=\"300\" src=\"https:\/\/fundaciosetba.org\/wp-content\/uploads\/2023\/06\/2023-05_Magistrals_CO-Les-Corts_18-300x300.jpg\" class=\"attachment-woocommerce_thumbnail size-woocommerce_thumbnail\" alt=\"\" srcset=\"https:\/\/fundaciosetba.org\/wp-content\/uploads\/2023\/06\/2023-05_Magistrals_CO-Les-Corts_18-300x300.jpg 300w, https:\/\/fundaciosetba.org\/wp-content\/uploads\/2023\/06\/2023-05_Magistrals_CO-Les-Corts_18-150x150.jpg 150w\" sizes=\"auto, (max-width: 300px) 100vw, 300px\" \/><\/div><div class=\"w-gallery-item-meta\"><div class=\"w-gallery-item-title\">\u00a9Laura G\u00e1lvez-Rhein<\/div><\/div><a class=\"w-gallery-item-link\" aria-label=\"\u00a9Laura G\u00e1lvez-Rhein\" href=\"https:\/\/fundaciosetba.org\/wp-content\/uploads\/2023\/06\/2023-05_Magistrals_CO-Les-Corts_18.jpg\" title=\"\u00a9Laura G\u00e1lvez-Rhein\"><\/a><\/div><div class=\"w-gallery-item\"><div class=\"w-gallery-item-img\"><img loading=\"lazy\" decoding=\"async\" width=\"300\" height=\"300\" src=\"https:\/\/fundaciosetba.org\/wp-content\/uploads\/2023\/06\/2023-05_Magistrals_CO-Les-Corts_19-300x300.jpg\" class=\"attachment-woocommerce_thumbnail size-woocommerce_thumbnail\" alt=\"\" srcset=\"https:\/\/fundaciosetba.org\/wp-content\/uploads\/2023\/06\/2023-05_Magistrals_CO-Les-Corts_19-300x300.jpg 300w, https:\/\/fundaciosetba.org\/wp-content\/uploads\/2023\/06\/2023-05_Magistrals_CO-Les-Corts_19-150x150.jpg 150w\" sizes=\"auto, (max-width: 300px) 100vw, 300px\" \/><\/div><div class=\"w-gallery-item-meta\"><div class=\"w-gallery-item-title\">\u00a9Laura G\u00e1lvez-Rhein<\/div><\/div><a class=\"w-gallery-item-link\" aria-label=\"\u00a9Laura G\u00e1lvez-Rhein\" href=\"https:\/\/fundaciosetba.org\/wp-content\/uploads\/2023\/06\/2023-05_Magistrals_CO-Les-Corts_19.jpg\" title=\"\u00a9Laura G\u00e1lvez-Rhein\"><\/a><\/div><\/div><\/div>\n","protected":false},"excerpt":{"rendered":"<p>Los finalistas han colaborado con estudiantes del segundo grado de dise\u00f1o en la realizaci\u00f3n de un producto merchandising para promocionar el proyecto y dar visibilidad a las obras seleccionadas en el certamen<\/p>\n","protected":false},"author":1,"featured_media":34228,"comment_status":"closed","ping_status":"closed","sticky":false,"template":"","format":"standard","meta":{"footnotes":""},"categories":[1353],"tags":[],"class_list":["post-34230","post","type-post","status-publish","format-standard","has-post-thumbnail","hentry","category-premio-setba-es"],"_links":{"self":[{"href":"https:\/\/fundaciosetba.org\/es\/wp-json\/wp\/v2\/posts\/34230","targetHints":{"allow":["GET"]}}],"collection":[{"href":"https:\/\/fundaciosetba.org\/es\/wp-json\/wp\/v2\/posts"}],"about":[{"href":"https:\/\/fundaciosetba.org\/es\/wp-json\/wp\/v2\/types\/post"}],"author":[{"embeddable":true,"href":"https:\/\/fundaciosetba.org\/es\/wp-json\/wp\/v2\/users\/1"}],"replies":[{"embeddable":true,"href":"https:\/\/fundaciosetba.org\/es\/wp-json\/wp\/v2\/comments?post=34230"}],"version-history":[{"count":1,"href":"https:\/\/fundaciosetba.org\/es\/wp-json\/wp\/v2\/posts\/34230\/revisions"}],"predecessor-version":[{"id":34330,"href":"https:\/\/fundaciosetba.org\/es\/wp-json\/wp\/v2\/posts\/34230\/revisions\/34330"}],"wp:featuredmedia":[{"embeddable":true,"href":"https:\/\/fundaciosetba.org\/es\/wp-json\/wp\/v2\/media\/34228"}],"wp:attachment":[{"href":"https:\/\/fundaciosetba.org\/es\/wp-json\/wp\/v2\/media?parent=34230"}],"wp:term":[{"taxonomy":"category","embeddable":true,"href":"https:\/\/fundaciosetba.org\/es\/wp-json\/wp\/v2\/categories?post=34230"},{"taxonomy":"post_tag","embeddable":true,"href":"https:\/\/fundaciosetba.org\/es\/wp-json\/wp\/v2\/tags?post=34230"}],"curies":[{"name":"wp","href":"https:\/\/api.w.org\/{rel}","templated":true}]}}