{"id":34317,"date":"2023-07-11T10:09:42","date_gmt":"2023-07-11T09:09:42","guid":{"rendered":"https:\/\/fundaciosetba.org\/se-inicia-una-nueva-actividad-de-danza-dentro-del-proyecto-natura-es-cultura-para-personas-con-problemas-de-salud-mental\/"},"modified":"2023-07-18T11:03:54","modified_gmt":"2023-07-18T10:03:54","slug":"se-inicia-una-nueva-actividad-de-danza-dentro-del-proyecto-natura-es-cultura-para-personas-con-problemas-de-salud-mental","status":"publish","type":"post","link":"https:\/\/fundaciosetba.org\/es\/se-inicia-una-nueva-actividad-de-danza-dentro-del-proyecto-natura-es-cultura-para-personas-con-problemas-de-salud-mental\/","title":{"rendered":"Se inicia una nueva actividad de danza dentro del proyecto &#8216;Natura es Cultura&#8217; para personas con problemas de salud mental"},"content":{"rendered":"<p>Durante la estancia del proyecto de respiro art\u00edstico <em>Natura es Cultura<\/em> 2022, dirigido a personas que conviven con trastornos mentales, y dirigido por el artista Quim Moya,<strong> el 70% de sus participantes afirmaron que hab\u00eda sido positivo por su bienestar salir de su entorno.<\/strong> El 75% hab\u00edan hecho nuevas amistades y el 90% pidieron participar con m\u00e1s actividades art\u00edsticas. Despu\u00e9s de esta petici\u00f3n y de los buenos resultados obtenidos con la actividad de expresi\u00f3n corporal, la Fundaci\u00f3 Setba <strong>con la colaboraci\u00f3n de Cal Gras ha organizado una semana de respiro exclusiva de danza con la bailarina y psic\u00f3loga Maria Ribera<\/strong> para dos usuarios y cuatro usuarias de las entidades participantes en la edici\u00f3n anterior: la <a href=\"https:\/\/ampans.cat\/\">Fundaci\u00f3n Ampans<\/a> y la <a href=\"https:\/\/www.fundaciodrissa.com\/ca\/#gsc.tab=0\">Fundaci\u00f3n Drissa<\/a>.<\/p>\n<figure id=\"attachment_34294\" aria-describedby=\"caption-attachment-34294\" style=\"width: 600px\" class=\"wp-caption aligncenter\"><img loading=\"lazy\" decoding=\"async\" class=\"wp-image-34292 size-us_600_400\" src=\"https:\/\/fundaciosetba.org\/wp-content\/uploads\/2023\/07\/2023-07_Natura-es-Cultura-Taller-de-dansa_WEB_17-600x400.jpg\" alt=\"\" width=\"600\" height=\"400\" srcset=\"https:\/\/fundaciosetba.org\/wp-content\/uploads\/2023\/07\/2023-07_Natura-es-Cultura-Taller-de-dansa_WEB_17-600x401.jpg 600w, https:\/\/fundaciosetba.org\/wp-content\/uploads\/2023\/07\/2023-07_Natura-es-Cultura-Taller-de-dansa_WEB_17-300x200.jpg 300w, https:\/\/fundaciosetba.org\/wp-content\/uploads\/2023\/07\/2023-07_Natura-es-Cultura-Taller-de-dansa_WEB_17-1024x684.jpg 1024w, https:\/\/fundaciosetba.org\/wp-content\/uploads\/2023\/07\/2023-07_Natura-es-Cultura-Taller-de-dansa_WEB_17-150x100.jpg 150w, https:\/\/fundaciosetba.org\/wp-content\/uploads\/2023\/07\/2023-07_Natura-es-Cultura-Taller-de-dansa_WEB_17.jpg 1920w\" sizes=\"auto, (max-width: 600px) 100vw, 600px\" \/><figcaption id=\"caption-attachment-34294\" class=\"wp-caption-text\">\u00a9 Laura G\u00e1lvez-Rhein. Natura es Cultura 2023. Actividad danza. Mar\u00eda Ribera.<\/figcaption><\/figure>\n<p><strong>Durante cinco d\u00edas usuarios y usuarias descubren el arte de la danza<\/strong> a trav\u00e9s de la improvisaci\u00f3n y composiciones corales con la voluntad de potenciar la creaci\u00f3n art\u00edstica, compartir conocimientos, acercar a las personas a la naturaleza, adquirir mayor autonom\u00eda, mejorar la autoestima, fomentar el empoderamiento y el trabajo en equipo y la gesti\u00f3n de las emociones.<\/p>\n<p><strong>Esta actividad tiene por objetivo final la cocreaci\u00f3n de una pieza de danza inclusiva<\/strong>, que se presentar\u00e1 en la inauguraci\u00f3n del festival de <em>land art<\/em> Art &amp; Gavarres el 4 de septiembre de 2023 en <a href=\"https:\/\/web.girona.cat\/ccm\">Centro Cultural la Merc\u00e8 de Girona<\/a>, y en la gala del Premio Setba, el 18 de septiembre de 2023 en el <a href=\"https:\/\/caixaforum.org\/ca\/barcelona\/home\">CaixaForum<\/a>. La pieza que lleva el nombre de <strong>CAMINANTES<\/strong> quiere evocar en pocos minutos la ternura de que las personas son capaces de tener hacia la naturaleza. Habla de cruzar l\u00edmites, reconocer las diferencias y tambi\u00e9n superarlas. Seg\u00fan la directora art\u00edstica de la pieza, Maria Ribera, \u201cCAMINANTES es una invitaci\u00f3n que nos hace la naturaleza de aceptarnos tal y como somos y de la belleza que existe en nuestra presencia corp\u00f3rea. Bailamos alrededor de un \u00e1rbol que parece querer andar, un \u00e1rbol puesto al rev\u00e9s. A veces las cosas al rev\u00e9s nos abren a nuevos espacios ya Caminants queremos mostrarlos.\u201d<\/p>\n<p>En el proceso de creaci\u00f3n, se ha contado con el asesoramiento del ingeniero agr\u00f3nomo Ignasi Vilarasau, que lleva 25 a\u00f1os trabajando en la gesti\u00f3n forestal de los bosques del Bages para recuperar las especies aut\u00f3ctonas y realizar trabajos de conservaci\u00f3n y prevenci\u00f3n, y que ha hecho hincapi\u00e9 en la concienciaci\u00f3n medioambiental.<\/p>\n<p>Este proyecto est\u00e1 organizado por la Fundaci\u00f3n Setba con el patrocinio de la Diputaci\u00f3n de Girona, Bizcabar y Capital Care y con la colaboraci\u00f3n de Cal Gras, Pinturas Lepanto y Chocolates Torras y con el apoyo del Ayuntamiento de Aviny\u00f3.<\/p>\n<div class=\"w-gallery fit_cover wp_gallery type_grid action_popup_image ratio_1x1 count_11\" style=\"--columns:3;--items-gap:8px;\"><div class=\"w-gallery-list\"><div class=\"w-gallery-item\"><div class=\"w-gallery-item-img\"><img loading=\"lazy\" decoding=\"async\" width=\"300\" height=\"300\" src=\"https:\/\/fundaciosetba.org\/wp-content\/uploads\/2023\/07\/2023-07_Natura-es-Cultura-Taller-de-dansa_WEB_03_1-300x300.jpg\" class=\"attachment-woocommerce_thumbnail size-woocommerce_thumbnail\" alt=\"\" srcset=\"https:\/\/fundaciosetba.org\/wp-content\/uploads\/2023\/07\/2023-07_Natura-es-Cultura-Taller-de-dansa_WEB_03_1-300x300.jpg 300w, https:\/\/fundaciosetba.org\/wp-content\/uploads\/2023\/07\/2023-07_Natura-es-Cultura-Taller-de-dansa_WEB_03_1-150x150.jpg 150w\" sizes=\"auto, (max-width: 300px) 100vw, 300px\" \/><\/div><div class=\"w-gallery-item-meta\"><div class=\"w-gallery-item-title\">\u00a9 Laura G\u00e1lvez-Rhein. Natura \u00e9s Cultura 2023. Activitat dansa. Maria Ribera.<\/div><\/div><a class=\"w-gallery-item-link\" aria-label=\"\u00a9 Laura G\u00e1lvez-Rhein. Natura \u00e9s Cultura 2023. Activitat dansa. Maria Ribera.\" href=\"https:\/\/fundaciosetba.org\/wp-content\/uploads\/2023\/07\/2023-07_Natura-es-Cultura-Taller-de-dansa_WEB_03_1.jpg\" title=\"\u00a9 Laura G\u00e1lvez-Rhein. Natura \u00e9s Cultura 2023. Activitat dansa. Maria Ribera.\"><\/a><\/div><div class=\"w-gallery-item\"><div class=\"w-gallery-item-img\"><img loading=\"lazy\" decoding=\"async\" width=\"300\" height=\"300\" src=\"https:\/\/fundaciosetba.org\/wp-content\/uploads\/2023\/07\/2023-07_Natura-es-Cultura-Taller-de-dansa_WEB_05_1-300x300.jpg\" class=\"attachment-woocommerce_thumbnail size-woocommerce_thumbnail\" alt=\"\" srcset=\"https:\/\/fundaciosetba.org\/wp-content\/uploads\/2023\/07\/2023-07_Natura-es-Cultura-Taller-de-dansa_WEB_05_1-300x300.jpg 300w, https:\/\/fundaciosetba.org\/wp-content\/uploads\/2023\/07\/2023-07_Natura-es-Cultura-Taller-de-dansa_WEB_05_1-150x150.jpg 150w\" sizes=\"auto, (max-width: 300px) 100vw, 300px\" \/><\/div><div class=\"w-gallery-item-meta\"><div class=\"w-gallery-item-title\">\u00a9 Laura G\u00e1lvez-Rhein. Natura \u00e9s Cultura 2023. Activitat dansa. Maria Ribera.<\/div><\/div><a class=\"w-gallery-item-link\" aria-label=\"\u00a9 Laura G\u00e1lvez-Rhein. Natura \u00e9s Cultura 2023. Activitat dansa. Maria Ribera.\" href=\"https:\/\/fundaciosetba.org\/wp-content\/uploads\/2023\/07\/2023-07_Natura-es-Cultura-Taller-de-dansa_WEB_05_1.jpg\" title=\"\u00a9 Laura G\u00e1lvez-Rhein. Natura \u00e9s Cultura 2023. Activitat dansa. Maria Ribera.\"><\/a><\/div><div class=\"w-gallery-item\"><div class=\"w-gallery-item-img\"><img loading=\"lazy\" decoding=\"async\" width=\"300\" height=\"300\" src=\"https:\/\/fundaciosetba.org\/wp-content\/uploads\/2023\/07\/2023-07_Natura-es-Cultura-Taller-de-dansa_WEB_11-300x300.jpg\" class=\"attachment-woocommerce_thumbnail size-woocommerce_thumbnail\" alt=\"\" srcset=\"https:\/\/fundaciosetba.org\/wp-content\/uploads\/2023\/07\/2023-07_Natura-es-Cultura-Taller-de-dansa_WEB_11-300x300.jpg 300w, https:\/\/fundaciosetba.org\/wp-content\/uploads\/2023\/07\/2023-07_Natura-es-Cultura-Taller-de-dansa_WEB_11-150x150.jpg 150w\" sizes=\"auto, (max-width: 300px) 100vw, 300px\" \/><\/div><div class=\"w-gallery-item-meta\"><div class=\"w-gallery-item-title\">\u00a9 Laura G\u00e1lvez-Rhein. Natura \u00e9s Cultura 2023. Activitat dansa. Maria Ribera.<\/div><\/div><a class=\"w-gallery-item-link\" aria-label=\"\u00a9 Laura G\u00e1lvez-Rhein. Natura \u00e9s Cultura 2023. Activitat dansa. Maria Ribera.\" href=\"https:\/\/fundaciosetba.org\/wp-content\/uploads\/2023\/07\/2023-07_Natura-es-Cultura-Taller-de-dansa_WEB_11.jpg\" title=\"\u00a9 Laura G\u00e1lvez-Rhein. Natura \u00e9s Cultura 2023. Activitat dansa. Maria Ribera.\"><\/a><\/div><div class=\"w-gallery-item\"><div class=\"w-gallery-item-img\"><img loading=\"lazy\" decoding=\"async\" width=\"300\" height=\"300\" src=\"https:\/\/fundaciosetba.org\/wp-content\/uploads\/2023\/07\/2023-07_Natura-es-Cultura-Taller-de-dansa_WEB_13-300x300.jpg\" class=\"attachment-woocommerce_thumbnail size-woocommerce_thumbnail\" alt=\"\" srcset=\"https:\/\/fundaciosetba.org\/wp-content\/uploads\/2023\/07\/2023-07_Natura-es-Cultura-Taller-de-dansa_WEB_13-300x300.jpg 300w, https:\/\/fundaciosetba.org\/wp-content\/uploads\/2023\/07\/2023-07_Natura-es-Cultura-Taller-de-dansa_WEB_13-150x150.jpg 150w\" sizes=\"auto, (max-width: 300px) 100vw, 300px\" \/><\/div><div class=\"w-gallery-item-meta\"><div class=\"w-gallery-item-title\">\u00a9 Laura G\u00e1lvez-Rhein. Natura \u00e9s Cultura 2023. Activitat dansa. Maria Ribera.<\/div><\/div><a class=\"w-gallery-item-link\" aria-label=\"\u00a9 Laura G\u00e1lvez-Rhein. Natura \u00e9s Cultura 2023. Activitat dansa. Maria Ribera.\" href=\"https:\/\/fundaciosetba.org\/wp-content\/uploads\/2023\/07\/2023-07_Natura-es-Cultura-Taller-de-dansa_WEB_13.jpg\" title=\"\u00a9 Laura G\u00e1lvez-Rhein. Natura \u00e9s Cultura 2023. Activitat dansa. Maria Ribera.\"><\/a><\/div><div class=\"w-gallery-item\"><div class=\"w-gallery-item-img\"><img loading=\"lazy\" decoding=\"async\" width=\"300\" height=\"300\" src=\"https:\/\/fundaciosetba.org\/wp-content\/uploads\/2023\/07\/2023-07_Natura-es-Cultura-Taller-de-dansa_WEB_15-300x300.jpg\" class=\"attachment-woocommerce_thumbnail size-woocommerce_thumbnail\" alt=\"\" srcset=\"https:\/\/fundaciosetba.org\/wp-content\/uploads\/2023\/07\/2023-07_Natura-es-Cultura-Taller-de-dansa_WEB_15-300x300.jpg 300w, https:\/\/fundaciosetba.org\/wp-content\/uploads\/2023\/07\/2023-07_Natura-es-Cultura-Taller-de-dansa_WEB_15-150x150.jpg 150w\" sizes=\"auto, (max-width: 300px) 100vw, 300px\" \/><\/div><div class=\"w-gallery-item-meta\"><div class=\"w-gallery-item-title\">\u00a9 Laura G\u00e1lvez-Rhein. Natura \u00e9s Cultura 2023. Activitat dansa. Maria Ribera.<\/div><\/div><a class=\"w-gallery-item-link\" aria-label=\"\u00a9 Laura G\u00e1lvez-Rhein. Natura \u00e9s Cultura 2023. Activitat dansa. Maria Ribera.\" href=\"https:\/\/fundaciosetba.org\/wp-content\/uploads\/2023\/07\/2023-07_Natura-es-Cultura-Taller-de-dansa_WEB_15.jpg\" title=\"\u00a9 Laura G\u00e1lvez-Rhein. Natura \u00e9s Cultura 2023. Activitat dansa. Maria Ribera.\"><\/a><\/div><div class=\"w-gallery-item\"><div class=\"w-gallery-item-img\"><img loading=\"lazy\" decoding=\"async\" width=\"300\" height=\"300\" src=\"https:\/\/fundaciosetba.org\/wp-content\/uploads\/2023\/07\/2023-07_Natura-es-Cultura-Taller-de-dansa_WEB_16-300x300.jpg\" class=\"attachment-woocommerce_thumbnail size-woocommerce_thumbnail\" alt=\"\" srcset=\"https:\/\/fundaciosetba.org\/wp-content\/uploads\/2023\/07\/2023-07_Natura-es-Cultura-Taller-de-dansa_WEB_16-300x300.jpg 300w, https:\/\/fundaciosetba.org\/wp-content\/uploads\/2023\/07\/2023-07_Natura-es-Cultura-Taller-de-dansa_WEB_16-150x150.jpg 150w\" sizes=\"auto, (max-width: 300px) 100vw, 300px\" \/><\/div><div class=\"w-gallery-item-meta\"><div class=\"w-gallery-item-title\">\u00a9 Laura G\u00e1lvez-Rhein. Natura \u00e9s Cultura 2023. Activitat dansa. Maria Ribera.<\/div><\/div><a class=\"w-gallery-item-link\" aria-label=\"\u00a9 Laura G\u00e1lvez-Rhein. Natura \u00e9s Cultura 2023. Activitat dansa. Maria Ribera.\" href=\"https:\/\/fundaciosetba.org\/wp-content\/uploads\/2023\/07\/2023-07_Natura-es-Cultura-Taller-de-dansa_WEB_16.jpg\" title=\"\u00a9 Laura G\u00e1lvez-Rhein. Natura \u00e9s Cultura 2023. Activitat dansa. Maria Ribera.\"><\/a><\/div><div class=\"w-gallery-item\"><div class=\"w-gallery-item-img\"><img loading=\"lazy\" decoding=\"async\" width=\"300\" height=\"300\" src=\"https:\/\/fundaciosetba.org\/wp-content\/uploads\/2023\/07\/2023-07_Natura-es-Cultura-Taller-de-dansa_WEB_18-300x300.jpg\" class=\"attachment-woocommerce_thumbnail size-woocommerce_thumbnail\" alt=\"\" srcset=\"https:\/\/fundaciosetba.org\/wp-content\/uploads\/2023\/07\/2023-07_Natura-es-Cultura-Taller-de-dansa_WEB_18-300x300.jpg 300w, https:\/\/fundaciosetba.org\/wp-content\/uploads\/2023\/07\/2023-07_Natura-es-Cultura-Taller-de-dansa_WEB_18-150x150.jpg 150w\" sizes=\"auto, (max-width: 300px) 100vw, 300px\" \/><\/div><div class=\"w-gallery-item-meta\"><div class=\"w-gallery-item-title\">\u00a9 Laura G\u00e1lvez-Rhein. Natura \u00e9s Cultura 2023. Activitat dansa. Maria Ribera.<\/div><\/div><a class=\"w-gallery-item-link\" aria-label=\"\u00a9 Laura G\u00e1lvez-Rhein. Natura \u00e9s Cultura 2023. Activitat dansa. Maria Ribera.\" href=\"https:\/\/fundaciosetba.org\/wp-content\/uploads\/2023\/07\/2023-07_Natura-es-Cultura-Taller-de-dansa_WEB_18.jpg\" title=\"\u00a9 Laura G\u00e1lvez-Rhein. Natura \u00e9s Cultura 2023. Activitat dansa. Maria Ribera.\"><\/a><\/div><div class=\"w-gallery-item\"><div class=\"w-gallery-item-img\"><img loading=\"lazy\" decoding=\"async\" width=\"300\" height=\"300\" src=\"https:\/\/fundaciosetba.org\/wp-content\/uploads\/2023\/07\/2023-07_Natura-es-Cultura-Taller-de-dansa_WEB_20-300x300.jpg\" class=\"attachment-woocommerce_thumbnail size-woocommerce_thumbnail\" alt=\"\" srcset=\"https:\/\/fundaciosetba.org\/wp-content\/uploads\/2023\/07\/2023-07_Natura-es-Cultura-Taller-de-dansa_WEB_20-300x300.jpg 300w, https:\/\/fundaciosetba.org\/wp-content\/uploads\/2023\/07\/2023-07_Natura-es-Cultura-Taller-de-dansa_WEB_20-150x150.jpg 150w\" sizes=\"auto, (max-width: 300px) 100vw, 300px\" \/><\/div><div class=\"w-gallery-item-meta\"><div class=\"w-gallery-item-title\">\u00a9 Laura G\u00e1lvez-Rhein. Natura \u00e9s Cultura 2023. Activitat dansa. Maria Ribera.<\/div><\/div><a class=\"w-gallery-item-link\" aria-label=\"\u00a9 Laura G\u00e1lvez-Rhein. Natura \u00e9s Cultura 2023. Activitat dansa. Maria Ribera.\" href=\"https:\/\/fundaciosetba.org\/wp-content\/uploads\/2023\/07\/2023-07_Natura-es-Cultura-Taller-de-dansa_WEB_20.jpg\" title=\"\u00a9 Laura G\u00e1lvez-Rhein. Natura \u00e9s Cultura 2023. Activitat dansa. Maria Ribera.\"><\/a><\/div><div class=\"w-gallery-item\"><div class=\"w-gallery-item-img\"><img loading=\"lazy\" decoding=\"async\" width=\"300\" height=\"300\" src=\"https:\/\/fundaciosetba.org\/wp-content\/uploads\/2023\/07\/2023-07_Natura-es-Cultura-Taller-de-dansa_WEB_21-300x300.jpg\" class=\"attachment-woocommerce_thumbnail size-woocommerce_thumbnail\" alt=\"\" srcset=\"https:\/\/fundaciosetba.org\/wp-content\/uploads\/2023\/07\/2023-07_Natura-es-Cultura-Taller-de-dansa_WEB_21-300x300.jpg 300w, https:\/\/fundaciosetba.org\/wp-content\/uploads\/2023\/07\/2023-07_Natura-es-Cultura-Taller-de-dansa_WEB_21-150x150.jpg 150w\" sizes=\"auto, (max-width: 300px) 100vw, 300px\" \/><\/div><div class=\"w-gallery-item-meta\"><div class=\"w-gallery-item-title\">\u00a9 Laura G\u00e1lvez-Rhein. Natura \u00e9s Cultura 2023. Activitat dansa. Maria Ribera.<\/div><\/div><a class=\"w-gallery-item-link\" aria-label=\"\u00a9 Laura G\u00e1lvez-Rhein. Natura \u00e9s Cultura 2023. Activitat dansa. Maria Ribera.\" href=\"https:\/\/fundaciosetba.org\/wp-content\/uploads\/2023\/07\/2023-07_Natura-es-Cultura-Taller-de-dansa_WEB_21.jpg\" title=\"\u00a9 Laura G\u00e1lvez-Rhein. Natura \u00e9s Cultura 2023. Activitat dansa. Maria Ribera.\"><\/a><\/div><div class=\"w-gallery-item\"><div class=\"w-gallery-item-img\"><img loading=\"lazy\" decoding=\"async\" width=\"300\" height=\"300\" src=\"https:\/\/fundaciosetba.org\/wp-content\/uploads\/2023\/07\/2023-07_Natura-es-Cultura-Taller-de-dansa_WEB_24-300x300.jpg\" class=\"attachment-woocommerce_thumbnail size-woocommerce_thumbnail\" alt=\"\" srcset=\"https:\/\/fundaciosetba.org\/wp-content\/uploads\/2023\/07\/2023-07_Natura-es-Cultura-Taller-de-dansa_WEB_24-300x300.jpg 300w, https:\/\/fundaciosetba.org\/wp-content\/uploads\/2023\/07\/2023-07_Natura-es-Cultura-Taller-de-dansa_WEB_24-150x150.jpg 150w\" sizes=\"auto, (max-width: 300px) 100vw, 300px\" \/><\/div><div class=\"w-gallery-item-meta\"><div class=\"w-gallery-item-title\">\u00a9 Laura G\u00e1lvez-Rhein. Natura \u00e9s Cultura 2023. Activitat dansa. Maria Ribera.<\/div><\/div><a class=\"w-gallery-item-link\" aria-label=\"\u00a9 Laura G\u00e1lvez-Rhein. Natura \u00e9s Cultura 2023. Activitat dansa. Maria Ribera.\" href=\"https:\/\/fundaciosetba.org\/wp-content\/uploads\/2023\/07\/2023-07_Natura-es-Cultura-Taller-de-dansa_WEB_24.jpg\" title=\"\u00a9 Laura G\u00e1lvez-Rhein. Natura \u00e9s Cultura 2023. Activitat dansa. Maria Ribera.\"><\/a><\/div><div class=\"w-gallery-item\"><div class=\"w-gallery-item-img\"><img loading=\"lazy\" decoding=\"async\" width=\"300\" height=\"300\" src=\"https:\/\/fundaciosetba.org\/wp-content\/uploads\/2023\/07\/2023-07_Natura-es-Cultura-Taller-de-dansa_WEB_30-300x300.jpg\" class=\"attachment-woocommerce_thumbnail size-woocommerce_thumbnail\" alt=\"\" srcset=\"https:\/\/fundaciosetba.org\/wp-content\/uploads\/2023\/07\/2023-07_Natura-es-Cultura-Taller-de-dansa_WEB_30-300x300.jpg 300w, https:\/\/fundaciosetba.org\/wp-content\/uploads\/2023\/07\/2023-07_Natura-es-Cultura-Taller-de-dansa_WEB_30-150x150.jpg 150w\" sizes=\"auto, (max-width: 300px) 100vw, 300px\" \/><\/div><div class=\"w-gallery-item-meta\"><div class=\"w-gallery-item-title\">\u00a9 Laura G\u00e1lvez-Rhein. Natura \u00e9s Cultura 2023. Activitat dansa. Maria Ribera.<\/div><\/div><a class=\"w-gallery-item-link\" aria-label=\"\u00a9 Laura G\u00e1lvez-Rhein. Natura \u00e9s Cultura 2023. Activitat dansa. Maria Ribera.\" href=\"https:\/\/fundaciosetba.org\/wp-content\/uploads\/2023\/07\/2023-07_Natura-es-Cultura-Taller-de-dansa_WEB_30.jpg\" title=\"\u00a9 Laura G\u00e1lvez-Rhein. Natura \u00e9s Cultura 2023. Activitat dansa. Maria Ribera.\"><\/a><\/div><\/div><\/div>\n","protected":false},"excerpt":{"rendered":"<p>Durante cinco d\u00edas los usuarios y usuarias descubren el arte de la danza con la bailarina y psic\u00f3loga Maria Ribera, en Cal Gras, dentro del proyecto Natura es Cultura dirigido por el artista Quim Moya<\/p>\n","protected":false},"author":1,"featured_media":34273,"comment_status":"closed","ping_status":"closed","sticky":false,"template":"","format":"standard","meta":{"footnotes":""},"categories":[1355],"tags":[],"class_list":["post-34317","post","type-post","status-publish","format-standard","has-post-thumbnail","hentry","category-naturaleza-es-cultura"],"_links":{"self":[{"href":"https:\/\/fundaciosetba.org\/es\/wp-json\/wp\/v2\/posts\/34317","targetHints":{"allow":["GET"]}}],"collection":[{"href":"https:\/\/fundaciosetba.org\/es\/wp-json\/wp\/v2\/posts"}],"about":[{"href":"https:\/\/fundaciosetba.org\/es\/wp-json\/wp\/v2\/types\/post"}],"author":[{"embeddable":true,"href":"https:\/\/fundaciosetba.org\/es\/wp-json\/wp\/v2\/users\/1"}],"replies":[{"embeddable":true,"href":"https:\/\/fundaciosetba.org\/es\/wp-json\/wp\/v2\/comments?post=34317"}],"version-history":[{"count":1,"href":"https:\/\/fundaciosetba.org\/es\/wp-json\/wp\/v2\/posts\/34317\/revisions"}],"predecessor-version":[{"id":34331,"href":"https:\/\/fundaciosetba.org\/es\/wp-json\/wp\/v2\/posts\/34317\/revisions\/34331"}],"wp:featuredmedia":[{"embeddable":true,"href":"https:\/\/fundaciosetba.org\/es\/wp-json\/wp\/v2\/media\/34273"}],"wp:attachment":[{"href":"https:\/\/fundaciosetba.org\/es\/wp-json\/wp\/v2\/media?parent=34317"}],"wp:term":[{"taxonomy":"category","embeddable":true,"href":"https:\/\/fundaciosetba.org\/es\/wp-json\/wp\/v2\/categories?post=34317"},{"taxonomy":"post_tag","embeddable":true,"href":"https:\/\/fundaciosetba.org\/es\/wp-json\/wp\/v2\/tags?post=34317"}],"curies":[{"name":"wp","href":"https:\/\/api.w.org\/{rel}","templated":true}]}}