{"id":34329,"date":"2023-07-18T10:36:31","date_gmt":"2023-07-18T09:36:31","guid":{"rendered":"https:\/\/fundaciosetba.org\/la-fundacion-privada-horitzo-del-bergueda-y-la-fundacion-vidal-i-barraquer-seleccionadas-para-participar-en-el-proyecto-natura-es-cultura-2023\/"},"modified":"2023-07-18T11:04:15","modified_gmt":"2023-07-18T10:04:15","slug":"la-fundacion-privada-horitzo-del-bergueda-y-la-fundacion-vidal-i-barraquer-seleccionadas-para-participar-en-el-proyecto-natura-es-cultura-2023","status":"publish","type":"post","link":"https:\/\/fundaciosetba.org\/es\/la-fundacion-privada-horitzo-del-bergueda-y-la-fundacion-vidal-i-barraquer-seleccionadas-para-participar-en-el-proyecto-natura-es-cultura-2023\/","title":{"rendered":"La Fundaci\u00f3n Privada Horitz\u00f3 del Bergued\u00e0 y la Fundaci\u00f3n Vidal i Barraquer, seleccionadas para participar en el proyecto Natura es Cultura 2023"},"content":{"rendered":"<p>Por duod\u00e9cimo a\u00f1o consecutivo, la Fundaci\u00f3n Setba ha organizado el proyecto <em>Natura es Cultura<\/em> para <strong>entidades de salud mental<\/strong> de Catalu\u00f1a. Esta iniciativa <strong>ofrece una oportunidad art\u00edstica \u00fanica<\/strong> , dirigida por el artista <a href=\"https:\/\/quimmoyalivepainting.wordpress.com\/\">Quim Moya<\/a> , con la colaboraci\u00f3n del ingeniero forestal Ignasi Vilarasau y la psic\u00f3loga y bailarina Maria Ribera.<\/p>\n<p>Entre todas las entidades que se presentaron a la convocatoria, se han seleccionado dos mediante un sistema de selecci\u00f3n aleatoria. Las dos entidades escogidas han sido la <a href=\"https:\/\/horitzobergueda.org\/\">Fundaci\u00f3n Privada Horitz\u00f3 del Bergued\u00e0<\/a> , de Berga, y la <a href=\"https:\/\/www.fvb.cat\/\">Fundaci\u00f3n Vidal i Barraquer<\/a> , de Barcelona.<\/p>\n<p>El proyecto <strong>se llevar\u00e1 a cabo durante las dos \u00faltimas semanas de septiembre<\/strong> de 2023 en la residencia de artistas <a href=\"https:\/\/calgras.cat\/\">Cal Gras de Aviny\u00f3<\/a> , en el Bages. El objetivo principal es <strong>establecer un v\u00ednculo entre los usuarios y el entorno mediante el <em>Land Art<\/em><\/strong> , descubrir el azar y el juego como mecanismos para la creaci\u00f3n art\u00edstica y compartir con otras personas la experiencia de aprender. Todas las actividades programadas est\u00e1n pensadas con una <strong>mirada ambiental<\/strong> .<\/p>\n<p>En la edici\u00f3n del a\u00f1o pasado, gracias a este proyecto, la Fundaci\u00f3n Setba particip\u00f3 por primera vez en el <a href=\"https:\/\/www.artigavarres.cat\/\">Festival Art&amp;Gavarres<\/a> con la instalaci\u00f3n &#8220;Caminants&#8221;, formada por las 15 piezas trabajadas por las 3 entidades participantes.<\/p>\n<p><strong>VIDEO resumen del proyecto 2022:<\/strong><\/p>\n<p><iframe loading=\"lazy\" title=\"Natura \u00e9s Cultura | Art i salut mental amb Quim Moya\" width=\"640\" height=\"360\" src=\"https:\/\/www.youtube.com\/embed\/RsUQrnVzoW0?feature=oembed\" frameborder=\"0\" allow=\"accelerometer; autoplay; clipboard-write; encrypted-media; gyroscope; picture-in-picture; web-share\" allowfullscreen><\/iframe><\/p>\n<p>Este proyecto est\u00e1 organizado por la Fundaci\u00f3n Setba, con el patrocinio de Bizcabar y Capital Care, Diputaci\u00f3n de Barcelona y Diputaci\u00f3n de Girona, Kimpton Hotel y con la colaboraci\u00f3n de Cal Gras, Pinturas Lepanto y Chocolates Torras. Adem\u00e1s cuenta con el apoyo del Ayuntamiento de Avi\u00f1\u00f3n.<\/p>\n","protected":false},"excerpt":{"rendered":"<p>Esta iniciativa ofrece una oportunidad art\u00edstica \u00fanica, dirigida por el artista Quim Moya, con la colaboraci\u00f3n del ingeniero forestal Ignasi Vilarasau y la psic\u00f3loga y bailarina Maria Ribera.<\/p>\n","protected":false},"author":1,"featured_media":34323,"comment_status":"closed","ping_status":"closed","sticky":false,"template":"","format":"standard","meta":{"footnotes":""},"categories":[1355],"tags":[],"class_list":["post-34329","post","type-post","status-publish","format-standard","has-post-thumbnail","hentry","category-naturaleza-es-cultura"],"_links":{"self":[{"href":"https:\/\/fundaciosetba.org\/es\/wp-json\/wp\/v2\/posts\/34329","targetHints":{"allow":["GET"]}}],"collection":[{"href":"https:\/\/fundaciosetba.org\/es\/wp-json\/wp\/v2\/posts"}],"about":[{"href":"https:\/\/fundaciosetba.org\/es\/wp-json\/wp\/v2\/types\/post"}],"author":[{"embeddable":true,"href":"https:\/\/fundaciosetba.org\/es\/wp-json\/wp\/v2\/users\/1"}],"replies":[{"embeddable":true,"href":"https:\/\/fundaciosetba.org\/es\/wp-json\/wp\/v2\/comments?post=34329"}],"version-history":[{"count":1,"href":"https:\/\/fundaciosetba.org\/es\/wp-json\/wp\/v2\/posts\/34329\/revisions"}],"predecessor-version":[{"id":34332,"href":"https:\/\/fundaciosetba.org\/es\/wp-json\/wp\/v2\/posts\/34329\/revisions\/34332"}],"wp:featuredmedia":[{"embeddable":true,"href":"https:\/\/fundaciosetba.org\/es\/wp-json\/wp\/v2\/media\/34323"}],"wp:attachment":[{"href":"https:\/\/fundaciosetba.org\/es\/wp-json\/wp\/v2\/media?parent=34329"}],"wp:term":[{"taxonomy":"category","embeddable":true,"href":"https:\/\/fundaciosetba.org\/es\/wp-json\/wp\/v2\/categories?post=34329"},{"taxonomy":"post_tag","embeddable":true,"href":"https:\/\/fundaciosetba.org\/es\/wp-json\/wp\/v2\/tags?post=34329"}],"curies":[{"name":"wp","href":"https:\/\/api.w.org\/{rel}","templated":true}]}}