{"id":34343,"date":"2023-07-19T12:23:50","date_gmt":"2023-07-19T11:23:50","guid":{"rendered":"https:\/\/fundaciosetba.org\/?p=34343"},"modified":"2023-07-19T12:23:50","modified_gmt":"2023-07-19T11:23:50","slug":"ya-disponible-nuestra-memoria-de-activitadades-2022","status":"publish","type":"post","link":"https:\/\/fundaciosetba.org\/es\/ya-disponible-nuestra-memoria-de-activitadades-2022\/","title":{"rendered":"Ya disponible nuestra memoria de activitadades 2022"},"content":{"rendered":"<p>Recupera o conoce los proyectos y actividades que se han realizado en la Fundaci\u00f3n Setba en 2022. Agradecemos a los artistas, entidades, empresas e instituciones que han hecho posible, un a\u00f1o m\u00e1s, que la cultura llegue a todos.<\/p>\n<p><a href=\"https:\/\/fundaciosetba.org\/wp-content\/uploads\/2023\/06\/Memoria-Fundacion-Setba-2022_digital_pliego_ES_web.pdf\"><img loading=\"lazy\" decoding=\"async\" class=\"aligncenter wp-image-34336 size-us_600_400\" src=\"https:\/\/fundaciosetba.org\/wp-content\/uploads\/2023\/07\/psd_706-600x400.jpg\" alt=\"\" width=\"600\" height=\"400\" srcset=\"https:\/\/fundaciosetba.org\/wp-content\/uploads\/2023\/07\/psd_706-600x400.jpg 600w, https:\/\/fundaciosetba.org\/wp-content\/uploads\/2023\/07\/psd_706-300x200.jpg 300w, https:\/\/fundaciosetba.org\/wp-content\/uploads\/2023\/07\/psd_706-1024x683.jpg 1024w, https:\/\/fundaciosetba.org\/wp-content\/uploads\/2023\/07\/psd_706-150x100.jpg 150w\" sizes=\"auto, (max-width: 600px) 100vw, 600px\" \/><\/a><\/p>\n<p style=\"text-align: center;\"><a href=\"https:\/\/fundaciosetba.org\/wp-content\/uploads\/2023\/06\/Memoria-Fundacion-Setba-2022_digital_pliego_ES_web.pdf\"><strong>Ver memoria de actividades<\/strong><\/a><\/p>\n<p>&nbsp;<\/p>\n<p><strong>Carta del presidente<\/strong><\/p>\n<p>Muchas veces decimos que una imagen vale m\u00e1s que mil palabras. Es por eso que este 2022 hemos impulsado la visibilizaci\u00f3n de nuestros proyectos a trav\u00e9s de<br \/>\ndiversas acciones, como la gala del Premio Setba; las presentaciones del fotolibro BRIANS. Mujeres invisibles, que hemos hecho en Barcelona, Valencia y Madrid;<br \/>\nla participaci\u00f3n en el festival internacional de arte terrestre Art &amp; Gavarres, y la realizaci\u00f3n de audiovisuales, entre otros.<\/p>\n<p>Visibilizamos nuestro trabajo para sensibilizar a la poblaci\u00f3n ante las realidades que est\u00e1n escondidas, para luchar contra el estigma que sufren muchas personas y para demostrar que la cultura es una poderosa herramienta de transformaci\u00f3n social. Estos son los objetivos que comparten entre s\u00ed todos los proyectos que desarrollamos en la Fundaci\u00f3 Setba.<\/p>\n<p>En esta memoria de actividades destacamos los impactos cuantitativos, pero tambi\u00e9n los cualitativos, de los proyectos, aunque \u00e9stos sean m\u00e1s dif\u00edciles de medir. Estos son los que nos impulsan a seguir contribuyendo para una sociedad m\u00e1s inclusiva a trav\u00e9s del arte y la cultura, como el orgullo que siente el artista Daniel Temporal por las entrevistas que le han hecho en la radio y en la televisi\u00f3n despu\u00e9s de ganar el Premio Setba; la satisfacci\u00f3n de unos padres para que su hijo, que convive con trastornos mentales, haya participado en el festival de land art de Gerona; la felicidad de los j\u00f3venes del Centre Educatiu de Just\u00edcia Juvenil Montilivi al conocer al jugador del Girona FC Ibrahim Keb\u00e9, cuyo rostro inmortalizaron en el muro del centro; la emoci\u00f3n de Thalita, protagonista de la portada del fotolibro, cuando le lleg\u00f3 un ejemplar a su casa, en Brasil, donde regres\u00f3 tras salir del centro penitenciario Brians 1. \u00bfC\u00f3mo se demuestra lo intangible? Esperamos que las im\u00e1genes de esta memoria sirvan para mostrarlo.<\/p>\n<p>Los proyectos no los hacemos solos. Contamos con grandes artistas: Laura Klamburg, Quim Moya, Rice y Marta F\u00e0bregas, y con el apoyo de instituciones, como la Generalitat de Catalunya, la Diputaci\u00f3n de Barcelona y el Ayuntamiento de Barcelona, que conf\u00edan en nosotros, as\u00ed como entidades privadas, como Bizcabar, Capital Care, Cementos Molinos y Obra Social &#8220;la Caixa&#8221;. Y este 2022 hemos empezado a trabajar una l\u00ednea estrat\u00e9gica marcada por el patronato de la Fundaci\u00f3n: generar recursos propios, rentabilizando los proyectos con actividades econ\u00f3micas como la venta del fotolibro.<\/p>\n<p>Quisiera terminar como he empezado, para la visibilizaci\u00f3n de nuestro trabajo. Os invito a contemplar las im\u00e1genes de esta memoria y a visitar nuestro canal de<br \/>\nYouTube, donde encontrar\u00e9is todas las piezas audiovisuales que hemos creado, varios v\u00eddeos que resumen en pocos minutos nuestros proyectos en im\u00e1genes y<br \/>\nentrevistas a participantes y artistas. \u00a1Lo que no se ve no existe!<\/p>\n<p>Dario Olaortua, presidente de la Fundaci\u00f3n Setba<\/p>\n","protected":false},"excerpt":{"rendered":"<p>Recupera o conoce los proyectos y actividades que se han realizado en la Fundaci\u00f3n Setba en 2022. Agradecemos a los artistas, entidades, empresas e instituciones que han hecho posible, un a\u00f1o m\u00e1s, que la cultura llegue a todos.\u00a0<\/p>\n","protected":false},"author":1,"featured_media":34339,"comment_status":"closed","ping_status":"closed","sticky":false,"template":"","format":"standard","meta":{"footnotes":""},"categories":[1354],"tags":[],"class_list":["post-34343","post","type-post","status-publish","format-standard","has-post-thumbnail","hentry","category-noticias-relacionadas"],"_links":{"self":[{"href":"https:\/\/fundaciosetba.org\/es\/wp-json\/wp\/v2\/posts\/34343","targetHints":{"allow":["GET"]}}],"collection":[{"href":"https:\/\/fundaciosetba.org\/es\/wp-json\/wp\/v2\/posts"}],"about":[{"href":"https:\/\/fundaciosetba.org\/es\/wp-json\/wp\/v2\/types\/post"}],"author":[{"embeddable":true,"href":"https:\/\/fundaciosetba.org\/es\/wp-json\/wp\/v2\/users\/1"}],"replies":[{"embeddable":true,"href":"https:\/\/fundaciosetba.org\/es\/wp-json\/wp\/v2\/comments?post=34343"}],"version-history":[{"count":1,"href":"https:\/\/fundaciosetba.org\/es\/wp-json\/wp\/v2\/posts\/34343\/revisions"}],"predecessor-version":[{"id":34344,"href":"https:\/\/fundaciosetba.org\/es\/wp-json\/wp\/v2\/posts\/34343\/revisions\/34344"}],"wp:featuredmedia":[{"embeddable":true,"href":"https:\/\/fundaciosetba.org\/es\/wp-json\/wp\/v2\/media\/34339"}],"wp:attachment":[{"href":"https:\/\/fundaciosetba.org\/es\/wp-json\/wp\/v2\/media?parent=34343"}],"wp:term":[{"taxonomy":"category","embeddable":true,"href":"https:\/\/fundaciosetba.org\/es\/wp-json\/wp\/v2\/categories?post=34343"},{"taxonomy":"post_tag","embeddable":true,"href":"https:\/\/fundaciosetba.org\/es\/wp-json\/wp\/v2\/tags?post=34343"}],"curies":[{"name":"wp","href":"https:\/\/api.w.org\/{rel}","templated":true}]}}