{"id":34407,"date":"2023-08-07T10:17:41","date_gmt":"2023-08-07T09:17:41","guid":{"rendered":"https:\/\/fundaciosetba.org\/maria-ribera-directora-artistica-de-la-actividad-de-danza-del-proyecto-natura-es-cultura\/"},"modified":"2023-08-07T10:42:46","modified_gmt":"2023-08-07T09:42:46","slug":"maria-ribera-directora-artistica-de-la-actividad-de-danza-del-proyecto-natura-es-cultura","status":"publish","type":"post","link":"https:\/\/fundaciosetba.org\/es\/maria-ribera-directora-artistica-de-la-actividad-de-danza-del-proyecto-natura-es-cultura\/","title":{"rendered":"Maria Ribera, directora art\u00edstica de la actividad de danza del proyecto Natura es Cultura"},"content":{"rendered":"<p>Os presentamos a la directora art\u00edstica de la actividad de danza del proyecto &#8216;Naturaleza es Cultura&#8217;. Ella es la bailarina y psic\u00f3loga Mar\u00eda Ribera.<\/p>\n<p>Esta actividad tiene por objetivo final la <strong>cocreaci\u00f3n de una pieza de danza inclusiva<\/strong>, que se presentar\u00e1 a la inauguraci\u00f3n del festival de land art <a href=\"https:\/\/www.artigavarres.cat\/\">Arte &amp; Gavarres<\/a> el 4 de septiembre de 2023 al <a href=\"https:\/\/web.girona.cat\/ccm\">Centro Cultural la Merc\u00e8 de Girona<\/a>, y en la gala del Premio Setba, el 18 de septiembre de 2023 en el <a href=\"https:\/\/caixaforum.org\/es\/barcelona\">CaixaForum<\/a>. La pieza que lleva el nombre de <strong>CAMINANTES quiere evocar en pocos minutos la ternura de que las personas son capaces de tener hacia la naturaleza.<\/strong> Habla de cruzar l\u00edmites, reconocer las diferencias y tambi\u00e9n superarlas.<\/p>\n<figure id=\"attachment_34360\" aria-describedby=\"caption-attachment-34360\" style=\"width: 600px\" class=\"wp-caption aligncenter\"><img loading=\"lazy\" decoding=\"async\" class=\"size-us_600_400 wp-image-34358\" src=\"https:\/\/fundaciosetba.org\/wp-content\/uploads\/2021\/11\/2023-07_Natura-es-Cultura-Taller-de-dansa_WEB_17-600x400.jpg\" alt=\"\" width=\"600\" height=\"400\" srcset=\"https:\/\/fundaciosetba.org\/wp-content\/uploads\/2021\/11\/2023-07_Natura-es-Cultura-Taller-de-dansa_WEB_17-600x401.jpg 600w, https:\/\/fundaciosetba.org\/wp-content\/uploads\/2021\/11\/2023-07_Natura-es-Cultura-Taller-de-dansa_WEB_17-300x200.jpg 300w, https:\/\/fundaciosetba.org\/wp-content\/uploads\/2021\/11\/2023-07_Natura-es-Cultura-Taller-de-dansa_WEB_17-1024x684.jpg 1024w, https:\/\/fundaciosetba.org\/wp-content\/uploads\/2021\/11\/2023-07_Natura-es-Cultura-Taller-de-dansa_WEB_17-150x100.jpg 150w, https:\/\/fundaciosetba.org\/wp-content\/uploads\/2021\/11\/2023-07_Natura-es-Cultura-Taller-de-dansa_WEB_17.jpg 1920w\" sizes=\"auto, (max-width: 600px) 100vw, 600px\" \/><figcaption id=\"caption-attachment-34360\" class=\"wp-caption-text\">\u00a9 Laura G\u00e1lvez-Rhein<\/figcaption><\/figure>\n<p>&nbsp;<\/p>\n<p>i\ufe0f <strong>Pero \u00bfqui\u00e9n es Maria Ribera?<\/strong><\/p>\n<p>Artista y psic\u00f3loga. Lleva acompa\u00f1ando grupos en la pr\u00e1ctica del cuerpo en movimiento, la investigaci\u00f3n y la creaci\u00f3n desde 2003.<\/p>\n<p>Ha trabajado para diferentes entidades sociales y culturales, fundaciones, escuelas, ayuntamientos con proyectos de arte comunitario que enlazan la formaci\u00f3n y la transformaci\u00f3n personal a trav\u00e9s del arte de la danza. La inclusi\u00f3n social es un eje en los grupos que conduce.<\/p>\n<p>Ha investigado desde 2007 el uso del lenguaje corporal y la participaci\u00f3n del cuerpo en el aula durante la primera infancia para fines pedag\u00f3gicos de curr\u00edculo general y tambi\u00e9n como vinculaci\u00f3n del ni\u00f1o con la danza, como por ejemplo ni\u00f1os con sordera prematura y\/o neuronal. Ha transmitido y sigue transmitiendo este conocimiento en una formaci\u00f3n sobre este \u00e1mbito a maestros de infantil, primaria y profesores de secundaria.<\/p>\n<p>Como artista le gusta experimentar con diversos lenguajes: corporal, pl\u00e1stico y verbal. Desde 2008 presenta sus piezas personales de danza donde su investigaci\u00f3n art\u00edstica y la pr\u00e1ctica docente tienen como nodo la relaci\u00f3n entre fen\u00f3menos y personas, la naturaleza y mundo humano, el t\u00fa y el yo, el nosotros y el vosotros. La improvisaci\u00f3n instant\u00e1nea es un eje vertebral que le permite seguir haci\u00e9ndose preguntas. Trata de crear espacios que permitan el intercambio, donde las personas, las cosas y los fen\u00f3menos se puedan encontrar y relacionarse y, en consecuencia transformarse mutuamente.<\/p>\n<p>Form\u00f3 parte del equipo art\u00edstico del Festival Batecs de danza en Manresa durante los a\u00f1os 2018 y 2019, actualmente apoyando la programaci\u00f3n y colabora con el Centro penitenciario Lledoners acompa\u00f1ando a un residente.<\/p>\n<p>Despu\u00e9s de ser madre, ha vuelto a acompa\u00f1ar a personas individuales a encontrarse consigo mismas, a poder conectar con la belleza, la verdad, la alegr\u00eda y el movimiento que hay en su impulso vital.<\/p>\n<div class=\"w-gallery fit_cover wp_gallery type_grid action_popup_image ratio_1x1 count_6\" style=\"--columns:3;--items-gap:8px;\"><div class=\"w-gallery-list\"><div class=\"w-gallery-item\"><div class=\"w-gallery-item-img\"><img loading=\"lazy\" decoding=\"async\" width=\"150\" height=\"150\" src=\"https:\/\/fundaciosetba.org\/wp-content\/uploads\/2023\/08\/6-150x150.png\" class=\"attachment-thumbnail size-thumbnail\" alt=\"\" srcset=\"https:\/\/fundaciosetba.org\/wp-content\/uploads\/2023\/08\/6-150x150.png 150w, https:\/\/fundaciosetba.org\/wp-content\/uploads\/2023\/08\/6-300x300.png 300w\" sizes=\"auto, (max-width: 150px) 100vw, 150px\" \/><\/div><a class=\"w-gallery-item-link\" aria-label=\"6\" href=\"https:\/\/fundaciosetba.org\/wp-content\/uploads\/2023\/08\/6.png\" title=\"6\"><\/a><\/div><div class=\"w-gallery-item\"><div class=\"w-gallery-item-img\"><img loading=\"lazy\" decoding=\"async\" width=\"150\" height=\"150\" src=\"https:\/\/fundaciosetba.org\/wp-content\/uploads\/2023\/08\/maria-ribera-150x150.jpg\" class=\"attachment-thumbnail size-thumbnail\" alt=\"\" srcset=\"https:\/\/fundaciosetba.org\/wp-content\/uploads\/2023\/08\/maria-ribera-150x150.jpg 150w, https:\/\/fundaciosetba.org\/wp-content\/uploads\/2023\/08\/maria-ribera-300x300.jpg 300w\" sizes=\"auto, (max-width: 150px) 100vw, 150px\" \/><\/div><a class=\"w-gallery-item-link\" aria-label=\"maria ribera\" href=\"https:\/\/fundaciosetba.org\/wp-content\/uploads\/2023\/08\/maria-ribera-scaled.jpg\" title=\"maria ribera\"><\/a><\/div><div class=\"w-gallery-item\"><div class=\"w-gallery-item-img\"><img loading=\"lazy\" decoding=\"async\" width=\"150\" height=\"150\" src=\"https:\/\/fundaciosetba.org\/wp-content\/uploads\/2023\/08\/maria-ribera2-150x150.jpg\" class=\"attachment-thumbnail size-thumbnail\" alt=\"\" srcset=\"https:\/\/fundaciosetba.org\/wp-content\/uploads\/2023\/08\/maria-ribera2-150x150.jpg 150w, https:\/\/fundaciosetba.org\/wp-content\/uploads\/2023\/08\/maria-ribera2-300x300.jpg 300w\" sizes=\"auto, (max-width: 150px) 100vw, 150px\" \/><\/div><a class=\"w-gallery-item-link\" aria-label=\"maria ribera2\" href=\"https:\/\/fundaciosetba.org\/wp-content\/uploads\/2023\/08\/maria-ribera2-scaled.jpg\" title=\"maria ribera2\"><\/a><\/div><div class=\"w-gallery-item\"><div class=\"w-gallery-item-img\"><img loading=\"lazy\" decoding=\"async\" width=\"150\" height=\"150\" src=\"https:\/\/fundaciosetba.org\/wp-content\/uploads\/2023\/08\/maria-ribera3-150x150.jpg\" class=\"attachment-thumbnail size-thumbnail\" alt=\"\" srcset=\"https:\/\/fundaciosetba.org\/wp-content\/uploads\/2023\/08\/maria-ribera3-150x150.jpg 150w, https:\/\/fundaciosetba.org\/wp-content\/uploads\/2023\/08\/maria-ribera3-300x300.jpg 300w\" sizes=\"auto, (max-width: 150px) 100vw, 150px\" \/><\/div><a class=\"w-gallery-item-link\" aria-label=\"maria ribera3\" href=\"https:\/\/fundaciosetba.org\/wp-content\/uploads\/2023\/08\/maria-ribera3-scaled.jpg\" title=\"maria ribera3\"><\/a><\/div><div class=\"w-gallery-item\"><div class=\"w-gallery-item-img\"><img loading=\"lazy\" decoding=\"async\" width=\"150\" height=\"150\" src=\"https:\/\/fundaciosetba.org\/wp-content\/uploads\/2023\/08\/maria-ribera4-150x150.jpg\" class=\"attachment-thumbnail size-thumbnail\" alt=\"\" srcset=\"https:\/\/fundaciosetba.org\/wp-content\/uploads\/2023\/08\/maria-ribera4-150x150.jpg 150w, https:\/\/fundaciosetba.org\/wp-content\/uploads\/2023\/08\/maria-ribera4-300x300.jpg 300w\" sizes=\"auto, (max-width: 150px) 100vw, 150px\" \/><\/div><a class=\"w-gallery-item-link\" aria-label=\"maria ribera4\" href=\"https:\/\/fundaciosetba.org\/wp-content\/uploads\/2023\/08\/maria-ribera4.jpg\" title=\"maria ribera4\"><\/a><\/div><div class=\"w-gallery-item\"><div class=\"w-gallery-item-img\"><img loading=\"lazy\" decoding=\"async\" width=\"150\" height=\"150\" src=\"https:\/\/fundaciosetba.org\/wp-content\/uploads\/2023\/08\/maria-ribera5-150x150.jpg\" class=\"attachment-thumbnail size-thumbnail\" alt=\"\" srcset=\"https:\/\/fundaciosetba.org\/wp-content\/uploads\/2023\/08\/maria-ribera5-150x150.jpg 150w, https:\/\/fundaciosetba.org\/wp-content\/uploads\/2023\/08\/maria-ribera5-300x300.jpg 300w\" sizes=\"auto, (max-width: 150px) 100vw, 150px\" \/><\/div><a class=\"w-gallery-item-link\" aria-label=\"maria ribera5\" href=\"https:\/\/fundaciosetba.org\/wp-content\/uploads\/2023\/08\/maria-ribera5-scaled.jpg\" title=\"maria ribera5\"><\/a><\/div><\/div><\/div>\n<p>&nbsp;<\/p>\n","protected":false},"excerpt":{"rendered":"<p>Esta actividad tiene por objetivo final la cocreaci\u00f3n de una pieza de danza inclusiva, que se presentar\u00e1 a la inauguraci\u00f3n del festival de land art Art &amp; Gavarres el 4 de septiembre de 2023 en el Centro Cultural la Merc\u00e8 de Girona, y en la gala del Premio Setba, el 18 de septiembre de 2023 en el CaixaForum.<\/p>\n","protected":false},"author":1,"featured_media":34405,"comment_status":"closed","ping_status":"closed","sticky":false,"template":"","format":"standard","meta":{"footnotes":""},"categories":[1242],"tags":[],"class_list":["post-34407","post","type-post","status-publish","format-standard","has-post-thumbnail","hentry","category-natura-es-cultura-2"],"_links":{"self":[{"href":"https:\/\/fundaciosetba.org\/es\/wp-json\/wp\/v2\/posts\/34407","targetHints":{"allow":["GET"]}}],"collection":[{"href":"https:\/\/fundaciosetba.org\/es\/wp-json\/wp\/v2\/posts"}],"about":[{"href":"https:\/\/fundaciosetba.org\/es\/wp-json\/wp\/v2\/types\/post"}],"author":[{"embeddable":true,"href":"https:\/\/fundaciosetba.org\/es\/wp-json\/wp\/v2\/users\/1"}],"replies":[{"embeddable":true,"href":"https:\/\/fundaciosetba.org\/es\/wp-json\/wp\/v2\/comments?post=34407"}],"version-history":[{"count":1,"href":"https:\/\/fundaciosetba.org\/es\/wp-json\/wp\/v2\/posts\/34407\/revisions"}],"predecessor-version":[{"id":34408,"href":"https:\/\/fundaciosetba.org\/es\/wp-json\/wp\/v2\/posts\/34407\/revisions\/34408"}],"wp:featuredmedia":[{"embeddable":true,"href":"https:\/\/fundaciosetba.org\/es\/wp-json\/wp\/v2\/media\/34405"}],"wp:attachment":[{"href":"https:\/\/fundaciosetba.org\/es\/wp-json\/wp\/v2\/media?parent=34407"}],"wp:term":[{"taxonomy":"category","embeddable":true,"href":"https:\/\/fundaciosetba.org\/es\/wp-json\/wp\/v2\/categories?post=34407"},{"taxonomy":"post_tag","embeddable":true,"href":"https:\/\/fundaciosetba.org\/es\/wp-json\/wp\/v2\/tags?post=34407"}],"curies":[{"name":"wp","href":"https:\/\/api.w.org\/{rel}","templated":true}]}}