{"id":34423,"date":"2023-08-17T14:50:05","date_gmt":"2023-08-17T13:50:05","guid":{"rendered":"https:\/\/fundaciosetba.org\/la-xiii-gala-del-premio-setba-se-celebrara-en-el-caixaforum\/"},"modified":"2023-08-18T11:37:00","modified_gmt":"2023-08-18T10:37:00","slug":"la-xiii-gala-del-premio-setba-se-celebrara-en-el-caixaforum","status":"publish","type":"post","link":"https:\/\/fundaciosetba.org\/es\/la-xiii-gala-del-premio-setba-se-celebrara-en-el-caixaforum\/","title":{"rendered":"La XIII gala del Premio Setba se celebrar\u00e1 en el CaixaForum"},"content":{"rendered":"<p>La Fundaci\u00f3n Setba tiene el placer de anunciar la celebraci\u00f3n de la decimotercera edici\u00f3n de la gala del Premio Setba, un evento anual que pone de manifiesto el talento art\u00edstico y la creatividad de artistas con discapacidad intelectual. <strong>El evento tendr\u00e1 lugar el 18 de septiembre de 2023, a las 18:30 horas, en el auditorio del CaixaForum Barcelona.<\/strong><\/p>\n<p>El Premio Setba, considerado el certamen m\u00e1s destacado de su g\u00e9nero a nivel estatal, <strong>reconoce y promueve la expresi\u00f3n art\u00edstica de artistas con discapacidad intelectual<\/strong>. Con una dotaci\u00f3n total de 7.900 \u20ac, es un punto de encuentro para los profesionales del arte, entidades y empresas que comparten la misi\u00f3n de visibilizar el talento de estos creadores.<\/p>\n<p><img loading=\"lazy\" decoding=\"async\" class=\"aligncenter wp-image-34411 size-large\" src=\"https:\/\/fundaciosetba.org\/wp-content\/uploads\/2023\/08\/invitacio-premi-setba-2023-fundacio-setba-1024x659.jpg\" alt=\"\" width=\"1024\" height=\"659\" srcset=\"https:\/\/fundaciosetba.org\/wp-content\/uploads\/2023\/08\/invitacio-premi-setba-2023-fundacio-setba-1024x659.jpg 1024w, https:\/\/fundaciosetba.org\/wp-content\/uploads\/2023\/08\/invitacio-premi-setba-2023-fundacio-setba-300x193.jpg 300w, https:\/\/fundaciosetba.org\/wp-content\/uploads\/2023\/08\/invitacio-premi-setba-2023-fundacio-setba-150x97.jpg 150w, https:\/\/fundaciosetba.org\/wp-content\/uploads\/2023\/08\/invitacio-premi-setba-2023-fundacio-setba-600x386.jpg 600w, https:\/\/fundaciosetba.org\/wp-content\/uploads\/2023\/08\/invitacio-premi-setba-2023-fundacio-setba.jpg 1920w\" sizes=\"auto, (max-width: 1024px) 100vw, 1024px\" \/><\/p>\n<p>Durante la gala, <strong>se dar\u00e1n a conocer las doce obras seleccionadas del Premio Setba 2023<\/strong>. Esta edici\u00f3n ha contado con la participaci\u00f3n de 1.460 personas de 85 entidades del sector de la discapacidad intelectual de Catalu\u00f1a, lo que representa un aumento de 11 entidades respecto al a\u00f1o pasado. Tambi\u00e9n se presentar\u00e1 la etiqueta de un nuevo vino de la bodega Lacrima Baccus, obra escogida dentro de las presentadas al certamen.<\/p>\n<p>Una de las emocionantes novedades de esta edici\u00f3n es el <strong>Premio del P\u00fablico.<\/strong> Por primera vez, el p\u00fablico general ha tenido la oportunidad de escoger su obra preferida entre 30 obras seleccionadas por el jurado. Con una participaci\u00f3n de 1.189 personas mediante una plataforma de votaci\u00f3n en l\u00ednea, la obra ganadora se revelar\u00e1 durante la misma gala.<\/p>\n<p>Adem\u00e1s, la gala <strong>presentar\u00e1 las obras escogidas para representar cinco distritos de Barcelona<\/strong>, fruto de una colaboraci\u00f3n con centros c\u00edvicos y realizadas durante el proyecto <em>Magistrales<\/em>. Estos representantes art\u00edsticos locales dan voz a la comunidad y reflejan la diversidad y el tejido social de los barrios, demostrando la relaci\u00f3n estrecha entre el arte y la vida cotidiana.<\/p>\n<p><strong>Un momento destacado de la gala ser\u00e1 la actuaci\u00f3n de danza inclusiva <em>CAMINANTS<\/em><\/strong>, una creaci\u00f3n dirigida por la bailarina y psic\u00f3loga Maria Ribera en colaboraci\u00f3n con usuarios de entidades de salud mental de Catalu\u00f1a. Esta pieza, realizada en el marco del proyecto <em>Natura es Cultura<\/em> de la Fundaci\u00f3n Setba desde 2012, busca capturar la ternura de que las personas son capaces de sentir hacia la naturaleza. A trav\u00e9s de la danza, se explorar\u00e1n temas como los l\u00edmites, las diferencias y la superaci\u00f3n.<\/p>\n<p>Tras la gala, las obras se expondr\u00e1n en la <strong>Pigment Gallery de Barcelona<\/strong>, situada en la Calle Trafalgar, 70, gracias a una colaboraci\u00f3n con el gremio de galer\u00edas de arte de Catalu\u00f1a. La apertura de la exposici\u00f3n ser\u00e1 el d\u00eda 28 de septiembre a las 19:00 horas y estar\u00e1 vigente hasta el domingo 15 de octubre.<\/p>\n<p>V\u00eddeo resumen de la gala de 2022:<\/p>\n<p><iframe loading=\"lazy\" title=\"Aix\u00ed va ser la cerim\u00f2nia dels Premis Setba 2022!\" width=\"640\" height=\"360\" src=\"https:\/\/www.youtube.com\/embed\/ltGcG3UqL90?feature=oembed\" frameborder=\"0\" allow=\"accelerometer; autoplay; clipboard-write; encrypted-media; gyroscope; picture-in-picture; web-share\" allowfullscreen><\/iframe><\/p>\n<p><strong>Para asistir de p\u00fablico, enviar un correo electr\u00f3nico a info@fundaciosetba.org<\/strong>, indicando vuestros nombres y apellidos, as\u00ed como el n\u00famero de personas con las que vendr\u00e9is.<\/p>\n<p>Este evento es posible gracias a la organizaci\u00f3n de la Fundaci\u00f3n Setba y el patrocinio del Ayuntamiento de Barcelona, Bizcabar, Capital Care, en colaboraci\u00f3n con Barna Art, Bardinet, el Gremio de Galer\u00edas de Arte de Catalu\u00f1a, Dincat, el Museo del F\u00fatbol Club Barcelona, Fundaci\u00f3n &#8220;la Caixa&#8221;, IED Barcelona, Pinturas MIR y con el apoyo de la Pigment Gallery, IDEAL y el F\u00fatbol Club Barcelona Genuine.<\/p>\n","protected":false},"excerpt":{"rendered":"<p>El evento anual que pone de manifiesto el talento art\u00edstico y la creatividad de artistas con discapacidad intelectual, tendr\u00e1 lugar el 18 de septiembre de 2023, a las 18:30 horas, en el auditorio del CaixaForum Barcelona.<\/p>\n","protected":false},"author":1,"featured_media":34416,"comment_status":"closed","ping_status":"closed","sticky":false,"template":"","format":"standard","meta":{"footnotes":""},"categories":[1353],"tags":[],"class_list":["post-34423","post","type-post","status-publish","format-standard","has-post-thumbnail","hentry","category-premio-setba-es"],"_links":{"self":[{"href":"https:\/\/fundaciosetba.org\/es\/wp-json\/wp\/v2\/posts\/34423","targetHints":{"allow":["GET"]}}],"collection":[{"href":"https:\/\/fundaciosetba.org\/es\/wp-json\/wp\/v2\/posts"}],"about":[{"href":"https:\/\/fundaciosetba.org\/es\/wp-json\/wp\/v2\/types\/post"}],"author":[{"embeddable":true,"href":"https:\/\/fundaciosetba.org\/es\/wp-json\/wp\/v2\/users\/1"}],"replies":[{"embeddable":true,"href":"https:\/\/fundaciosetba.org\/es\/wp-json\/wp\/v2\/comments?post=34423"}],"version-history":[{"count":1,"href":"https:\/\/fundaciosetba.org\/es\/wp-json\/wp\/v2\/posts\/34423\/revisions"}],"predecessor-version":[{"id":34424,"href":"https:\/\/fundaciosetba.org\/es\/wp-json\/wp\/v2\/posts\/34423\/revisions\/34424"}],"wp:featuredmedia":[{"embeddable":true,"href":"https:\/\/fundaciosetba.org\/es\/wp-json\/wp\/v2\/media\/34416"}],"wp:attachment":[{"href":"https:\/\/fundaciosetba.org\/es\/wp-json\/wp\/v2\/media?parent=34423"}],"wp:term":[{"taxonomy":"category","embeddable":true,"href":"https:\/\/fundaciosetba.org\/es\/wp-json\/wp\/v2\/categories?post=34423"},{"taxonomy":"post_tag","embeddable":true,"href":"https:\/\/fundaciosetba.org\/es\/wp-json\/wp\/v2\/tags?post=34423"}],"curies":[{"name":"wp","href":"https:\/\/api.w.org\/{rel}","templated":true}]}}