{"id":34453,"date":"2023-09-06T14:52:21","date_gmt":"2023-09-06T13:52:21","guid":{"rendered":"https:\/\/fundaciosetba.org\/la-pieza-de-danza-caminantes-arranca-el-festival-de-land-art-art-gavarres\/"},"modified":"2023-09-06T16:22:15","modified_gmt":"2023-09-06T15:22:15","slug":"la-pieza-de-danza-caminantes-arranca-el-festival-de-land-art-art-gavarres","status":"publish","type":"post","link":"https:\/\/fundaciosetba.org\/es\/la-pieza-de-danza-caminantes-arranca-el-festival-de-land-art-art-gavarres\/","title":{"rendered":"La pieza de danza &#8216;Caminantes&#8217; arranca el Festival de &#8216;land art&#8217; Art &amp; Gavarres"},"content":{"rendered":"<p>La sexta edici\u00f3n del Festival Art &amp; Gavarres, que relaciona naturaleza y expresi\u00f3n art\u00edstica, se inicia el 9 de septiembre y se llevar\u00e1 a cabo hasta el 9 de noviembre. Durante estas fechas, las Gavarres se volver\u00e1n a llenar de arte. Siguiendo con el objetivo de sensibilizar a los visitantes sobre la conservaci\u00f3n de este espacio natural protegido, <strong>en esta nueva edici\u00f3n del Festival se ha propuesto a los artistas que reflexionen sobre la sequ\u00eda<\/strong> que nos afecta y sobre las dificultades que tiene la especie humana para hacer un uso racional de los recursos naturales.<\/p>\n<p>Este a\u00f1o, desde la Fundaci\u00f3n Setba, <strong>participamos con la instalaci\u00f3n &#8216;Caminantes&#8217;, creada por usuarios y usuarias de entidades de salud mental participantes del proyecto &#8216;Naturaleza es Cultura&#8217;<\/strong>, dirigido por el artista Quim Moya. Las entidades han sido: Fundaci\u00f3n Ampans, CPB &#8211; Dr. F\u00e0bregas, Fundaci\u00f3n Drissa, Fundaci\u00f3n Vidal i Barraquer y Fundaci\u00f3n Privada Horitz\u00f3 del Bergued\u00e0. Siguiendo el hilo conductor de la sequ\u00eda propuesto por el Festival, <strong>los protagonistas de la instalaci\u00f3n son los troncos de pino carrasco que forman una hilera, en el camino que va hacia el lavadero en busca del agua.<\/strong> Algunas piezas est\u00e1n semi enterradas para dar la sensaci\u00f3n de movimiento y, a la vez, de arraigo en el territorio. La instalaci\u00f3n se podr\u00e1 ver a partir del 10 de octubre, coincidiendo con el D\u00eda Mundial de la Salud Mental.<\/p>\n<p>Adem\u00e1s, y como novedad, <strong>la presentaci\u00f3n de los artistas de Art &amp; Gavarres se abri\u00f3 con una pieza de danza inclusiva cocreada dentro del proyecto con la bailarina Maria Ribera y participantes de la Fundaci\u00f3n Ampans y Fundaci\u00f3n Drissa<\/strong>. Como otra novedad del Festival se inicia la colaboraci\u00f3n con las universidades. Este a\u00f1o, con la Fundaci\u00f3n UPC, que participa en el Festival con un trabajo de los alumnos del M\u00e1ster en dise\u00f1o param\u00e9trico en arquitectura, dirigidos por el estudio CODA Architects. El Festival tambi\u00e9n acoge una creaci\u00f3n del colectivo Et\u00e8ries, ganadoras del festival tortos\u00ed A Cel Obert, gracias a la colaboraci\u00f3n con la Red Transef\u00edmeros, que agrupa diferentes festivales de arte ef\u00edmero de Catalu\u00f1a.<\/p>\n<p>Un a\u00f1o m\u00e1s, el Festival recibir\u00e1 artistas provenientes de otros centros de arte territoriales, como el CDAN de Huesca, el Espacio T\u00f3nico, el B\u00f2lit o La Volta.<br \/>\nEl presidente del Consorcio de Les Gavarres, en funciones, Pau Presas, ha manifestado que el Festival Art &amp; Gavarres \u00abes una expresi\u00f3n art\u00edstica que reivindica el arte y la naturaleza, y que este a\u00f1o, m\u00e1s que nunca, apuesta por la concienciaci\u00f3n de los problemas ambientales m\u00e1s candentes\u00bb.<\/p>\n<p><strong>Sobre Art &amp; Gavarres<\/strong><br \/>\nEl Festival Internacional de Arte y Paisaje en Les Gavarres parte de la idea de que el arte puede ser una herramienta que nos ayude a reflexionar y a cambiar nuestra mirada sobre el paisaje. Se relaciona arte y naturaleza para dar a conocer este espacio natural protegido y reivindicarlo.<br \/>\nLos artistas participantes crean durante una semana obras in situ con materiales naturales. Cualquier persona interesada puede visitar esta muestra y descubrir estas intervenciones art\u00edsticas ef\u00edmeras, adentr\u00e1ndose en Les Gavarres.<\/p>\n<p>Las obras son visitables hasta que la misma naturaleza, con el paso del tiempo, las borre.<\/p>\n<p>Este 2023, siguiendo con la idea de las pasadas ediciones, el Festival invita tanto a artistas con una trayectoria consolidada como artistas emergentes. Los participantes son: Ci\u00f3 Abell\u00ed y Alfons Pluj\u00e0, Curro Claret, Delphine Labedan, Elena Garcia, Et\u00e8ries, Fundaci\u00f3n SETBA, Guillermo Olmo, Jordi Batall\u00e9, alumnos del M\u00e1ster en dise\u00f1o param\u00e9trico en arquitectura (UPC), Mia Llauder, Olga Sol\u00e0, Pilar Ors y Julio Borg, Quim Moya, Sebi Subir\u00f3s, Tania Font, Team Fleur, Toya Legido y Xavier Bob\u00e9s.<\/p>\n<p>El Festival Art &amp; Gavarres est\u00e1 organizado por el Consorcio de Les Gavarres, un ente adscrito a la Diputaci\u00f3n de Girona, con la colaboraci\u00f3n de B\u00f2lit, Centro de Arte Contempor\u00e1neo, y los ayuntamientos que forman parte de la misma, y con el apoyo de la OSIC (Oficina de Apoyo a la Iniciativa Cultural) del Departamento de Cultura.<br \/>\nM\u00e1s informaci\u00f3n en www.artigavarres.cat<\/p>\n<p>Fotograf\u00eda: Marc Sureda. Consorcio de Les Gavarres.<\/p>\n","protected":false},"excerpt":{"rendered":"<p>La sexta edici\u00f3n del Festival Art &amp; Gavarres, que relaciona naturaleza y expresi\u00f3n art\u00edstica, se inicia el 9 de septiembre y se llevar\u00e1 a cabo hasta el 9 de noviembre.<\/p>\n","protected":false},"author":1,"featured_media":34445,"comment_status":"closed","ping_status":"closed","sticky":false,"template":"","format":"standard","meta":{"footnotes":""},"categories":[1242],"tags":[],"class_list":["post-34453","post","type-post","status-publish","format-standard","has-post-thumbnail","hentry","category-natura-es-cultura-2"],"_links":{"self":[{"href":"https:\/\/fundaciosetba.org\/es\/wp-json\/wp\/v2\/posts\/34453","targetHints":{"allow":["GET"]}}],"collection":[{"href":"https:\/\/fundaciosetba.org\/es\/wp-json\/wp\/v2\/posts"}],"about":[{"href":"https:\/\/fundaciosetba.org\/es\/wp-json\/wp\/v2\/types\/post"}],"author":[{"embeddable":true,"href":"https:\/\/fundaciosetba.org\/es\/wp-json\/wp\/v2\/users\/1"}],"replies":[{"embeddable":true,"href":"https:\/\/fundaciosetba.org\/es\/wp-json\/wp\/v2\/comments?post=34453"}],"version-history":[{"count":1,"href":"https:\/\/fundaciosetba.org\/es\/wp-json\/wp\/v2\/posts\/34453\/revisions"}],"predecessor-version":[{"id":34454,"href":"https:\/\/fundaciosetba.org\/es\/wp-json\/wp\/v2\/posts\/34453\/revisions\/34454"}],"wp:featuredmedia":[{"embeddable":true,"href":"https:\/\/fundaciosetba.org\/es\/wp-json\/wp\/v2\/media\/34445"}],"wp:attachment":[{"href":"https:\/\/fundaciosetba.org\/es\/wp-json\/wp\/v2\/media?parent=34453"}],"wp:term":[{"taxonomy":"category","embeddable":true,"href":"https:\/\/fundaciosetba.org\/es\/wp-json\/wp\/v2\/categories?post=34453"},{"taxonomy":"post_tag","embeddable":true,"href":"https:\/\/fundaciosetba.org\/es\/wp-json\/wp\/v2\/tags?post=34453"}],"curies":[{"name":"wp","href":"https:\/\/api.w.org\/{rel}","templated":true}]}}