{"id":34563,"date":"2023-09-26T15:53:58","date_gmt":"2023-09-26T14:53:58","guid":{"rendered":"https:\/\/fundaciosetba.org\/?p=34563"},"modified":"2023-10-06T12:17:41","modified_gmt":"2023-10-06T11:17:41","slug":"en-pitu-de-mar-vallejos-gana-el-premio-del-publico","status":"publish","type":"post","link":"https:\/\/fundaciosetba.org\/es\/en-pitu-de-mar-vallejos-gana-el-premio-del-publico\/","title":{"rendered":"&#8216;En Pitu&#8217; de Mar Vallejos gana el Premio del p\u00fablico"},"content":{"rendered":"<p><em>En Pitu<\/em>, una de las obras semifinalista al Premio Setba, gana el Premio del p\u00fablico. <strong>La obra de Mar Vallejos de la Asociaci\u00f3n Acudam enamora al p\u00fablico en la primera votaci\u00f3n en l\u00ednea, organizada por la Fundaci\u00f3n Setba, para escoger la obra preferida<\/strong>, de entre las 30 obras seleccionadas por el jurado, incluyendo semifinalistas, finalistas y ganadoras. Con la participaci\u00f3n de 1.189 personas en esta votaci\u00f3n en l\u00ednea, la obra ganadora ha sido <em>En Pitu<\/em> de Mar Vallejos de la Fundaci\u00f3n ACUDAM.<\/p>\n<div class=\"mceTemp\"><\/div>\n<p><img loading=\"lazy\" decoding=\"async\" class=\"aligncenter wp-image-34564 size-large\" src=\"https:\/\/fundaciosetba.org\/wp-content\/uploads\/2023\/09\/1272-732x1024.jpg\" alt=\"\" width=\"732\" height=\"1024\" srcset=\"https:\/\/fundaciosetba.org\/wp-content\/uploads\/2023\/09\/1272-732x1024.jpg 732w, https:\/\/fundaciosetba.org\/wp-content\/uploads\/2023\/09\/1272-214x300.jpg 214w, https:\/\/fundaciosetba.org\/wp-content\/uploads\/2023\/09\/1272-71x100.jpg 71w, https:\/\/fundaciosetba.org\/wp-content\/uploads\/2023\/09\/1272-286x400.jpg 286w, https:\/\/fundaciosetba.org\/wp-content\/uploads\/2023\/09\/1272-600x840.jpg 600w, https:\/\/fundaciosetba.org\/wp-content\/uploads\/2023\/09\/1272-scaled.jpg 1829w\" sizes=\"auto, (max-width: 732px) 100vw, 732px\" \/><\/p>\n<p>El Premio Setba, considerado el certamen art\u00edstico m\u00e1s destacado de su g\u00e9nero a nivel estatal, <strong>reconoce y promueve la expresi\u00f3n art\u00edstica de artistas con discapacidad intelectual.<\/strong> Esta edici\u00f3n <strong>ha contado con la participaci\u00f3n de 1.460 personas<\/strong> de 85 entidades del sector de la discapacidad intelectual de Catalu\u00f1a, lo que representa un aumento de 11 entidades respecto al a\u00f1o pasado. Con una dotaci\u00f3n total de 7.900 \u20ac, es un punto de encuentro para los profesionales del arte, entidades y empresas que comparten la misi\u00f3n de visibilizar el talento de estos creadores.<\/p>\n<p>Durante la gala, que se celebr\u00f3 ayer, 18 de septiembre, en el auditorio del CaixaForum y en el que asistieron trescientas veinte personas, completando as\u00ed su aforo, se puso de manifiesto el talento art\u00edstico y la creatividad de los artistas. <strong>El honorable Se\u00f1or Carles Campuzano, consejero de Derechos Sociales, que presidi\u00f3 el acto, lanz\u00f3 el trabajo de la Fundaci\u00f3n Setba y remarc\u00f3 que convertir la cultura en una fuerza de transformaci\u00f3n social sigue siendo m\u00e1s imprescindible que nunca.<\/strong><\/p>\n<p><strong>Se dieron a conocer las doce obras seleccionadas del Premio Setba 2023<\/strong>, pero tambi\u00e9n se present\u00f3 la etiqueta de un nuevo vino de la bodega Lacrima Baccus, AMIL, el ganador del premio del p\u00fablico, y las obras que representar\u00e1n a cinco distritos de Barcelona. <strong>La Ilustr\u00edsima Se\u00f1ora Marta Villanueva, presidenta del Instituto Municipal de las Personas con Discapacidad y concejala del distrito de San Andr\u00e9s, fue la encargada de anunciarlas.<\/strong> El acto fue amenizado con una actuaci\u00f3n de danza cocreada por la bailarina y psic\u00f3loga Maria Ribera en colaboraci\u00f3n con cinco usuarios de la unidad de salud mental de la Fundaci\u00f3n Ampans, dentro del proyecto Natura es Cultura.<\/p>\n<div class=\"w-gallery fit_cover wp_gallery type_grid action_popup_image ratio_1x1 count_6\" style=\"--columns:3;--items-gap:8px;\"><div class=\"w-gallery-list\"><div class=\"w-gallery-item\"><div class=\"w-gallery-item-img\"><img loading=\"lazy\" decoding=\"async\" width=\"300\" height=\"300\" src=\"https:\/\/fundaciosetba.org\/wp-content\/uploads\/2023\/09\/IMG_8574-copia-300x300.jpg\" class=\"attachment-woocommerce_thumbnail size-woocommerce_thumbnail\" alt=\"\" srcset=\"https:\/\/fundaciosetba.org\/wp-content\/uploads\/2023\/09\/IMG_8574-copia-300x300.jpg 300w, https:\/\/fundaciosetba.org\/wp-content\/uploads\/2023\/09\/IMG_8574-copia-150x150.jpg 150w\" sizes=\"auto, (max-width: 300px) 100vw, 300px\" \/><\/div><a class=\"w-gallery-item-link\" aria-label=\"IMG_8574 copia\" href=\"https:\/\/fundaciosetba.org\/wp-content\/uploads\/2023\/09\/IMG_8574-copia-scaled.jpg\" title=\"IMG_8574 copia\"><\/a><\/div><div class=\"w-gallery-item\"><div class=\"w-gallery-item-img\"><img loading=\"lazy\" decoding=\"async\" width=\"300\" height=\"300\" src=\"https:\/\/fundaciosetba.org\/wp-content\/uploads\/2023\/09\/IMG_8683-copia-300x300.jpg\" class=\"attachment-woocommerce_thumbnail size-woocommerce_thumbnail\" alt=\"\" srcset=\"https:\/\/fundaciosetba.org\/wp-content\/uploads\/2023\/09\/IMG_8683-copia-300x300.jpg 300w, https:\/\/fundaciosetba.org\/wp-content\/uploads\/2023\/09\/IMG_8683-copia-150x150.jpg 150w\" sizes=\"auto, (max-width: 300px) 100vw, 300px\" \/><\/div><a class=\"w-gallery-item-link\" aria-label=\"IMG_8683 copia\" href=\"https:\/\/fundaciosetba.org\/wp-content\/uploads\/2023\/09\/IMG_8683-copia-scaled.jpg\" title=\"IMG_8683 copia\"><\/a><\/div><div class=\"w-gallery-item\"><div class=\"w-gallery-item-img\"><img loading=\"lazy\" decoding=\"async\" width=\"300\" height=\"300\" src=\"https:\/\/fundaciosetba.org\/wp-content\/uploads\/2023\/09\/IMG_8698-copia-300x300.jpg\" class=\"attachment-woocommerce_thumbnail size-woocommerce_thumbnail\" alt=\"\" srcset=\"https:\/\/fundaciosetba.org\/wp-content\/uploads\/2023\/09\/IMG_8698-copia-300x300.jpg 300w, https:\/\/fundaciosetba.org\/wp-content\/uploads\/2023\/09\/IMG_8698-copia-150x150.jpg 150w\" sizes=\"auto, (max-width: 300px) 100vw, 300px\" \/><\/div><a class=\"w-gallery-item-link\" aria-label=\"IMG_8698 copia\" href=\"https:\/\/fundaciosetba.org\/wp-content\/uploads\/2023\/09\/IMG_8698-copia-scaled.jpg\" title=\"IMG_8698 copia\"><\/a><\/div><div class=\"w-gallery-item\"><div class=\"w-gallery-item-img\"><img loading=\"lazy\" decoding=\"async\" width=\"300\" height=\"300\" src=\"https:\/\/fundaciosetba.org\/wp-content\/uploads\/2023\/09\/IMG_8859-copia-300x300.jpg\" class=\"attachment-woocommerce_thumbnail size-woocommerce_thumbnail\" alt=\"\" srcset=\"https:\/\/fundaciosetba.org\/wp-content\/uploads\/2023\/09\/IMG_8859-copia-300x300.jpg 300w, https:\/\/fundaciosetba.org\/wp-content\/uploads\/2023\/09\/IMG_8859-copia-150x150.jpg 150w\" sizes=\"auto, (max-width: 300px) 100vw, 300px\" \/><\/div><a class=\"w-gallery-item-link\" aria-label=\"IMG_8859 copia\" href=\"https:\/\/fundaciosetba.org\/wp-content\/uploads\/2023\/09\/IMG_8859-copia-scaled.jpg\" title=\"IMG_8859 copia\"><\/a><\/div><div class=\"w-gallery-item\"><div class=\"w-gallery-item-img\"><img loading=\"lazy\" decoding=\"async\" width=\"300\" height=\"300\" src=\"https:\/\/fundaciosetba.org\/wp-content\/uploads\/2023\/09\/IMG_8969-copia-300x300.jpg\" class=\"attachment-woocommerce_thumbnail size-woocommerce_thumbnail\" alt=\"\" srcset=\"https:\/\/fundaciosetba.org\/wp-content\/uploads\/2023\/09\/IMG_8969-copia-300x300.jpg 300w, https:\/\/fundaciosetba.org\/wp-content\/uploads\/2023\/09\/IMG_8969-copia-150x150.jpg 150w\" sizes=\"auto, (max-width: 300px) 100vw, 300px\" \/><\/div><a class=\"w-gallery-item-link\" aria-label=\"IMG_8969 copia\" href=\"https:\/\/fundaciosetba.org\/wp-content\/uploads\/2023\/09\/IMG_8969-copia-scaled.jpg\" title=\"IMG_8969 copia\"><\/a><\/div><div class=\"w-gallery-item\"><div class=\"w-gallery-item-img\"><img loading=\"lazy\" decoding=\"async\" width=\"300\" height=\"300\" src=\"https:\/\/fundaciosetba.org\/wp-content\/uploads\/2023\/09\/Premi-Setba-2023_fotografies-Carles-Rodriguez-6-300x300.jpg\" class=\"attachment-woocommerce_thumbnail size-woocommerce_thumbnail\" alt=\"\" srcset=\"https:\/\/fundaciosetba.org\/wp-content\/uploads\/2023\/09\/Premi-Setba-2023_fotografies-Carles-Rodriguez-6-300x300.jpg 300w, https:\/\/fundaciosetba.org\/wp-content\/uploads\/2023\/09\/Premi-Setba-2023_fotografies-Carles-Rodriguez-6-150x150.jpg 150w\" sizes=\"auto, (max-width: 300px) 100vw, 300px\" \/><\/div><a class=\"w-gallery-item-link\" aria-label=\"Premi Setba 2023_fotografies Carles Rodr\u00edguez (6)\" href=\"https:\/\/fundaciosetba.org\/wp-content\/uploads\/2023\/09\/Premi-Setba-2023_fotografies-Carles-Rodriguez-6-scaled.jpg\" title=\"Premi Setba 2023_fotografies Carles Rodr\u00edguez (6)\"><\/a><\/div><\/div><\/div>\n<p>&nbsp;<\/p>\n<p><strong>La exposici\u00f3n de las obras seleccionadas se llevar\u00e1 a cabo en la Pigment Gallery de Barcelona<\/strong>, situada en la Calle Trafalgar, 70, gracias a una colaboraci\u00f3n con el gremio de galer\u00edas de arte de Catalu\u00f1a. <strong>La apertura de la exposici\u00f3n ser\u00e1 el d\u00eda 28 de septiembre a las 19:00 horas<\/strong> y estar\u00e1 vigente hasta el domingo 15 de octubre.<\/p>\n<p>&nbsp;<\/p>\n<p><strong>La exposici\u00f3n de las obras seleccionadas se llevar\u00e1 a cabo en la Pigment Gallery de Barcelona<\/strong>, situada en la Calle Trafalgar, 70, gracias a una colaboraci\u00f3n con el gremio de galer\u00edas de arte de Catalu\u00f1a. <strong>La apertura de la exposici\u00f3n ser\u00e1 el d\u00eda 28 de septiembre a las 19:00 horas<\/strong> y estar\u00e1 vigente hasta el domingo 15 de octubre.<\/p>\n<p><strong>Aqu\u00ed pod\u00e9is recuperar la gala, que se retransmiti\u00f3 por Youtube:<\/strong><\/p>\n<p><iframe loading=\"lazy\" title=\"XIII Premi Setba\" width=\"640\" height=\"360\" src=\"https:\/\/www.youtube.com\/embed\/I8UgouyYlvQ?feature=oembed\" frameborder=\"0\" allow=\"accelerometer; autoplay; clipboard-write; encrypted-media; gyroscope; picture-in-picture; web-share\" allowfullscreen><\/iframe><\/p>\n<p><strong>Premios:<\/strong><br \/>\n1\u00ba premio: <em>Un cuadro imponente<\/em> de Aina Fuster del CO Les Corts<br \/>\n2\u00ba premio: <em>Teclas traviesas<\/em> de Jos\u00e9 Manuel Morales de la Fundaci\u00f3n Ampans<br \/>\n3\u00ba premio: <em>El hotel de robots del siglo XXI<\/em> de Sof\u00eda Alegre de TEB Barcelona<\/p>\n<div class=\"w-gallery fit_cover wp_gallery type_grid action_popup_image ratio_1x1 count_3\" style=\"--columns:3;--items-gap:8px;\"><div class=\"w-gallery-list\"><div class=\"w-gallery-item\"><div class=\"w-gallery-item-img\"><img loading=\"lazy\" decoding=\"async\" width=\"150\" height=\"150\" src=\"https:\/\/fundaciosetba.org\/wp-content\/uploads\/2023\/05\/1417-150x150.jpg\" class=\"attachment-thumbnail size-thumbnail\" alt=\"\" srcset=\"https:\/\/fundaciosetba.org\/wp-content\/uploads\/2023\/05\/1417-150x150.jpg 150w, https:\/\/fundaciosetba.org\/wp-content\/uploads\/2023\/05\/1417-300x300.jpg 300w\" sizes=\"auto, (max-width: 150px) 100vw, 150px\" \/><\/div><div class=\"w-gallery-item-meta\"><div class=\"w-gallery-item-title\">'Un quadre imponent' d'Aina Fust\u00e9 del C.O. Les Corts<\/div><\/div><a class=\"w-gallery-item-link\" aria-label=\"&#039;Un quadre imponent&#039; d&#039;Aina Fust\u00e9 del C.O. Les Corts\" href=\"https:\/\/fundaciosetba.org\/wp-content\/uploads\/2023\/05\/1417-scaled.jpg\" title=\"&#039;Un quadre imponent&#039; d&#039;Aina Fust\u00e9 del C.O. Les Corts\"><\/a><\/div><div class=\"w-gallery-item\"><div class=\"w-gallery-item-img\"><img loading=\"lazy\" decoding=\"async\" width=\"150\" height=\"150\" src=\"https:\/\/fundaciosetba.org\/wp-content\/uploads\/2023\/05\/70-150x150.jpg\" class=\"attachment-thumbnail size-thumbnail\" alt=\"\" srcset=\"https:\/\/fundaciosetba.org\/wp-content\/uploads\/2023\/05\/70-150x150.jpg 150w, https:\/\/fundaciosetba.org\/wp-content\/uploads\/2023\/05\/70-300x300.jpg 300w\" sizes=\"auto, (max-width: 150px) 100vw, 150px\" \/><\/div><div class=\"w-gallery-item-meta\"><div class=\"w-gallery-item-title\">'Teclas traviesas' de Jos\u00e9 Manuel Morales de la Fundaci\u00f3 Ampans<\/div><\/div><a class=\"w-gallery-item-link\" aria-label=\"&#039;Teclas traviesas&#039; de Jos\u00e9 Manuel Morales de la Fundaci\u00f3 Ampans\" href=\"https:\/\/fundaciosetba.org\/wp-content\/uploads\/2023\/05\/70-scaled.jpg\" title=\"&#039;Teclas traviesas&#039; de Jos\u00e9 Manuel Morales de la Fundaci\u00f3 Ampans\"><\/a><\/div><div class=\"w-gallery-item\"><div class=\"w-gallery-item-img\"><img loading=\"lazy\" decoding=\"async\" width=\"150\" height=\"150\" src=\"https:\/\/fundaciosetba.org\/wp-content\/uploads\/2023\/05\/827-150x150.jpeg\" class=\"attachment-thumbnail size-thumbnail\" alt=\"\" srcset=\"https:\/\/fundaciosetba.org\/wp-content\/uploads\/2023\/05\/827-150x150.jpeg 150w, https:\/\/fundaciosetba.org\/wp-content\/uploads\/2023\/05\/827-300x300.jpeg 300w\" sizes=\"auto, (max-width: 150px) 100vw, 150px\" \/><\/div><div class=\"w-gallery-item-meta\"><div class=\"w-gallery-item-title\">'L'hotel de robots del segle XXII' de Sofia Alegre de la Fundaci\u00f3 TEB Barcelona<\/div><\/div><a class=\"w-gallery-item-link\" aria-label=\"&#039;L&#039;hotel de robots del segle XXII&#039; de Sofia Alegre de la Fundaci\u00f3 TEB Barcelona\" href=\"https:\/\/fundaciosetba.org\/wp-content\/uploads\/2023\/05\/827.jpeg\" title=\"&#039;L&#039;hotel de robots del segle XXII&#039; de Sofia Alegre de la Fundaci\u00f3 TEB Barcelona\"><\/a><\/div><\/div><\/div>\n<p>&nbsp;<\/p>\n<p>Premio del p\u00fabli: <em>En Pitu<\/em> de Mar Vallejos de la Asociaci\u00f3n Acudam<\/p>\n<p>Premio de dise\u00f1o: Marta P\u00e9rez de la Fundaci\u00f3n Ampans<\/p>\n<div class=\"w-gallery fit_cover wp_gallery type_grid action_popup_image ratio_1x1 count_2\" style=\"--columns:2;--items-gap:8px;\"><div class=\"w-gallery-list\"><div class=\"w-gallery-item\"><div class=\"w-gallery-item-img\"><img loading=\"lazy\" decoding=\"async\" width=\"300\" height=\"300\" src=\"https:\/\/fundaciosetba.org\/wp-content\/uploads\/2023\/09\/IMG_8733-copia-300x300.jpg\" class=\"attachment-woocommerce_thumbnail size-woocommerce_thumbnail\" alt=\"\" srcset=\"https:\/\/fundaciosetba.org\/wp-content\/uploads\/2023\/09\/IMG_8733-copia-300x300.jpg 300w, https:\/\/fundaciosetba.org\/wp-content\/uploads\/2023\/09\/IMG_8733-copia-150x150.jpg 150w\" sizes=\"auto, (max-width: 300px) 100vw, 300px\" \/><\/div><a class=\"w-gallery-item-link\" aria-label=\"Nova etiqueta del vi AMIL\" href=\"https:\/\/fundaciosetba.org\/wp-content\/uploads\/2023\/09\/IMG_8733-copia-scaled.jpg\" title=\"Nova etiqueta del vi AMIL\"><\/a><\/div><div class=\"w-gallery-item\"><div class=\"w-gallery-item-img\"><img loading=\"lazy\" decoding=\"async\" width=\"300\" height=\"300\" src=\"https:\/\/fundaciosetba.org\/wp-content\/uploads\/2023\/09\/IMG_8741-copia-300x300.jpg\" class=\"attachment-woocommerce_thumbnail size-woocommerce_thumbnail\" alt=\"\" srcset=\"https:\/\/fundaciosetba.org\/wp-content\/uploads\/2023\/09\/IMG_8741-copia-300x300.jpg 300w, https:\/\/fundaciosetba.org\/wp-content\/uploads\/2023\/09\/IMG_8741-copia-150x150.jpg 150w\" sizes=\"auto, (max-width: 300px) 100vw, 300px\" \/><\/div><a class=\"w-gallery-item-link\" aria-label=\"Marta P\u00e9rez, guanyadora del Premi de disseny Bardinet\" href=\"https:\/\/fundaciosetba.org\/wp-content\/uploads\/2023\/09\/IMG_8741-copia-scaled.jpg\" title=\"Marta P\u00e9rez, guanyadora del Premi de disseny Bardinet\"><\/a><\/div><\/div><\/div>\n<p><strong>Obras finalistas al Premio Setba:<\/strong><br \/>\n7 obras finalistas de Ampans:<br \/>\n\u2022 Lo veo todo de Abel Luengo<br \/>\n\u2022 Pensando en las musara\u00f1as de Carmen \u00c1lvarez<br \/>\n\u2022 Ara\u00f1a ragnarok Alex Juarez<br \/>\n\u2022 Chaparr\u00f3n de Loli Sicilia<br \/>\n\u2022 De plumas y puntillas de Mohamed Ghardach<br \/>\n\u2022 Transexualidad de Noelia Bernal<br \/>\n\u2022 Recuerdo de un sue\u00f1o de Rosa Pardo<\/p>\n<p>1 obra finalista de Femarec:<br \/>\n\u2022 Autorretrato de Sergio Lechuga<\/p>\n<p>1 obra finalista de CO Les Corts:<br \/>\n\u2022 Ambulancia de ciudad de Andr\u00e9s Espierrez<\/p>\n<div class=\"w-gallery fit_cover wp_gallery type_grid action_popup_image ratio_1x1 count_9\" style=\"--columns:3;--items-gap:8px;\"><div class=\"w-gallery-list\"><div class=\"w-gallery-item\"><div class=\"w-gallery-item-img\"><img loading=\"lazy\" decoding=\"async\" width=\"300\" height=\"300\" src=\"https:\/\/fundaciosetba.org\/wp-content\/uploads\/2023\/05\/46-300x300.jpg\" class=\"attachment-woocommerce_thumbnail size-woocommerce_thumbnail\" alt=\"\" srcset=\"https:\/\/fundaciosetba.org\/wp-content\/uploads\/2023\/05\/46-300x300.jpg 300w, https:\/\/fundaciosetba.org\/wp-content\/uploads\/2023\/05\/46-150x150.jpg 150w\" sizes=\"auto, (max-width: 300px) 100vw, 300px\" \/><\/div><div class=\"w-gallery-item-meta\"><div class=\"w-gallery-item-title\">'Lo veo todo' d'Abel Luengo de la Fundaci\u00f3 Ampans<\/div><\/div><a class=\"w-gallery-item-link\" aria-label=\"&#039;Lo veo todo&#039; d&#039;Abel Luengo de la Fundaci\u00f3 Ampans\" href=\"https:\/\/fundaciosetba.org\/wp-content\/uploads\/2023\/05\/46-scaled.jpg\" title=\"&#039;Lo veo todo&#039; d&#039;Abel Luengo de la Fundaci\u00f3 Ampans\"><\/a><\/div><div class=\"w-gallery-item\"><div class=\"w-gallery-item-img\"><img loading=\"lazy\" decoding=\"async\" width=\"300\" height=\"300\" src=\"https:\/\/fundaciosetba.org\/wp-content\/uploads\/2023\/05\/1421-300x300.jpg\" class=\"attachment-woocommerce_thumbnail size-woocommerce_thumbnail\" alt=\"\" srcset=\"https:\/\/fundaciosetba.org\/wp-content\/uploads\/2023\/05\/1421-300x300.jpg 300w, https:\/\/fundaciosetba.org\/wp-content\/uploads\/2023\/05\/1421-150x150.jpg 150w\" sizes=\"auto, (max-width: 300px) 100vw, 300px\" \/><\/div><div class=\"w-gallery-item-meta\"><div class=\"w-gallery-item-title\">'Ambulancia de ciudad' d'Andr\u00e9s Espierrez del C.O. Les Corts<\/div><\/div><a class=\"w-gallery-item-link\" aria-label=\"&#039;Ambulancia de ciudad&#039; d&#039;Andr\u00e9s Espierrez del C.O. Les Corts\" href=\"https:\/\/fundaciosetba.org\/wp-content\/uploads\/2023\/05\/1421-scaled.jpg\" title=\"&#039;Ambulancia de ciudad&#039; d&#039;Andr\u00e9s Espierrez del C.O. Les Corts\"><\/a><\/div><div class=\"w-gallery-item\"><div class=\"w-gallery-item-img\"><img loading=\"lazy\" decoding=\"async\" width=\"300\" height=\"300\" src=\"https:\/\/fundaciosetba.org\/wp-content\/uploads\/2023\/05\/49-300x300.jpg\" class=\"attachment-woocommerce_thumbnail size-woocommerce_thumbnail\" alt=\"\" srcset=\"https:\/\/fundaciosetba.org\/wp-content\/uploads\/2023\/05\/49-300x300.jpg 300w, https:\/\/fundaciosetba.org\/wp-content\/uploads\/2023\/05\/49-150x150.jpg 150w\" sizes=\"auto, (max-width: 300px) 100vw, 300px\" \/><\/div><div class=\"w-gallery-item-meta\"><div class=\"w-gallery-item-title\">'Ara\u00f1a ragnarok' d'\u00c1lex Ju\u00e1rez de la Fundaci\u00f3 Ampans<\/div><\/div><a class=\"w-gallery-item-link\" aria-label=\"&#039;Ara\u00f1a ragnarok&#039; d&#039;\u00c1lex Ju\u00e1rez de la Fundaci\u00f3 Ampans\" href=\"https:\/\/fundaciosetba.org\/wp-content\/uploads\/2023\/05\/49-scaled.jpg\" title=\"&#039;Ara\u00f1a ragnarok&#039; d&#039;\u00c1lex Ju\u00e1rez de la Fundaci\u00f3 Ampans\"><\/a><\/div><div class=\"w-gallery-item\"><div class=\"w-gallery-item-img\"><img loading=\"lazy\" decoding=\"async\" width=\"300\" height=\"300\" src=\"https:\/\/fundaciosetba.org\/wp-content\/uploads\/2023\/05\/52-300x300.jpg\" class=\"attachment-woocommerce_thumbnail size-woocommerce_thumbnail\" alt=\"\" srcset=\"https:\/\/fundaciosetba.org\/wp-content\/uploads\/2023\/05\/52-300x300.jpg 300w, https:\/\/fundaciosetba.org\/wp-content\/uploads\/2023\/05\/52-150x150.jpg 150w\" sizes=\"auto, (max-width: 300px) 100vw, 300px\" \/><\/div><div class=\"w-gallery-item-meta\"><div class=\"w-gallery-item-title\">'Pensando en las musara\u00f1as' de Carmen \u00c1lvarez de la Fundaci\u00f3 Ampans<\/div><\/div><a class=\"w-gallery-item-link\" aria-label=\"&#039;Pensando en las musara\u00f1as&#039; de Carmen \u00c1lvarez de la Fundaci\u00f3 Ampans\" href=\"https:\/\/fundaciosetba.org\/wp-content\/uploads\/2023\/05\/52-scaled.jpg\" title=\"&#039;Pensando en las musara\u00f1as&#039; de Carmen \u00c1lvarez de la Fundaci\u00f3 Ampans\"><\/a><\/div><div class=\"w-gallery-item\"><div class=\"w-gallery-item-img\"><img loading=\"lazy\" decoding=\"async\" width=\"300\" height=\"300\" src=\"https:\/\/fundaciosetba.org\/wp-content\/uploads\/2023\/05\/58-300x300.jpg\" class=\"attachment-woocommerce_thumbnail size-woocommerce_thumbnail\" alt=\"\" srcset=\"https:\/\/fundaciosetba.org\/wp-content\/uploads\/2023\/05\/58-300x300.jpg 300w, https:\/\/fundaciosetba.org\/wp-content\/uploads\/2023\/05\/58-150x150.jpg 150w\" sizes=\"auto, (max-width: 300px) 100vw, 300px\" \/><\/div><div class=\"w-gallery-item-meta\"><div class=\"w-gallery-item-title\">'Chaparr\u00f3n' de Dolores Sicilia de la Fundaci\u00f3 Ampans<\/div><\/div><a class=\"w-gallery-item-link\" aria-label=\"&#039;Chaparr\u00f3n&#039; de Dolores Sicilia de la Fundaci\u00f3 Ampans\" href=\"https:\/\/fundaciosetba.org\/wp-content\/uploads\/2023\/05\/58-scaled.jpg\" title=\"&#039;Chaparr\u00f3n&#039; de Dolores Sicilia de la Fundaci\u00f3 Ampans\"><\/a><\/div><div class=\"w-gallery-item\"><div class=\"w-gallery-item-img\"><img loading=\"lazy\" decoding=\"async\" width=\"300\" height=\"300\" src=\"https:\/\/fundaciosetba.org\/wp-content\/uploads\/2023\/05\/83-300x300.jpg\" class=\"attachment-woocommerce_thumbnail size-woocommerce_thumbnail\" alt=\"\" srcset=\"https:\/\/fundaciosetba.org\/wp-content\/uploads\/2023\/05\/83-300x300.jpg 300w, https:\/\/fundaciosetba.org\/wp-content\/uploads\/2023\/05\/83-150x150.jpg 150w\" sizes=\"auto, (max-width: 300px) 100vw, 300px\" \/><\/div><div class=\"w-gallery-item-meta\"><div class=\"w-gallery-item-title\">'De plumas y puntillas' de Mohamed Ghardach de la Fundaci\u00f3 Ampans<\/div><\/div><a class=\"w-gallery-item-link\" aria-label=\"&#039;De plumas y puntillas&#039; de Mohamed Ghardach de la Fundaci\u00f3 Ampans\" href=\"https:\/\/fundaciosetba.org\/wp-content\/uploads\/2023\/05\/83-scaled.jpg\" title=\"&#039;De plumas y puntillas&#039; de Mohamed Ghardach de la Fundaci\u00f3 Ampans\"><\/a><\/div><div class=\"w-gallery-item\"><div class=\"w-gallery-item-img\"><img loading=\"lazy\" decoding=\"async\" width=\"300\" height=\"300\" src=\"https:\/\/fundaciosetba.org\/wp-content\/uploads\/2023\/05\/87-300x300.jpg\" class=\"attachment-woocommerce_thumbnail size-woocommerce_thumbnail\" alt=\"\" srcset=\"https:\/\/fundaciosetba.org\/wp-content\/uploads\/2023\/05\/87-300x300.jpg 300w, https:\/\/fundaciosetba.org\/wp-content\/uploads\/2023\/05\/87-150x150.jpg 150w\" sizes=\"auto, (max-width: 300px) 100vw, 300px\" \/><\/div><div class=\"w-gallery-item-meta\"><div class=\"w-gallery-item-title\">'Transexualitat' de Noelia Bernal de la Fundaci\u00f3 Ampans<\/div><\/div><a class=\"w-gallery-item-link\" aria-label=\"&#039;Transexualitat&#039; de Noelia Bernal de la Fundaci\u00f3 Ampans\" href=\"https:\/\/fundaciosetba.org\/wp-content\/uploads\/2023\/05\/87-scaled.jpg\" title=\"&#039;Transexualitat&#039; de Noelia Bernal de la Fundaci\u00f3 Ampans\"><\/a><\/div><div class=\"w-gallery-item\"><div class=\"w-gallery-item-img\"><img loading=\"lazy\" decoding=\"async\" width=\"300\" height=\"300\" src=\"https:\/\/fundaciosetba.org\/wp-content\/uploads\/2023\/05\/95-300x300.jpg\" class=\"attachment-woocommerce_thumbnail size-woocommerce_thumbnail\" alt=\"\" srcset=\"https:\/\/fundaciosetba.org\/wp-content\/uploads\/2023\/05\/95-300x300.jpg 300w, https:\/\/fundaciosetba.org\/wp-content\/uploads\/2023\/05\/95-150x150.jpg 150w\" sizes=\"auto, (max-width: 300px) 100vw, 300px\" \/><\/div><div class=\"w-gallery-item-meta\"><div class=\"w-gallery-item-title\">'Recuerdo de un sue\u00f1o' de Rosa Maria Pardo de la Fundaci\u00f3 Ampans<\/div><\/div><a class=\"w-gallery-item-link\" aria-label=\"&#039;Recuerdo de un sue\u00f1o&#039; de Rosa Maria Pardo de la Fundaci\u00f3 Ampans\" href=\"https:\/\/fundaciosetba.org\/wp-content\/uploads\/2023\/05\/95-scaled.jpg\" title=\"&#039;Recuerdo de un sue\u00f1o&#039; de Rosa Maria Pardo de la Fundaci\u00f3 Ampans\"><\/a><\/div><div class=\"w-gallery-item\"><div class=\"w-gallery-item-img\"><img loading=\"lazy\" decoding=\"async\" width=\"300\" height=\"300\" src=\"https:\/\/fundaciosetba.org\/wp-content\/uploads\/2023\/05\/498-300x300.jpg\" class=\"attachment-woocommerce_thumbnail size-woocommerce_thumbnail\" alt=\"\" srcset=\"https:\/\/fundaciosetba.org\/wp-content\/uploads\/2023\/05\/498-300x300.jpg 300w, https:\/\/fundaciosetba.org\/wp-content\/uploads\/2023\/05\/498-150x150.jpg 150w\" sizes=\"auto, (max-width: 300px) 100vw, 300px\" \/><\/div><div class=\"w-gallery-item-meta\"><div class=\"w-gallery-item-title\">Autoretrat' de Sergio Lechuga de la Fundaci\u00f3 Femarec SCCL<\/div><\/div><a class=\"w-gallery-item-link\" aria-label=\"Autoretrat&#039; de Sergio Lechuga de la Fundaci\u00f3 Femarec SCCL\" href=\"https:\/\/fundaciosetba.org\/wp-content\/uploads\/2023\/05\/498-scaled.jpg\" title=\"Autoretrat&#039; de Sergio Lechuga de la Fundaci\u00f3 Femarec SCCL\"><\/a><\/div><\/div><\/div>\n<p><strong>Presentaci\u00f3n de las obras que representar\u00e1n a cinco distritos de Barcelona:<\/strong><br \/>\nCon la colaboraci\u00f3n de cinco centros c\u00edvicos de cinco distritos de Barcelona (Ciutat Vella, L&#8217;Eixample, Sants &#8211; Montju\u00efc, Les Corts y Sarri\u00e0 \u2013 Sant Gervasi), los vecinos y vecinas han votado la obra que m\u00e1s les ha gustado, creada durante el proyecto Magistrals, para representar a su barrio en sus respectivos centros c\u00edvicos.<br \/>\nLos y las artistas ganadoras de cada distrito han sido:<br \/>\n\u2022 Sants Montju\u00efc: M\u00f2nica Moya de la Fundaci\u00f3n Cares<br \/>\n\u2022 Ciutat Vella: Oriol Miquel de CO Ribagor\u00e7ana<br \/>\n\u2022 Ensanche: Irune Escriv\u00e0 de Fundaci\u00f3n Friends<br \/>\n\u2022 Las Cortes: Santiago S\u00e1nchez de Pre Taller San Jos\u00e9<br \/>\n\u2022 Sarri\u00e0-Sant Gervasi: Berta Alsina de la Fundaci\u00f3n TEAS<\/p>\n<p><strong>Jurado de la convocatoria:<\/strong><br \/>\nEl jurado de esta edici\u00f3n del Premio Setba est\u00e1 formado por expertos reconocidos en el campo del arte y la cultura:<br \/>\n&#8211; Montserrat Sampietro, del Departamento de Actividades de Cultura y Ciencia de la Fundaci\u00f3n &#8220;la Caixa&#8221;<br \/>\n&#8211; Meritxell Duran, escultora e ilustradora<br \/>\n&#8211; Jos\u00e9 Manuel Jaurena, gerente de Arte Mir<br \/>\n&#8211; M\u00f3nica Ramon, galerista y vicepresidenta del Gremio de Galeristas de Arte de Catalu\u00f1a<br \/>\n&#8211; Cristina Sampere, artista y directora de la Fundaci\u00f3n Setba<\/p>\n<p><strong>Organizadores y Colaboradores:<\/strong><br \/>\nEste evento es posible gracias a la organizaci\u00f3n de la Fundaci\u00f3n Setba y el patrocinio del Ayuntamiento de Barcelona, Bizcabar, Capital Care, en colaboraci\u00f3n con Barna Art, Bardinet, el Gremio de Galer\u00edas de Arte de Catalu\u00f1a, Dincat, el Museo del F\u00fatbol Club Barcelona, Fundaci\u00f3n &#8220;la Caixa&#8221;, IED Barcelona, Pinturas MIR y con el apoyo de la Pigment Gallery, IDEAL y el F\u00fatbol Club Barcelona Genuine.<\/p>\n<p><strong>FOTOGRAF\u00cdAS: Carles Rodr\u00edguez<\/strong><\/p>\n","protected":false},"excerpt":{"rendered":"<p>  Por primera vez, el p\u00fablico general ha tenido la oportunidad de votar la obra preferida entre las 30 obras seleccionadas por el jurado, incluyendo semifinalistas, finalistas y ganadoras.  <\/p>\n","protected":false},"author":1,"featured_media":34569,"comment_status":"closed","ping_status":"closed","sticky":false,"template":"","format":"standard","meta":{"footnotes":""},"categories":[1353],"tags":[],"class_list":["post-34563","post","type-post","status-publish","format-standard","has-post-thumbnail","hentry","category-premio-setba-es"],"_links":{"self":[{"href":"https:\/\/fundaciosetba.org\/es\/wp-json\/wp\/v2\/posts\/34563","targetHints":{"allow":["GET"]}}],"collection":[{"href":"https:\/\/fundaciosetba.org\/es\/wp-json\/wp\/v2\/posts"}],"about":[{"href":"https:\/\/fundaciosetba.org\/es\/wp-json\/wp\/v2\/types\/post"}],"author":[{"embeddable":true,"href":"https:\/\/fundaciosetba.org\/es\/wp-json\/wp\/v2\/users\/1"}],"replies":[{"embeddable":true,"href":"https:\/\/fundaciosetba.org\/es\/wp-json\/wp\/v2\/comments?post=34563"}],"version-history":[{"count":2,"href":"https:\/\/fundaciosetba.org\/es\/wp-json\/wp\/v2\/posts\/34563\/revisions"}],"predecessor-version":[{"id":34672,"href":"https:\/\/fundaciosetba.org\/es\/wp-json\/wp\/v2\/posts\/34563\/revisions\/34672"}],"wp:featuredmedia":[{"embeddable":true,"href":"https:\/\/fundaciosetba.org\/es\/wp-json\/wp\/v2\/media\/34569"}],"wp:attachment":[{"href":"https:\/\/fundaciosetba.org\/es\/wp-json\/wp\/v2\/media?parent=34563"}],"wp:term":[{"taxonomy":"category","embeddable":true,"href":"https:\/\/fundaciosetba.org\/es\/wp-json\/wp\/v2\/categories?post=34563"},{"taxonomy":"post_tag","embeddable":true,"href":"https:\/\/fundaciosetba.org\/es\/wp-json\/wp\/v2\/tags?post=34563"}],"curies":[{"name":"wp","href":"https:\/\/api.w.org\/{rel}","templated":true}]}}