{"id":34630,"date":"2023-10-05T14:55:53","date_gmt":"2023-10-05T13:55:53","guid":{"rendered":"https:\/\/fundaciosetba.org\/mural-de-retratos-de-wad-ras-la-fotografia-como-herramienta-de-transformacion-social\/"},"modified":"2023-10-05T15:13:43","modified_gmt":"2023-10-05T14:13:43","slug":"mural-de-retratos-de-wad-ras-la-fotografia-como-herramienta-de-transformacion-social","status":"publish","type":"post","link":"https:\/\/fundaciosetba.org\/es\/mural-de-retratos-de-wad-ras-la-fotografia-como-herramienta-de-transformacion-social\/","title":{"rendered":"Mural de retratos de Wad-Ras. La fotograf\u00eda como herramienta de transformaci\u00f3n social"},"content":{"rendered":"<p>Coincidiendo con las Fiestas de la Merc\u00e8, la Fundaci\u00f3n <span class=\"hiddenSpellError\">Setba<\/span> organiz\u00f3 una acci\u00f3n participativa ante el centro penitenciario <span class=\"hiddenSpellError\">Wad-Ras<\/span>, situado en el distrito de Sant Mart\u00ed de Barcelona, con el <strong>objetivo de combatir la estigmatizaci\u00f3n y dar visibilidad a las mujeres reclusas<\/strong> en los centros penitenciarios.<\/p>\n<p>Esta iniciativa tom\u00f3 forma con la <strong>creaci\u00f3n de un mural que incorporaba retratos hechos por un grupo de mujeres internas<\/strong> y que fue colocado en la pared de la avenida del Bogatell, un \u00e1rea que se extiende entre la Biblioteca Xavier Benguerel y el Archivo Municipal de Sant Mart\u00ed. <strong>Estas im\u00e1genes fueron tomadas en el marco del proyecto fotogr\u00e1fico <em>Traspasando el objetivo<\/em><\/strong>, que la Fundaci\u00f3n <span class=\"hiddenSpellError\">Setba<\/span> ha llevado a cabo desde el a\u00f1o 2020 en diversos m\u00f3dulos penitenciarios femeninos en Catalu\u00f1a, bajo la direcci\u00f3n art\u00edstica de Marta F\u00e0bregas y con la colaboraci\u00f3n de Sandra <span class=\"hiddenSpellError\">Balsells<\/span> y <span class=\"hiddenSpellError\">Tanit<\/span> Plana.<\/p>\n<p>Cabe destacar que <span class=\"hiddenSpellError\">Wad-Ras<\/span> es la \u00fanica prisi\u00f3n exclusivamente para mujeres en Catalu\u00f1a, y que <strong>las mujeres internas representan s\u00f3lo el 6% de la poblaci\u00f3n penitenciaria<\/strong>, lo que implica que dispongan de menos recursos que los hombres.<\/p>\n<p>El objetivo principal de este mural es poner fin a su invisibilidad ante la sociedad y trabajar para desestigmatizarlas, ya que a menudo sufren una triple condena: social, personal y penal.<\/p>\n<p>La colocaci\u00f3n del mural se llev\u00f3 a cabo el 21 de septiembre, con la colaboraci\u00f3n del Departamento de Justicia, Derechos y Memoria, el Ayuntamiento de Barcelona, Marc Mart\u00ed y Panasonic <span class=\"hiddenSpellError\">Lumix<\/span>, y se mantendr\u00e1 hasta el 20 de octubre de 2023.<\/p>\n<p><strong>Fotograf\u00edas de Laura G\u00e1lvez-Rhein<\/strong><\/p>\n<div class=\"w-gallery fit_cover wp_gallery type_grid action_popup_image ratio_1x1 count_12\" style=\"--columns:3;--items-gap:8px;\"><div class=\"w-gallery-list\"><div class=\"w-gallery-item\"><div class=\"w-gallery-item-img\"><img loading=\"lazy\" decoding=\"async\" width=\"300\" height=\"300\" src=\"https:\/\/fundaciosetba.org\/wp-content\/uploads\/2023\/10\/2023-09-21_Penjada-mural-Wad-Ras-Districte-St-Marti_02-300x300.jpg\" class=\"attachment-woocommerce_thumbnail size-woocommerce_thumbnail\" alt=\"\" srcset=\"https:\/\/fundaciosetba.org\/wp-content\/uploads\/2023\/10\/2023-09-21_Penjada-mural-Wad-Ras-Districte-St-Marti_02-300x300.jpg 300w, https:\/\/fundaciosetba.org\/wp-content\/uploads\/2023\/10\/2023-09-21_Penjada-mural-Wad-Ras-Districte-St-Marti_02-150x150.jpg 150w\" sizes=\"auto, (max-width: 300px) 100vw, 300px\" \/><\/div><a class=\"w-gallery-item-link\" aria-label=\"\u00a9Laura G\u00e1lvez-Rhein\" href=\"https:\/\/fundaciosetba.org\/wp-content\/uploads\/2023\/10\/2023-09-21_Penjada-mural-Wad-Ras-Districte-St-Marti_02-scaled.jpg\" title=\"\u00a9Laura G\u00e1lvez-Rhein\"><\/a><\/div><div class=\"w-gallery-item\"><div class=\"w-gallery-item-img\"><img loading=\"lazy\" decoding=\"async\" width=\"300\" height=\"300\" src=\"https:\/\/fundaciosetba.org\/wp-content\/uploads\/2023\/10\/2023-09-21_Penjada-mural-Wad-Ras-Districte-St-Marti_07-300x300.jpg\" class=\"attachment-woocommerce_thumbnail size-woocommerce_thumbnail\" alt=\"\" srcset=\"https:\/\/fundaciosetba.org\/wp-content\/uploads\/2023\/10\/2023-09-21_Penjada-mural-Wad-Ras-Districte-St-Marti_07-300x300.jpg 300w, https:\/\/fundaciosetba.org\/wp-content\/uploads\/2023\/10\/2023-09-21_Penjada-mural-Wad-Ras-Districte-St-Marti_07-150x150.jpg 150w\" sizes=\"auto, (max-width: 300px) 100vw, 300px\" \/><\/div><a class=\"w-gallery-item-link\" aria-label=\"\u00a9Laura G\u00e1lvez-Rhein\" href=\"https:\/\/fundaciosetba.org\/wp-content\/uploads\/2023\/10\/2023-09-21_Penjada-mural-Wad-Ras-Districte-St-Marti_07-scaled.jpg\" title=\"\u00a9Laura G\u00e1lvez-Rhein\"><\/a><\/div><div class=\"w-gallery-item\"><div class=\"w-gallery-item-img\"><img loading=\"lazy\" decoding=\"async\" width=\"300\" height=\"300\" src=\"https:\/\/fundaciosetba.org\/wp-content\/uploads\/2023\/10\/2023-09-21_Penjada-mural-Wad-Ras-Districte-St-Marti_12-300x300.jpg\" class=\"attachment-woocommerce_thumbnail size-woocommerce_thumbnail\" alt=\"\" srcset=\"https:\/\/fundaciosetba.org\/wp-content\/uploads\/2023\/10\/2023-09-21_Penjada-mural-Wad-Ras-Districte-St-Marti_12-300x300.jpg 300w, https:\/\/fundaciosetba.org\/wp-content\/uploads\/2023\/10\/2023-09-21_Penjada-mural-Wad-Ras-Districte-St-Marti_12-150x150.jpg 150w\" sizes=\"auto, (max-width: 300px) 100vw, 300px\" \/><\/div><a class=\"w-gallery-item-link\" aria-label=\"\u00a9Laura G\u00e1lvez-Rhein\" href=\"https:\/\/fundaciosetba.org\/wp-content\/uploads\/2023\/10\/2023-09-21_Penjada-mural-Wad-Ras-Districte-St-Marti_12-scaled.jpg\" title=\"\u00a9Laura G\u00e1lvez-Rhein\"><\/a><\/div><div class=\"w-gallery-item\"><div class=\"w-gallery-item-img\"><img loading=\"lazy\" decoding=\"async\" width=\"300\" height=\"300\" src=\"https:\/\/fundaciosetba.org\/wp-content\/uploads\/2023\/10\/2023-09-21_Penjada-mural-Wad-Ras-Districte-St-Marti_14-300x300.jpg\" class=\"attachment-woocommerce_thumbnail size-woocommerce_thumbnail\" alt=\"\" srcset=\"https:\/\/fundaciosetba.org\/wp-content\/uploads\/2023\/10\/2023-09-21_Penjada-mural-Wad-Ras-Districte-St-Marti_14-300x300.jpg 300w, https:\/\/fundaciosetba.org\/wp-content\/uploads\/2023\/10\/2023-09-21_Penjada-mural-Wad-Ras-Districte-St-Marti_14-150x150.jpg 150w\" sizes=\"auto, (max-width: 300px) 100vw, 300px\" \/><\/div><a class=\"w-gallery-item-link\" aria-label=\"\u00a9Laura G\u00e1lvez-Rhein\" href=\"https:\/\/fundaciosetba.org\/wp-content\/uploads\/2023\/10\/2023-09-21_Penjada-mural-Wad-Ras-Districte-St-Marti_14-scaled.jpg\" title=\"\u00a9Laura G\u00e1lvez-Rhein\"><\/a><\/div><div class=\"w-gallery-item\"><div class=\"w-gallery-item-img\"><img loading=\"lazy\" decoding=\"async\" width=\"300\" height=\"300\" src=\"https:\/\/fundaciosetba.org\/wp-content\/uploads\/2023\/10\/2023-09-21_Penjada-mural-Wad-Ras-Districte-St-Marti_16-300x300.jpg\" class=\"attachment-woocommerce_thumbnail size-woocommerce_thumbnail\" alt=\"\" srcset=\"https:\/\/fundaciosetba.org\/wp-content\/uploads\/2023\/10\/2023-09-21_Penjada-mural-Wad-Ras-Districte-St-Marti_16-300x300.jpg 300w, https:\/\/fundaciosetba.org\/wp-content\/uploads\/2023\/10\/2023-09-21_Penjada-mural-Wad-Ras-Districte-St-Marti_16-150x150.jpg 150w\" sizes=\"auto, (max-width: 300px) 100vw, 300px\" \/><\/div><a class=\"w-gallery-item-link\" aria-label=\"\u00a9Laura G\u00e1lvez-Rhein\" href=\"https:\/\/fundaciosetba.org\/wp-content\/uploads\/2023\/10\/2023-09-21_Penjada-mural-Wad-Ras-Districte-St-Marti_16-scaled.jpg\" title=\"\u00a9Laura G\u00e1lvez-Rhein\"><\/a><\/div><div class=\"w-gallery-item\"><div class=\"w-gallery-item-img\"><img loading=\"lazy\" decoding=\"async\" width=\"300\" height=\"300\" src=\"https:\/\/fundaciosetba.org\/wp-content\/uploads\/2023\/10\/2023-09-21_Penjada-mural-Wad-Ras-Districte-St-Marti_19-300x300.jpg\" class=\"attachment-woocommerce_thumbnail size-woocommerce_thumbnail\" alt=\"\" srcset=\"https:\/\/fundaciosetba.org\/wp-content\/uploads\/2023\/10\/2023-09-21_Penjada-mural-Wad-Ras-Districte-St-Marti_19-300x300.jpg 300w, https:\/\/fundaciosetba.org\/wp-content\/uploads\/2023\/10\/2023-09-21_Penjada-mural-Wad-Ras-Districte-St-Marti_19-150x150.jpg 150w\" sizes=\"auto, (max-width: 300px) 100vw, 300px\" \/><\/div><a class=\"w-gallery-item-link\" aria-label=\"\u00a9Laura G\u00e1lvez-Rhein\" href=\"https:\/\/fundaciosetba.org\/wp-content\/uploads\/2023\/10\/2023-09-21_Penjada-mural-Wad-Ras-Districte-St-Marti_19-scaled.jpg\" title=\"\u00a9Laura G\u00e1lvez-Rhein\"><\/a><\/div><div class=\"w-gallery-item\"><div class=\"w-gallery-item-img\"><img loading=\"lazy\" decoding=\"async\" width=\"300\" height=\"300\" src=\"https:\/\/fundaciosetba.org\/wp-content\/uploads\/2023\/10\/2023-09-21_Penjada-mural-Wad-Ras-Districte-St-Marti_20-300x300.jpg\" class=\"attachment-woocommerce_thumbnail size-woocommerce_thumbnail\" alt=\"\" srcset=\"https:\/\/fundaciosetba.org\/wp-content\/uploads\/2023\/10\/2023-09-21_Penjada-mural-Wad-Ras-Districte-St-Marti_20-300x300.jpg 300w, https:\/\/fundaciosetba.org\/wp-content\/uploads\/2023\/10\/2023-09-21_Penjada-mural-Wad-Ras-Districte-St-Marti_20-150x150.jpg 150w\" sizes=\"auto, (max-width: 300px) 100vw, 300px\" \/><\/div><a class=\"w-gallery-item-link\" aria-label=\"\u00a9Laura G\u00e1lvez-Rhein\" href=\"https:\/\/fundaciosetba.org\/wp-content\/uploads\/2023\/10\/2023-09-21_Penjada-mural-Wad-Ras-Districte-St-Marti_20-scaled.jpg\" title=\"\u00a9Laura G\u00e1lvez-Rhein\"><\/a><\/div><div class=\"w-gallery-item\"><div class=\"w-gallery-item-img\"><img loading=\"lazy\" decoding=\"async\" width=\"300\" height=\"300\" src=\"https:\/\/fundaciosetba.org\/wp-content\/uploads\/2023\/10\/2023-09-21_Penjada-mural-Wad-Ras-Districte-St-Marti_22-300x300.jpg\" class=\"attachment-woocommerce_thumbnail size-woocommerce_thumbnail\" alt=\"\" srcset=\"https:\/\/fundaciosetba.org\/wp-content\/uploads\/2023\/10\/2023-09-21_Penjada-mural-Wad-Ras-Districte-St-Marti_22-300x300.jpg 300w, https:\/\/fundaciosetba.org\/wp-content\/uploads\/2023\/10\/2023-09-21_Penjada-mural-Wad-Ras-Districte-St-Marti_22-150x150.jpg 150w\" sizes=\"auto, (max-width: 300px) 100vw, 300px\" \/><\/div><a class=\"w-gallery-item-link\" aria-label=\"\u00a9Laura G\u00e1lvez-Rhein\" href=\"https:\/\/fundaciosetba.org\/wp-content\/uploads\/2023\/10\/2023-09-21_Penjada-mural-Wad-Ras-Districte-St-Marti_22-scaled.jpg\" title=\"\u00a9Laura G\u00e1lvez-Rhein\"><\/a><\/div><div class=\"w-gallery-item\"><div class=\"w-gallery-item-img\"><img loading=\"lazy\" decoding=\"async\" width=\"300\" height=\"300\" src=\"https:\/\/fundaciosetba.org\/wp-content\/uploads\/2023\/10\/2023-09-21_Penjada-mural-Wad-Ras-Districte-St-Marti_23-300x300.jpg\" class=\"attachment-woocommerce_thumbnail size-woocommerce_thumbnail\" alt=\"\" srcset=\"https:\/\/fundaciosetba.org\/wp-content\/uploads\/2023\/10\/2023-09-21_Penjada-mural-Wad-Ras-Districte-St-Marti_23-300x300.jpg 300w, https:\/\/fundaciosetba.org\/wp-content\/uploads\/2023\/10\/2023-09-21_Penjada-mural-Wad-Ras-Districte-St-Marti_23-150x150.jpg 150w\" sizes=\"auto, (max-width: 300px) 100vw, 300px\" \/><\/div><a class=\"w-gallery-item-link\" aria-label=\"\u00a9Laura G\u00e1lvez-Rhein\" href=\"https:\/\/fundaciosetba.org\/wp-content\/uploads\/2023\/10\/2023-09-21_Penjada-mural-Wad-Ras-Districte-St-Marti_23-scaled.jpg\" title=\"\u00a9Laura G\u00e1lvez-Rhein\"><\/a><\/div><div class=\"w-gallery-item\"><div class=\"w-gallery-item-img\"><img loading=\"lazy\" decoding=\"async\" width=\"300\" height=\"300\" src=\"https:\/\/fundaciosetba.org\/wp-content\/uploads\/2023\/10\/2023-09-21_Penjada-mural-Wad-Ras-Districte-St-Marti_24-300x300.jpg\" class=\"attachment-woocommerce_thumbnail size-woocommerce_thumbnail\" alt=\"\" srcset=\"https:\/\/fundaciosetba.org\/wp-content\/uploads\/2023\/10\/2023-09-21_Penjada-mural-Wad-Ras-Districte-St-Marti_24-300x300.jpg 300w, https:\/\/fundaciosetba.org\/wp-content\/uploads\/2023\/10\/2023-09-21_Penjada-mural-Wad-Ras-Districte-St-Marti_24-150x150.jpg 150w\" sizes=\"auto, (max-width: 300px) 100vw, 300px\" \/><\/div><a class=\"w-gallery-item-link\" aria-label=\"\u00a9Laura G\u00e1lvez-Rhein\" href=\"https:\/\/fundaciosetba.org\/wp-content\/uploads\/2023\/10\/2023-09-21_Penjada-mural-Wad-Ras-Districte-St-Marti_24-scaled.jpg\" title=\"\u00a9Laura G\u00e1lvez-Rhein\"><\/a><\/div><div class=\"w-gallery-item\"><div class=\"w-gallery-item-img\"><img loading=\"lazy\" decoding=\"async\" width=\"300\" height=\"300\" src=\"https:\/\/fundaciosetba.org\/wp-content\/uploads\/2023\/10\/2023-09-21_Penjada-mural-Wad-Ras-Districte-St-Marti_29-300x300.jpg\" class=\"attachment-woocommerce_thumbnail size-woocommerce_thumbnail\" alt=\"\" srcset=\"https:\/\/fundaciosetba.org\/wp-content\/uploads\/2023\/10\/2023-09-21_Penjada-mural-Wad-Ras-Districte-St-Marti_29-300x300.jpg 300w, https:\/\/fundaciosetba.org\/wp-content\/uploads\/2023\/10\/2023-09-21_Penjada-mural-Wad-Ras-Districte-St-Marti_29-150x150.jpg 150w\" sizes=\"auto, (max-width: 300px) 100vw, 300px\" \/><\/div><a class=\"w-gallery-item-link\" aria-label=\"\u00a9Laura G\u00e1lvez-Rhein\" href=\"https:\/\/fundaciosetba.org\/wp-content\/uploads\/2023\/10\/2023-09-21_Penjada-mural-Wad-Ras-Districte-St-Marti_29-scaled.jpg\" title=\"\u00a9Laura G\u00e1lvez-Rhein\"><\/a><\/div><div class=\"w-gallery-item\"><div class=\"w-gallery-item-img\"><img loading=\"lazy\" decoding=\"async\" width=\"300\" height=\"300\" src=\"https:\/\/fundaciosetba.org\/wp-content\/uploads\/2023\/10\/2023-09-21_Penjada-mural-Wad-Ras-Districte-St-Marti_31-300x300.jpg\" class=\"attachment-woocommerce_thumbnail size-woocommerce_thumbnail\" alt=\"\" srcset=\"https:\/\/fundaciosetba.org\/wp-content\/uploads\/2023\/10\/2023-09-21_Penjada-mural-Wad-Ras-Districte-St-Marti_31-300x300.jpg 300w, https:\/\/fundaciosetba.org\/wp-content\/uploads\/2023\/10\/2023-09-21_Penjada-mural-Wad-Ras-Districte-St-Marti_31-150x150.jpg 150w\" sizes=\"auto, (max-width: 300px) 100vw, 300px\" \/><\/div><a class=\"w-gallery-item-link\" aria-label=\"\u00a9Laura G\u00e1lvez-Rhein\" href=\"https:\/\/fundaciosetba.org\/wp-content\/uploads\/2023\/10\/2023-09-21_Penjada-mural-Wad-Ras-Districte-St-Marti_31-scaled.jpg\" title=\"\u00a9Laura G\u00e1lvez-Rhein\"><\/a><\/div><\/div><\/div>\n","protected":false},"excerpt":{"rendered":"<p>Coincidiendo con las Fiestas de la Merced, la Fundaci\u00f3n Setba organiz\u00f3 una acci\u00f3n participativa ante el centro penitenciario Wad-Ras, con el objetivo de desestigmatizar y dar visibilidad a las mujeres internas en este centro.<\/p>\n","protected":false},"author":1,"featured_media":34586,"comment_status":"closed","ping_status":"closed","sticky":false,"template":"","format":"standard","meta":{"footnotes":""},"categories":[1350],"tags":[],"class_list":["post-34630","post","type-post","status-publish","format-standard","has-post-thumbnail","hentry","category-traspasando-el-objetivo-es"],"_links":{"self":[{"href":"https:\/\/fundaciosetba.org\/es\/wp-json\/wp\/v2\/posts\/34630","targetHints":{"allow":["GET"]}}],"collection":[{"href":"https:\/\/fundaciosetba.org\/es\/wp-json\/wp\/v2\/posts"}],"about":[{"href":"https:\/\/fundaciosetba.org\/es\/wp-json\/wp\/v2\/types\/post"}],"author":[{"embeddable":true,"href":"https:\/\/fundaciosetba.org\/es\/wp-json\/wp\/v2\/users\/1"}],"replies":[{"embeddable":true,"href":"https:\/\/fundaciosetba.org\/es\/wp-json\/wp\/v2\/comments?post=34630"}],"version-history":[{"count":1,"href":"https:\/\/fundaciosetba.org\/es\/wp-json\/wp\/v2\/posts\/34630\/revisions"}],"predecessor-version":[{"id":34631,"href":"https:\/\/fundaciosetba.org\/es\/wp-json\/wp\/v2\/posts\/34630\/revisions\/34631"}],"wp:featuredmedia":[{"embeddable":true,"href":"https:\/\/fundaciosetba.org\/es\/wp-json\/wp\/v2\/media\/34586"}],"wp:attachment":[{"href":"https:\/\/fundaciosetba.org\/es\/wp-json\/wp\/v2\/media?parent=34630"}],"wp:term":[{"taxonomy":"category","embeddable":true,"href":"https:\/\/fundaciosetba.org\/es\/wp-json\/wp\/v2\/categories?post=34630"},{"taxonomy":"post_tag","embeddable":true,"href":"https:\/\/fundaciosetba.org\/es\/wp-json\/wp\/v2\/tags?post=34630"}],"curies":[{"name":"wp","href":"https:\/\/api.w.org\/{rel}","templated":true}]}}