{"id":34653,"date":"2023-10-05T16:12:14","date_gmt":"2023-10-05T15:12:14","guid":{"rendered":"https:\/\/fundaciosetba.org\/nuevas-incorporaciones-al-patronato-de-la-fundacion-setba\/"},"modified":"2023-10-06T11:47:13","modified_gmt":"2023-10-06T10:47:13","slug":"nuevas-incorporaciones-al-patronato-de-la-fundacion-setba","status":"publish","type":"post","link":"https:\/\/fundaciosetba.org\/es\/nuevas-incorporaciones-al-patronato-de-la-fundacion-setba\/","title":{"rendered":"Nuevas incorporaciones al patronato de la Fundaci\u00f3n Setba"},"content":{"rendered":"<p>El Patronato es el \u00f3rgano de gobierno y de representaci\u00f3n de la fundaci\u00f3n. Es responsable de administrar los bienes y derechos que integran el patrimonio de la fundaci\u00f3n y de garantizar que se destinen eficazmente al cumplimiento de los fines fundacionales. El nuestro est\u00e1 <strong>constituido por personas del \u00e1mbito de la cultura, la gesti\u00f3n, la abogac\u00eda y la consultor\u00eda<\/strong>, entre otros.<\/p>\n<p>Hasta la fecha actual, el patronato de la Fundaci\u00f3n Setba estaba compuesto por las siguientes personas: Dario Olaortua Rumeu, en calidad de presidente; Yolanda Mora Morera, como vicepresidenta; Mariola Foix Llorens, en el cargo de vicepresidenta ejecutiva; Joan Rod\u00e9s Oliveras, actuando como secretario; y los vocales Anna Rosa Congost, Miquel Lerin Ribagor\u00e7ana, Josep F\u00e9lix Bentz Oliver, Maite Gonz\u00e1lez Rodr\u00edguez, y Cristina Sampere Fern\u00e1ndez.<\/p>\n<p>En junio de 2023, se realiz\u00f3 una renovaci\u00f3n en el patronato, con la salida de los vocales Anna Rosa Congost, Josep F\u00e9lix Bentz Oliver y Maite Gonz\u00e1lez Rodr\u00edguez, y la llegada de Helena Borb\u00f3n Porta y Jaume Freixas G\u00fcell como nuevos miembros.<\/p>\n<p><strong>Helena Borb\u00f3n Porta<\/strong> hab\u00eda sido gerente de la Fundaci\u00f3n Setba. Es ingeniera Industrial con una amplia experiencia profesional en la direcci\u00f3n de entidades sociales, educativas y culturales del tercer sector. Apuesta por un mundo m\u00e1s equitativo en el que se garantice la integraci\u00f3n en la sociedad de todas las personas y, para ello, el acceso a la cultura resulta imprescindible.<\/p>\n<p><strong>Jaume Freixas G\u00fcell<\/strong> es licenciado en Ciencias Empresariales en SGS, tuvo una carrera profesional en diversas \u00e1reas, principalmente en administraci\u00f3n y finanzas, en varias empresas como Velcro Europe, S.A. Ha sido presidente de la Fundaci\u00f3n &#8220;Nuestro Hogar Santa Anna&#8221; y actualmente es vicepresidente del Colegio del Arte Mayor de la Seda.<\/p>\n<p><a href=\"https:\/\/fundaciosetba.org\/la-fundacio\/\"><b>Ver todo el patronato<\/b><\/a><\/p>\n<p><strong>Fotograf\u00edas de Marta F\u00e0bregas Aragall por La Fotogr\u00e1fica<\/strong><\/p>\n","protected":false},"excerpt":{"rendered":"<p>A junio de 2023, se realiz\u00f3 una renovaci\u00f3n en el patronato, con la salida de los vocales Anna Rosa Congost, Josep F\u00e9lix Bentz Oliver y Maite Gonz\u00e1lez Rodr\u00edguez, y la llegada de Helena Borb\u00f3n Porta y Jaume Freixas G\u00fcell como nuevos miembros.<\/p>\n","protected":false},"author":1,"featured_media":34641,"comment_status":"closed","ping_status":"closed","sticky":false,"template":"","format":"standard","meta":{"footnotes":""},"categories":[1354],"tags":[],"class_list":["post-34653","post","type-post","status-publish","format-standard","has-post-thumbnail","hentry","category-noticias-relacionadas"],"_links":{"self":[{"href":"https:\/\/fundaciosetba.org\/es\/wp-json\/wp\/v2\/posts\/34653","targetHints":{"allow":["GET"]}}],"collection":[{"href":"https:\/\/fundaciosetba.org\/es\/wp-json\/wp\/v2\/posts"}],"about":[{"href":"https:\/\/fundaciosetba.org\/es\/wp-json\/wp\/v2\/types\/post"}],"author":[{"embeddable":true,"href":"https:\/\/fundaciosetba.org\/es\/wp-json\/wp\/v2\/users\/1"}],"replies":[{"embeddable":true,"href":"https:\/\/fundaciosetba.org\/es\/wp-json\/wp\/v2\/comments?post=34653"}],"version-history":[{"count":2,"href":"https:\/\/fundaciosetba.org\/es\/wp-json\/wp\/v2\/posts\/34653\/revisions"}],"predecessor-version":[{"id":34655,"href":"https:\/\/fundaciosetba.org\/es\/wp-json\/wp\/v2\/posts\/34653\/revisions\/34655"}],"wp:featuredmedia":[{"embeddable":true,"href":"https:\/\/fundaciosetba.org\/es\/wp-json\/wp\/v2\/media\/34641"}],"wp:attachment":[{"href":"https:\/\/fundaciosetba.org\/es\/wp-json\/wp\/v2\/media?parent=34653"}],"wp:term":[{"taxonomy":"category","embeddable":true,"href":"https:\/\/fundaciosetba.org\/es\/wp-json\/wp\/v2\/categories?post=34653"},{"taxonomy":"post_tag","embeddable":true,"href":"https:\/\/fundaciosetba.org\/es\/wp-json\/wp\/v2\/tags?post=34653"}],"curies":[{"name":"wp","href":"https:\/\/api.w.org\/{rel}","templated":true}]}}