{"id":34658,"date":"2023-09-26T14:38:12","date_gmt":"2023-09-26T13:38:12","guid":{"rendered":"https:\/\/fundaciosetba.org\/la-cultura-nos-salva-el-nuevo-spot-de-la-fundacion-setba\/"},"modified":"2023-10-06T12:07:17","modified_gmt":"2023-10-06T11:07:17","slug":"la-cultura-nos-salva-el-nuevo-spot-de-la-fundacion-setba","status":"publish","type":"post","link":"https:\/\/fundaciosetba.org\/es\/la-cultura-nos-salva-el-nuevo-spot-de-la-fundacion-setba\/","title":{"rendered":"La cultura nos salva, el nuevo spot de la Fundaci\u00f3n Setba"},"content":{"rendered":"<p>El pasado 18 de septiembre, durante la celebraci\u00f3n de la gala del Premio Setba, la Fundaci\u00f3n Setba abri\u00f3 la ceremonia con la presentaci\u00f3n de su primer spot &#8220;La cultura nos salva&#8221;.<\/p>\n<p>El audiovisual, de dos minutos y dieciocho segundos, recoge im\u00e1genes de los diferentes proyectos que se han llevado a cabo desde 2009, siendo las manos el hilo conductor como met\u00e1fora del soporte y de la ayuda que, como personas, muchas veces prestamos. Es un homenaje a todos los artistas que han colaborado con la Fundaci\u00f3n y muestra algunos de los impactos que se han conseguido a trav\u00e9s de los proyectos. La raz\u00f3n de ser de la Fundaci\u00f3n es la de generar resultados e impactos, ya que sin \u00e9stos, los proyectos dejan de tener sentido.<\/p>\n<p>V\u00eddeo dirigido por Llu\u00eds Bull\u00f3n, con gui\u00f3n de Laia Higuera y Cristina Sampere, y con la voz de Rosor Foret. Este trabajo visual resalta la importancia de la cultura como agente transformador en nuestra sociedad.<\/p>\n<p><strong>Audiovisual en catal\u00e1n:<\/strong><\/p>\n<p><iframe loading=\"lazy\" title=\"La cultura ens salva | Fundaci\u00f3 Setba\" width=\"640\" height=\"360\" src=\"https:\/\/www.youtube.com\/embed\/alQQObLXGgU?feature=oembed\" frameborder=\"0\" allow=\"accelerometer; autoplay; clipboard-write; encrypted-media; gyroscope; picture-in-picture; web-share\" allowfullscreen><\/iframe><\/p>\n<p><strong>Audiovisual en catal\u00e1n con subt\u00edtulos:<\/strong><\/p>\n<p><iframe loading=\"lazy\" title=\"La cultura ens salva | Fundaci\u00f3 Setba | VOSC\" width=\"640\" height=\"360\" src=\"https:\/\/www.youtube.com\/embed\/43juEg26oR8?feature=oembed\" frameborder=\"0\" allow=\"accelerometer; autoplay; clipboard-write; encrypted-media; gyroscope; picture-in-picture; web-share\" allowfullscreen><\/iframe><\/p>\n<p><strong>Audiovisual en castellano:<\/strong><\/p>\n<p><iframe loading=\"lazy\" title=\"La cultura nos salva | Fundaci\u00f3n Setba | ES\" width=\"640\" height=\"360\" src=\"https:\/\/www.youtube.com\/embed\/6Q0978XlPgI?feature=oembed\" frameborder=\"0\" allow=\"accelerometer; autoplay; clipboard-write; encrypted-media; gyroscope; picture-in-picture; web-share\" allowfullscreen><\/iframe><\/p>\n<p><strong>Audiovisual en castellano con subt\u00edtulos:<\/strong><\/p>\n<p><iframe loading=\"lazy\" title=\"La cultura nos salva | Fundaci\u00f3n Setba | VOSE\" width=\"640\" height=\"360\" src=\"https:\/\/www.youtube.com\/embed\/jBYft3XIaQg?feature=oembed\" frameborder=\"0\" allow=\"accelerometer; autoplay; clipboard-write; encrypted-media; gyroscope; picture-in-picture; web-share\" allowfullscreen><\/iframe><\/p>\n","protected":false},"excerpt":{"rendered":"<p>El pasado 18 de septiembre, durante la celebraci\u00f3n de la gala del Premio Setba, la Fundaci\u00f3n Setba abri\u00f3 la ceremonia con la presentaci\u00f3n de su primer spot &#8220;La cultura nos salva&#8221;.<\/p>\n","protected":false},"author":1,"featured_media":34472,"comment_status":"closed","ping_status":"closed","sticky":false,"template":"","format":"standard","meta":{"footnotes":""},"categories":[1352,1355,1353,1350,1349],"tags":[],"class_list":["post-34658","post","type-post","status-publish","format-standard","has-post-thumbnail","hentry","category-magistrales-es","category-naturaleza-es-cultura","category-premio-setba-es","category-traspasando-el-objetivo-es","category-traspasando-muros-es"],"_links":{"self":[{"href":"https:\/\/fundaciosetba.org\/es\/wp-json\/wp\/v2\/posts\/34658","targetHints":{"allow":["GET"]}}],"collection":[{"href":"https:\/\/fundaciosetba.org\/es\/wp-json\/wp\/v2\/posts"}],"about":[{"href":"https:\/\/fundaciosetba.org\/es\/wp-json\/wp\/v2\/types\/post"}],"author":[{"embeddable":true,"href":"https:\/\/fundaciosetba.org\/es\/wp-json\/wp\/v2\/users\/1"}],"replies":[{"embeddable":true,"href":"https:\/\/fundaciosetba.org\/es\/wp-json\/wp\/v2\/comments?post=34658"}],"version-history":[{"count":1,"href":"https:\/\/fundaciosetba.org\/es\/wp-json\/wp\/v2\/posts\/34658\/revisions"}],"predecessor-version":[{"id":34667,"href":"https:\/\/fundaciosetba.org\/es\/wp-json\/wp\/v2\/posts\/34658\/revisions\/34667"}],"wp:featuredmedia":[{"embeddable":true,"href":"https:\/\/fundaciosetba.org\/es\/wp-json\/wp\/v2\/media\/34472"}],"wp:attachment":[{"href":"https:\/\/fundaciosetba.org\/es\/wp-json\/wp\/v2\/media?parent=34658"}],"wp:term":[{"taxonomy":"category","embeddable":true,"href":"https:\/\/fundaciosetba.org\/es\/wp-json\/wp\/v2\/categories?post=34658"},{"taxonomy":"post_tag","embeddable":true,"href":"https:\/\/fundaciosetba.org\/es\/wp-json\/wp\/v2\/tags?post=34658"}],"curies":[{"name":"wp","href":"https:\/\/api.w.org\/{rel}","templated":true}]}}