{"id":34798,"date":"2023-10-09T09:46:53","date_gmt":"2023-10-09T08:46:53","guid":{"rendered":"https:\/\/fundaciosetba.org\/la-pigment-gallery-acoge-la-exposicion-premio-setba-2023\/"},"modified":"2023-10-18T14:32:23","modified_gmt":"2023-10-18T13:32:23","slug":"la-pigment-gallery-acoge-la-exposicion-premio-setba-2023","status":"publish","type":"post","link":"https:\/\/fundaciosetba.org\/es\/la-pigment-gallery-acoge-la-exposicion-premio-setba-2023\/","title":{"rendered":"La Pigment Gallery acoge la exposici\u00f3n Premio Setba 2023"},"content":{"rendered":"<p>Por segundo a\u00f1o consecutivo, la galer\u00eda de arte Pigment Gallery de Barcelona acoge la exposici\u00f3n del Premio Setba. Una exhibici\u00f3n que presenta las obras ganadoras y las finalistas del certamen art\u00edstico Premio Setba, el cual est\u00e1 dirigido a artistas con discapacidad intelectual.<\/p>\n<p>El Premio Setba, organizado por la Fundaci\u00f3n Setba y considerado el certamen art\u00edstico m\u00e1s destacado de su g\u00e9nero a nivel estatal, tiene como objetivo reconocer y promover la expresi\u00f3n art\u00edstica de artistas con discapacidad intelectual. Con una dotaci\u00f3n total de 7.900 \u20ac, este premio sirve como punto de encuentro para los profesionales del arte, entidades y empresas que comparten la misi\u00f3n de visibilizar el talento de estos creadores.<\/p>\n<p><strong>En esta edici\u00f3n, han participado un total de 1.460 personas, de las que s\u00f3lo 14 han sido seleccionadas<\/strong>. Ahora, gracias a la colaboraci\u00f3n con el Gremio de Galer\u00edas de Arte de Catalu\u00f1a, <strong>la sala Pigment Gallery, situada en la Calle Trafalgar, 70, y considerada un referente en el circuito art\u00edstico, las acoge en una exposici\u00f3n que estar\u00e1 abierta hasta el 15 de octubre.<\/strong><\/p>\n<p>Obras premiadas:<br \/>\n<strong>1er premio:<\/strong> <em>Un cuadro imponente<\/em> de Aina Fuster del CO Les Corts <strong>VENUT<\/strong><br \/>\n<strong>2\u00ba premio:<\/strong> <em>Teclas traviesas<\/em> de Jos\u00e9 Manuel Morales de la Fundaci\u00f3n Ampans <strong>VENUT<\/strong><br \/>\n<strong>3\u00ba premio:<\/strong> <em>El hotel de robots<\/em> del siglo XXI de Sof\u00eda Alegre de TEB Barcelona <strong>VENUT<\/strong><br \/>\n<strong>Premio del p\u00fablico:<\/strong> <em>En Pitu<\/em> de Mar Vallejos de la Asociaci\u00f3n Acudam<br \/>\n<strong>Premio de dise\u00f1o:<\/strong> Marta P\u00e9rez de la Fundaci\u00f3n Ampans<\/p>\n<p><strong>Obras finalistas<\/strong>:<br \/>\n7 obras finalistas de Ampans:<br \/>\n\u2022 <em>Lo veo todo<\/em> de Abel Luengo<br \/>\n\u2022 <em>Pensando en las musara\u00f1as<\/em> de Carmen \u00c1lvarez<br \/>\n\u2022 <em>Ara\u00f1a ragnarok<\/em> Alex Juarez<br \/>\n\u2022 <em>Chaparr\u00f3n<\/em> de Loli Sicilia <strong>VENUT<\/strong><br \/>\n\u2022 <em>De plumas y puntillas<\/em> de Mohamed Ghardach <strong>VENUT<\/strong><br \/>\n\u2022 <em>Transexualidad<\/em> de Noelia Bernal<br \/>\n\u2022 <em>Recuerdo de un sue\u00f1o<\/em> de Rosa Pardo<\/p>\n<p>1 obra finalista de Femarec:<br \/>\n\u2022 <em>Autorretrato<\/em> de Sergio Lechuga<\/p>\n<p>1 obra finalista de CO Les Corts:<br \/>\n\u2022 <em>Ambulancia de ciudad<\/em> de Andr\u00e9s Espierrez<\/p>\n","protected":false},"excerpt":{"rendered":"<p>La galer\u00eda de arte Pigment Gallery de Barcelona acoge la exposici\u00f3n del Premio Setba con las obras ganadoras y las finalistas del certamen art\u00edstico hasta el 15 de octubre<\/p>\n","protected":false},"author":1,"featured_media":34675,"comment_status":"closed","ping_status":"closed","sticky":false,"template":"","format":"standard","meta":{"footnotes":""},"categories":[1353],"tags":[],"class_list":["post-34798","post","type-post","status-publish","format-standard","has-post-thumbnail","hentry","category-premio-setba-es"],"_links":{"self":[{"href":"https:\/\/fundaciosetba.org\/es\/wp-json\/wp\/v2\/posts\/34798","targetHints":{"allow":["GET"]}}],"collection":[{"href":"https:\/\/fundaciosetba.org\/es\/wp-json\/wp\/v2\/posts"}],"about":[{"href":"https:\/\/fundaciosetba.org\/es\/wp-json\/wp\/v2\/types\/post"}],"author":[{"embeddable":true,"href":"https:\/\/fundaciosetba.org\/es\/wp-json\/wp\/v2\/users\/1"}],"replies":[{"embeddable":true,"href":"https:\/\/fundaciosetba.org\/es\/wp-json\/wp\/v2\/comments?post=34798"}],"version-history":[{"count":1,"href":"https:\/\/fundaciosetba.org\/es\/wp-json\/wp\/v2\/posts\/34798\/revisions"}],"predecessor-version":[{"id":34803,"href":"https:\/\/fundaciosetba.org\/es\/wp-json\/wp\/v2\/posts\/34798\/revisions\/34803"}],"wp:featuredmedia":[{"embeddable":true,"href":"https:\/\/fundaciosetba.org\/es\/wp-json\/wp\/v2\/media\/34675"}],"wp:attachment":[{"href":"https:\/\/fundaciosetba.org\/es\/wp-json\/wp\/v2\/media?parent=34798"}],"wp:term":[{"taxonomy":"category","embeddable":true,"href":"https:\/\/fundaciosetba.org\/es\/wp-json\/wp\/v2\/categories?post=34798"},{"taxonomy":"post_tag","embeddable":true,"href":"https:\/\/fundaciosetba.org\/es\/wp-json\/wp\/v2\/tags?post=34798"}],"curies":[{"name":"wp","href":"https:\/\/api.w.org\/{rel}","templated":true}]}}