{"id":34799,"date":"2023-10-10T16:24:36","date_gmt":"2023-10-10T15:24:36","guid":{"rendered":"https:\/\/fundaciosetba.org\/inauguracion-de-caminantes-en-el-festival-art-gavarres-en-el-dia-mundial-de-la-salud-mental\/"},"modified":"2023-10-18T14:33:34","modified_gmt":"2023-10-18T13:33:34","slug":"inauguracion-de-caminantes-en-el-festival-art-gavarres-en-el-dia-mundial-de-la-salud-mental","status":"publish","type":"post","link":"https:\/\/fundaciosetba.org\/es\/inauguracion-de-caminantes-en-el-festival-art-gavarres-en-el-dia-mundial-de-la-salud-mental\/","title":{"rendered":"Inauguraci\u00f3n de &#8216;Caminantes&#8217; en el Festival Art &amp; Gavarres en el D\u00eda Mundial de la Salud Mental"},"content":{"rendered":"<p>Coincidiendo con el <strong>D\u00eda Mundial de la Salud Mental<\/strong>, este martes 10 de octubre, ha tenido lugar la <strong>presentaci\u00f3n de la instalaci\u00f3n art\u00edstica &#8220;Caminantes&#8221;<\/strong>, realizada por usuarios y usuarias de entidades de salud mental, en el marco del proyecto &#8220;Natura \u00e9s Cultura&#8221; organizado por la Fundaci\u00f3n Setba, bajo la direcci\u00f3n art\u00edstica de Quim Moya con la colaboraci\u00f3n del ingeniero forestal Ignasi Vilarasau.<\/p>\n<p>La pieza est\u00e1 formada a partir de los troncos de pino carrasco del bosque del camino de la trashumancia de Avi\u00f1\u00f3n, recogidos y <strong>trabajados por los usuarios y usuarias de la Fundaci\u00f3n Drissa, Fundaci\u00f3n Vidal i Barraquer, Fundaci\u00f3n Horizonte de El Bergued\u00e0, CPB-Dr. F\u00e0bregas y la Fundaci\u00f3n Ampans<\/strong> que convivieron durante una semana en la residencia de artistas Cal Gras d&#8217;Aviny\u00f3 (Bages) y realizaron diferentes sesiones de land Art.<\/p>\n<p>Siguiendo el hilo conductor de la sequ\u00eda propuesto por el Festival, los protagonistas de la instalaci\u00f3n son troncos de pino carrasco que forman una hilera, en el camino que va hacia el lavadero en busca del agua. Algunas piezas est\u00e1n semi enterradas para dar la sensaci\u00f3n de movimiento y, a la vez, de arraigo en el territorio.<\/p>\n<p>Im\u00e1genes del montaje de la instalaci\u00f3n realizadas por la fot\u00f3grafa Laura G\u00e1lvez-Rhein:<\/p>\n<div class=\"w-gallery fit_cover wp_gallery type_grid action_popup_image ratio_1x1 count_9\" style=\"--columns:3;--items-gap:8px;\"><div class=\"w-gallery-list\"><div class=\"w-gallery-item\"><div class=\"w-gallery-item-img\"><img loading=\"lazy\" decoding=\"async\" width=\"300\" height=\"300\" src=\"https:\/\/fundaciosetba.org\/wp-content\/uploads\/2023\/10\/2023-10-04_Muntatge-Art-i-Gavarres_SETBA_01-300x300.jpg\" class=\"attachment-woocommerce_thumbnail size-woocommerce_thumbnail\" alt=\"\" srcset=\"https:\/\/fundaciosetba.org\/wp-content\/uploads\/2023\/10\/2023-10-04_Muntatge-Art-i-Gavarres_SETBA_01-300x300.jpg 300w, https:\/\/fundaciosetba.org\/wp-content\/uploads\/2023\/10\/2023-10-04_Muntatge-Art-i-Gavarres_SETBA_01-150x150.jpg 150w\" sizes=\"auto, (max-width: 300px) 100vw, 300px\" \/><\/div><a class=\"w-gallery-item-link\" aria-label=\"2023-10-04_Muntatge Art i Gavarres_SETBA_01\" href=\"https:\/\/fundaciosetba.org\/wp-content\/uploads\/2023\/10\/2023-10-04_Muntatge-Art-i-Gavarres_SETBA_01-scaled.jpg\" title=\"2023-10-04_Muntatge Art i Gavarres_SETBA_01\"><\/a><\/div><div class=\"w-gallery-item\"><div class=\"w-gallery-item-img\"><img loading=\"lazy\" decoding=\"async\" width=\"300\" height=\"300\" src=\"https:\/\/fundaciosetba.org\/wp-content\/uploads\/2023\/10\/2023-10-04_Muntatge-Art-i-Gavarres_SETBA_05-300x300.jpg\" class=\"attachment-woocommerce_thumbnail size-woocommerce_thumbnail\" alt=\"\" srcset=\"https:\/\/fundaciosetba.org\/wp-content\/uploads\/2023\/10\/2023-10-04_Muntatge-Art-i-Gavarres_SETBA_05-300x300.jpg 300w, https:\/\/fundaciosetba.org\/wp-content\/uploads\/2023\/10\/2023-10-04_Muntatge-Art-i-Gavarres_SETBA_05-150x150.jpg 150w\" sizes=\"auto, (max-width: 300px) 100vw, 300px\" \/><\/div><a class=\"w-gallery-item-link\" aria-label=\"2023-10-04_Muntatge Art i Gavarres_SETBA_05\" href=\"https:\/\/fundaciosetba.org\/wp-content\/uploads\/2023\/10\/2023-10-04_Muntatge-Art-i-Gavarres_SETBA_05-scaled.jpg\" title=\"2023-10-04_Muntatge Art i Gavarres_SETBA_05\"><\/a><\/div><div class=\"w-gallery-item\"><div class=\"w-gallery-item-img\"><img loading=\"lazy\" decoding=\"async\" width=\"300\" height=\"300\" src=\"https:\/\/fundaciosetba.org\/wp-content\/uploads\/2023\/10\/2023-10-04_Muntatge-Art-i-Gavarres_SETBA_06-300x300.jpg\" class=\"attachment-woocommerce_thumbnail size-woocommerce_thumbnail\" alt=\"\" srcset=\"https:\/\/fundaciosetba.org\/wp-content\/uploads\/2023\/10\/2023-10-04_Muntatge-Art-i-Gavarres_SETBA_06-300x300.jpg 300w, https:\/\/fundaciosetba.org\/wp-content\/uploads\/2023\/10\/2023-10-04_Muntatge-Art-i-Gavarres_SETBA_06-150x150.jpg 150w\" sizes=\"auto, (max-width: 300px) 100vw, 300px\" \/><\/div><a class=\"w-gallery-item-link\" aria-label=\"2023-10-04_Muntatge Art i Gavarres_SETBA_06\" href=\"https:\/\/fundaciosetba.org\/wp-content\/uploads\/2023\/10\/2023-10-04_Muntatge-Art-i-Gavarres_SETBA_06-scaled.jpg\" title=\"2023-10-04_Muntatge Art i Gavarres_SETBA_06\"><\/a><\/div><div class=\"w-gallery-item\"><div class=\"w-gallery-item-img\"><img loading=\"lazy\" decoding=\"async\" width=\"300\" height=\"300\" src=\"https:\/\/fundaciosetba.org\/wp-content\/uploads\/2023\/10\/2023-10-04_Muntatge-Art-i-Gavarres_SETBA_09-300x300.jpg\" class=\"attachment-woocommerce_thumbnail size-woocommerce_thumbnail\" alt=\"\" srcset=\"https:\/\/fundaciosetba.org\/wp-content\/uploads\/2023\/10\/2023-10-04_Muntatge-Art-i-Gavarres_SETBA_09-300x300.jpg 300w, https:\/\/fundaciosetba.org\/wp-content\/uploads\/2023\/10\/2023-10-04_Muntatge-Art-i-Gavarres_SETBA_09-150x150.jpg 150w\" sizes=\"auto, (max-width: 300px) 100vw, 300px\" \/><\/div><a class=\"w-gallery-item-link\" aria-label=\"2023-10-04_Muntatge Art i Gavarres_SETBA_09\" href=\"https:\/\/fundaciosetba.org\/wp-content\/uploads\/2023\/10\/2023-10-04_Muntatge-Art-i-Gavarres_SETBA_09-scaled.jpg\" title=\"2023-10-04_Muntatge Art i Gavarres_SETBA_09\"><\/a><\/div><div class=\"w-gallery-item\"><div class=\"w-gallery-item-img\"><img loading=\"lazy\" decoding=\"async\" width=\"300\" height=\"300\" src=\"https:\/\/fundaciosetba.org\/wp-content\/uploads\/2023\/10\/2023-10-04_Muntatge-Art-i-Gavarres_SETBA_12-300x300.jpg\" class=\"attachment-woocommerce_thumbnail size-woocommerce_thumbnail\" alt=\"\" srcset=\"https:\/\/fundaciosetba.org\/wp-content\/uploads\/2023\/10\/2023-10-04_Muntatge-Art-i-Gavarres_SETBA_12-300x300.jpg 300w, https:\/\/fundaciosetba.org\/wp-content\/uploads\/2023\/10\/2023-10-04_Muntatge-Art-i-Gavarres_SETBA_12-150x150.jpg 150w\" sizes=\"auto, (max-width: 300px) 100vw, 300px\" \/><\/div><a class=\"w-gallery-item-link\" aria-label=\"2023-10-04_Muntatge Art i Gavarres_SETBA_12\" href=\"https:\/\/fundaciosetba.org\/wp-content\/uploads\/2023\/10\/2023-10-04_Muntatge-Art-i-Gavarres_SETBA_12-scaled.jpg\" title=\"2023-10-04_Muntatge Art i Gavarres_SETBA_12\"><\/a><\/div><div class=\"w-gallery-item\"><div class=\"w-gallery-item-img\"><img loading=\"lazy\" decoding=\"async\" width=\"300\" height=\"300\" src=\"https:\/\/fundaciosetba.org\/wp-content\/uploads\/2023\/10\/2023-10-04_Muntatge-Art-i-Gavarres_SETBA_13-300x300.jpg\" class=\"attachment-woocommerce_thumbnail size-woocommerce_thumbnail\" alt=\"\" srcset=\"https:\/\/fundaciosetba.org\/wp-content\/uploads\/2023\/10\/2023-10-04_Muntatge-Art-i-Gavarres_SETBA_13-300x300.jpg 300w, https:\/\/fundaciosetba.org\/wp-content\/uploads\/2023\/10\/2023-10-04_Muntatge-Art-i-Gavarres_SETBA_13-150x150.jpg 150w\" sizes=\"auto, (max-width: 300px) 100vw, 300px\" \/><\/div><a class=\"w-gallery-item-link\" aria-label=\"2023-10-04_Muntatge Art i Gavarres_SETBA_13\" href=\"https:\/\/fundaciosetba.org\/wp-content\/uploads\/2023\/10\/2023-10-04_Muntatge-Art-i-Gavarres_SETBA_13-scaled.jpg\" title=\"2023-10-04_Muntatge Art i Gavarres_SETBA_13\"><\/a><\/div><div class=\"w-gallery-item\"><div class=\"w-gallery-item-img\"><img loading=\"lazy\" decoding=\"async\" width=\"300\" height=\"300\" src=\"https:\/\/fundaciosetba.org\/wp-content\/uploads\/2023\/10\/2023-10-04_Muntatge-Art-i-Gavarres_SETBA_15-300x300.jpg\" class=\"attachment-woocommerce_thumbnail size-woocommerce_thumbnail\" alt=\"\" srcset=\"https:\/\/fundaciosetba.org\/wp-content\/uploads\/2023\/10\/2023-10-04_Muntatge-Art-i-Gavarres_SETBA_15-300x300.jpg 300w, https:\/\/fundaciosetba.org\/wp-content\/uploads\/2023\/10\/2023-10-04_Muntatge-Art-i-Gavarres_SETBA_15-150x150.jpg 150w\" sizes=\"auto, (max-width: 300px) 100vw, 300px\" \/><\/div><a class=\"w-gallery-item-link\" aria-label=\"2023-10-04_Muntatge Art i Gavarres_SETBA_15\" href=\"https:\/\/fundaciosetba.org\/wp-content\/uploads\/2023\/10\/2023-10-04_Muntatge-Art-i-Gavarres_SETBA_15-scaled.jpg\" title=\"2023-10-04_Muntatge Art i Gavarres_SETBA_15\"><\/a><\/div><div class=\"w-gallery-item\"><div class=\"w-gallery-item-img\"><img loading=\"lazy\" decoding=\"async\" width=\"300\" height=\"300\" src=\"https:\/\/fundaciosetba.org\/wp-content\/uploads\/2023\/10\/2023-10-04_Muntatge-Art-i-Gavarres_SETBA_31-300x300.jpg\" class=\"attachment-woocommerce_thumbnail size-woocommerce_thumbnail\" alt=\"\" srcset=\"https:\/\/fundaciosetba.org\/wp-content\/uploads\/2023\/10\/2023-10-04_Muntatge-Art-i-Gavarres_SETBA_31-300x300.jpg 300w, https:\/\/fundaciosetba.org\/wp-content\/uploads\/2023\/10\/2023-10-04_Muntatge-Art-i-Gavarres_SETBA_31-150x150.jpg 150w\" sizes=\"auto, (max-width: 300px) 100vw, 300px\" \/><\/div><a class=\"w-gallery-item-link\" aria-label=\"2023-10-04_Muntatge Art i Gavarres_SETBA_31\" href=\"https:\/\/fundaciosetba.org\/wp-content\/uploads\/2023\/10\/2023-10-04_Muntatge-Art-i-Gavarres_SETBA_31-scaled.jpg\" title=\"2023-10-04_Muntatge Art i Gavarres_SETBA_31\"><\/a><\/div><div class=\"w-gallery-item\"><div class=\"w-gallery-item-img\"><img loading=\"lazy\" decoding=\"async\" width=\"300\" height=\"300\" src=\"https:\/\/fundaciosetba.org\/wp-content\/uploads\/2023\/10\/2023-10-04_Muntatge-Art-i-Gavarres_SETBA_40-300x300.jpg\" class=\"attachment-woocommerce_thumbnail size-woocommerce_thumbnail\" alt=\"\" srcset=\"https:\/\/fundaciosetba.org\/wp-content\/uploads\/2023\/10\/2023-10-04_Muntatge-Art-i-Gavarres_SETBA_40-300x300.jpg 300w, https:\/\/fundaciosetba.org\/wp-content\/uploads\/2023\/10\/2023-10-04_Muntatge-Art-i-Gavarres_SETBA_40-150x150.jpg 150w\" sizes=\"auto, (max-width: 300px) 100vw, 300px\" \/><\/div><a class=\"w-gallery-item-link\" aria-label=\"2023-10-04_Muntatge Art i Gavarres_SETBA_40\" href=\"https:\/\/fundaciosetba.org\/wp-content\/uploads\/2023\/10\/2023-10-04_Muntatge-Art-i-Gavarres_SETBA_40-scaled.jpg\" title=\"2023-10-04_Muntatge Art i Gavarres_SETBA_40\"><\/a><\/div><\/div><\/div>\n<p>La presentaci\u00f3n ha tenido lugar en el <strong>camino de Galligants<\/strong> donde est\u00e1 instalada la obra que <strong>se podr\u00e1 visitar libremente hasta el 9 de noviembre dentro de<\/strong> la programaci\u00f3n de la sexta edici\u00f3n del Festival Art i Gavarres.<\/p>\n<p>En el acto han participado Marta Pi, jefa del servicio de Cooperaci\u00f3n Cultural, la Lali Torrellas, t\u00e9cnica de Cultura, Eva Cors, t\u00e9cnica de difusi\u00f3n y acci\u00f3n cultural, y Quim Gubau, gerente de Arte y Gavarres. Y por parte de la Fundaci\u00f3n Drissa, adem\u00e1s de algunos usuarios y usar\u00edas, ha asistido tambi\u00e9n la N\u00faria Fornales, psic\u00f3loga coordinadora.<\/p>\n<p>&nbsp;<\/p>\n<div class=\"w-gallery fit_cover wp_gallery type_grid action_popup_image ratio_1x1 count_4\" style=\"--columns:4;--items-gap:8px;\"><div class=\"w-gallery-list\"><div class=\"w-gallery-item\"><div class=\"w-gallery-item-img\"><img loading=\"lazy\" decoding=\"async\" width=\"300\" height=\"300\" src=\"https:\/\/fundaciosetba.org\/wp-content\/uploads\/2023\/10\/WhatsApp-Image-2023-10-10-at-11.59.28-5-300x300.jpeg\" class=\"attachment-woocommerce_thumbnail size-woocommerce_thumbnail\" alt=\"\" srcset=\"https:\/\/fundaciosetba.org\/wp-content\/uploads\/2023\/10\/WhatsApp-Image-2023-10-10-at-11.59.28-5-300x300.jpeg 300w, https:\/\/fundaciosetba.org\/wp-content\/uploads\/2023\/10\/WhatsApp-Image-2023-10-10-at-11.59.28-5-150x150.jpeg 150w\" sizes=\"auto, (max-width: 300px) 100vw, 300px\" \/><\/div><a class=\"w-gallery-item-link\" aria-label=\"WhatsApp Image 2023-10-10 at 11.59.28 (5)\" href=\"https:\/\/fundaciosetba.org\/wp-content\/uploads\/2023\/10\/WhatsApp-Image-2023-10-10-at-11.59.28-5.jpeg\" title=\"WhatsApp Image 2023-10-10 at 11.59.28 (5)\"><\/a><\/div><div class=\"w-gallery-item\"><div class=\"w-gallery-item-img\"><img loading=\"lazy\" decoding=\"async\" width=\"300\" height=\"300\" src=\"https:\/\/fundaciosetba.org\/wp-content\/uploads\/2023\/10\/WhatsApp-Image-2023-10-10-at-11.59.26-1-300x300.jpeg\" class=\"attachment-woocommerce_thumbnail size-woocommerce_thumbnail\" alt=\"\" srcset=\"https:\/\/fundaciosetba.org\/wp-content\/uploads\/2023\/10\/WhatsApp-Image-2023-10-10-at-11.59.26-1-300x300.jpeg 300w, https:\/\/fundaciosetba.org\/wp-content\/uploads\/2023\/10\/WhatsApp-Image-2023-10-10-at-11.59.26-1-150x150.jpeg 150w\" sizes=\"auto, (max-width: 300px) 100vw, 300px\" \/><\/div><a class=\"w-gallery-item-link\" aria-label=\"WhatsApp Image 2023-10-10 at 11.59.26 (1)\" href=\"https:\/\/fundaciosetba.org\/wp-content\/uploads\/2023\/10\/WhatsApp-Image-2023-10-10-at-11.59.26-1.jpeg\" title=\"WhatsApp Image 2023-10-10 at 11.59.26 (1)\"><\/a><\/div><div class=\"w-gallery-item\"><div class=\"w-gallery-item-img\"><img loading=\"lazy\" decoding=\"async\" width=\"300\" height=\"300\" src=\"https:\/\/fundaciosetba.org\/wp-content\/uploads\/2023\/10\/WhatsApp-Image-2023-10-10-at-11.59.16-2-300x300.jpeg\" class=\"attachment-woocommerce_thumbnail size-woocommerce_thumbnail\" alt=\"\" srcset=\"https:\/\/fundaciosetba.org\/wp-content\/uploads\/2023\/10\/WhatsApp-Image-2023-10-10-at-11.59.16-2-300x300.jpeg 300w, https:\/\/fundaciosetba.org\/wp-content\/uploads\/2023\/10\/WhatsApp-Image-2023-10-10-at-11.59.16-2-150x150.jpeg 150w\" sizes=\"auto, (max-width: 300px) 100vw, 300px\" \/><\/div><a class=\"w-gallery-item-link\" aria-label=\"WhatsApp Image 2023-10-10 at 11.59.16 (2)\" href=\"https:\/\/fundaciosetba.org\/wp-content\/uploads\/2023\/10\/WhatsApp-Image-2023-10-10-at-11.59.16-2.jpeg\" title=\"WhatsApp Image 2023-10-10 at 11.59.16 (2)\"><\/a><\/div><div class=\"w-gallery-item\"><div class=\"w-gallery-item-img\"><img loading=\"lazy\" decoding=\"async\" width=\"300\" height=\"300\" src=\"https:\/\/fundaciosetba.org\/wp-content\/uploads\/2023\/10\/WhatsApp-Image-2023-10-10-at-11.59.12-1-300x300.jpeg\" class=\"attachment-woocommerce_thumbnail size-woocommerce_thumbnail\" alt=\"\" srcset=\"https:\/\/fundaciosetba.org\/wp-content\/uploads\/2023\/10\/WhatsApp-Image-2023-10-10-at-11.59.12-1-300x300.jpeg 300w, https:\/\/fundaciosetba.org\/wp-content\/uploads\/2023\/10\/WhatsApp-Image-2023-10-10-at-11.59.12-1-150x150.jpeg 150w\" sizes=\"auto, (max-width: 300px) 100vw, 300px\" \/><\/div><a class=\"w-gallery-item-link\" aria-label=\"WhatsApp Image 2023-10-10 at 11.59.12 (1)\" href=\"https:\/\/fundaciosetba.org\/wp-content\/uploads\/2023\/10\/WhatsApp-Image-2023-10-10-at-11.59.12-1.jpeg\" title=\"WhatsApp Image 2023-10-10 at 11.59.12 (1)\"><\/a><\/div><\/div><\/div>\n<p><strong>Sobre Art &amp; Gavarres<\/strong><br \/>\nEl Festival Internacional de Arte y Paisaje en Les Gavarres parte de la idea de que el arte puede ser una herramienta que nos ayude a reflexionar y a cambiar nuestra mirada sobre el paisaje. Se relaciona arte y naturaleza para dar a conocer este espacio natural protegido y reivindicarlo.<br \/>\nLos artistas participantes crean durante una semana obras in situ con materiales naturales. Cualquier persona interesada puede visitar esta muestra y descubrir estas intervenciones art\u00edsticas ef\u00edmeras, adentr\u00e1ndose en Les Gavarres. Las obras son visitables hasta que la misma naturaleza, con el paso del tiempo, las borre.<\/p>\n<p>Este 2023, siguiendo con la idea de las pasadas ediciones, el Festival ha invitado tanto a artistas con una trayectoria consolidada como artistas emergentes. Los participantes de este a\u00f1o son: Ci\u00f3 Abell\u00ed y Alfons Pluj\u00e0, Curro Claret, Delphine Labedan, Elena Garcia, Et\u00e8ries, Fundaci\u00f3n SETBA, Guillermo Olmo, Jordi Batall\u00e9, alumnos del M\u00e1ster en dise\u00f1o param\u00e9trico en arquitectura (UPC), Mia Llauder, Olga Sol\u00e0, Pilar Ors y Julio Borg, Quim Moya, Sebi Subir\u00f3s, Tania Font, Team Fleur, Toya Legido y Xavier Bob\u00e9s.<\/p>\n<p>El Festival Art &amp; Gavarres est\u00e1 organizado por el Consorcio de Les Gavarres, un ente adscrito a la Diputaci\u00f3n de Girona, con la colaboraci\u00f3n de B\u00f2lit, Centro de Arte Contempor\u00e1neo, y los ayuntamientos que forman parte de la misma, y con el apoyo de la OSIC (Oficina de Apoyo a la Iniciativa Cultural) del Departamento de Cultura.<\/p>\n<p>M\u00e1s informaci\u00f3n en <a href=\"http:\/\/www.artigavarres.cat\">www.artigavarres.cat<\/a><\/p>\n","protected":false},"excerpt":{"rendered":"<p>Coincidiendo con el D\u00eda Mundial de la Salud Mental ha tenido lugar la presentaci\u00f3n de la instalaci\u00f3n art\u00edstica &#8220;Caminantes&#8221; en el Festival Art &amp; Gavarres<\/p>\n","protected":false},"author":1,"featured_media":34732,"comment_status":"closed","ping_status":"closed","sticky":false,"template":"","format":"standard","meta":{"footnotes":""},"categories":[1355],"tags":[],"class_list":["post-34799","post","type-post","status-publish","format-standard","has-post-thumbnail","hentry","category-naturaleza-es-cultura"],"_links":{"self":[{"href":"https:\/\/fundaciosetba.org\/es\/wp-json\/wp\/v2\/posts\/34799","targetHints":{"allow":["GET"]}}],"collection":[{"href":"https:\/\/fundaciosetba.org\/es\/wp-json\/wp\/v2\/posts"}],"about":[{"href":"https:\/\/fundaciosetba.org\/es\/wp-json\/wp\/v2\/types\/post"}],"author":[{"embeddable":true,"href":"https:\/\/fundaciosetba.org\/es\/wp-json\/wp\/v2\/users\/1"}],"replies":[{"embeddable":true,"href":"https:\/\/fundaciosetba.org\/es\/wp-json\/wp\/v2\/comments?post=34799"}],"version-history":[{"count":1,"href":"https:\/\/fundaciosetba.org\/es\/wp-json\/wp\/v2\/posts\/34799\/revisions"}],"predecessor-version":[{"id":34800,"href":"https:\/\/fundaciosetba.org\/es\/wp-json\/wp\/v2\/posts\/34799\/revisions\/34800"}],"wp:featuredmedia":[{"embeddable":true,"href":"https:\/\/fundaciosetba.org\/es\/wp-json\/wp\/v2\/media\/34732"}],"wp:attachment":[{"href":"https:\/\/fundaciosetba.org\/es\/wp-json\/wp\/v2\/media?parent=34799"}],"wp:term":[{"taxonomy":"category","embeddable":true,"href":"https:\/\/fundaciosetba.org\/es\/wp-json\/wp\/v2\/categories?post=34799"},{"taxonomy":"post_tag","embeddable":true,"href":"https:\/\/fundaciosetba.org\/es\/wp-json\/wp\/v2\/tags?post=34799"}],"curies":[{"name":"wp","href":"https:\/\/api.w.org\/{rel}","templated":true}]}}