{"id":34801,"date":"2023-10-11T09:46:50","date_gmt":"2023-10-11T08:46:50","guid":{"rendered":"https:\/\/fundaciosetba.org\/la-fundacion-setba-nominada-a-los-premios-time-out-cultura\/"},"modified":"2023-10-18T14:37:44","modified_gmt":"2023-10-18T13:37:44","slug":"la-fundacion-setba-nominada-a-los-premios-time-out-cultura","status":"publish","type":"post","link":"https:\/\/fundaciosetba.org\/es\/la-fundacion-setba-nominada-a-los-premios-time-out-cultura\/","title":{"rendered":"La Fundaci\u00f3n Setba nominada a los Premios Time Out Cultura"},"content":{"rendered":"<p>Time Out Barcelona nos ha <strong>nominado a los premios de cultura en la categor\u00eda de &#8220;Mejor Iniciativa Cultural Social&#8221;<\/strong>, junto con &#8216;La Gata Perdida&#8217; y &#8216;Periferia Cimarrones&#8217;.<\/p>\n<p><strong>Los ganadores, que se har\u00e1n p\u00fablicos el 16 de octubre en la sala La Paloma<\/strong>, fueron elegidos por un jurado formado por el actor, director y dramaturgo Iv\u00e1n Morales, la periodista Montse Virgili, la ilustradora y dise\u00f1adora Queralt Guinart, Fanny Campeny, Client Service Director en IPG Mediabrands, Mireia Domingo, directora de CaixaForum, y cuatro editores de Time Out Barcelona: Borja Du\u00f1\u00f3, Eug\u00e8nia G\u00fcell, Rita Roig y Mar\u00eda Jos\u00e9 G\u00f3mez.<\/p>\n<p><strong>Todas las nominaciones:<\/strong><br \/>\nEn la categor\u00eda <strong>Mejor creador o creadora<\/strong>, las nominadas son la directora, actriz y guionista Elena Mart\u00edn, la ilustradora Roc\u00edo Quillahuaman y la bailarina, core\u00f3grafa y performer Aina Alegre, mientras que en la de <strong>artista emergente<\/strong> encontramos a la cantado Oliveras Colom, el dibujante Marc Torices y la dise\u00f1adora Gina Guasch.<\/p>\n<p>Como <strong>Mejor obra<\/strong> tenemos &#8216;Riders of the Canyon&#8217; (disco del grupo hom\u00f3nimo), &#8216;La historia de los vertebrados&#8217; (libro de Mar Garc\u00eda Puig) y el documental &#8216;Alteritats&#8217;; y los finalistas de <strong>Mejor iniciativa cultural social<\/strong> son la \u00f3pera colaborativa &#8216;La gata perdida&#8217;, la Fundaci\u00f3n Setba y Periferia Cimarronas.<\/p>\n<p>Est\u00e1n nominadas a <strong>Mejor exposici\u00f3n<\/strong>, &#8216;Constelaci\u00f3n gr\u00e1fica&#8217; (CCCB), Amigos imaginarios (Fundaci\u00f3n Mir\u00f3) y La mano guiada (MNAC); compiten como <strong>Mejor espect\u00e1culo<\/strong> &#8216;De los intestinos una soga y del culo un saco de gemidos&#8217; (Sala Beckett), el concierto de Las Ninyas del Corro en la jornada inaugural del Cru\u00eflla y la actuaci\u00f3n de Carles Viarn\u00e8s &amp; Alba G. Corral en el S\u00f3nar; y el <strong>Mejor evento o festival<\/strong> se disputa entre los recitales po\u00e9ticos de L&#8217;Horiginal, el Sarao Drag Futuroa y Jazztr\u00f3nica.<\/p>\n<p>En <strong>el Proyecto m\u00e1s innovador<\/strong> hay Festival Real &#8211; 360\u00ba Experiencias Binaurales, Jazz desde el corredor de la muerte, de Albert Marqu\u00e8s, y La Infinita; mientras que en la <strong>Apertura del a\u00f1o<\/strong> encontramos Heartbreak Hotel y Espacio Texas (ex aequo), La Conxita de Santos y La Paloma.<\/p>\n<p><em>Texto de Time Out<\/em><\/p>\n<p>&nbsp;<\/p>\n","protected":false},"excerpt":{"rendered":"<p>Time Out Barcelona nos ha nominado a los premios de cultura en la categor\u00eda de &#8220;Mejor Iniciativa Cultural Social&#8221;, junto con &#8216;La Gata Perdida&#8217; y &#8216;Periferia Cimarrones&#8217;.<\/p>\n","protected":false},"author":1,"featured_media":34741,"comment_status":"closed","ping_status":"closed","sticky":false,"template":"","format":"standard","meta":{"footnotes":""},"categories":[1354],"tags":[],"class_list":["post-34801","post","type-post","status-publish","format-standard","has-post-thumbnail","hentry","category-noticias-relacionadas"],"_links":{"self":[{"href":"https:\/\/fundaciosetba.org\/es\/wp-json\/wp\/v2\/posts\/34801","targetHints":{"allow":["GET"]}}],"collection":[{"href":"https:\/\/fundaciosetba.org\/es\/wp-json\/wp\/v2\/posts"}],"about":[{"href":"https:\/\/fundaciosetba.org\/es\/wp-json\/wp\/v2\/types\/post"}],"author":[{"embeddable":true,"href":"https:\/\/fundaciosetba.org\/es\/wp-json\/wp\/v2\/users\/1"}],"replies":[{"embeddable":true,"href":"https:\/\/fundaciosetba.org\/es\/wp-json\/wp\/v2\/comments?post=34801"}],"version-history":[{"count":1,"href":"https:\/\/fundaciosetba.org\/es\/wp-json\/wp\/v2\/posts\/34801\/revisions"}],"predecessor-version":[{"id":34804,"href":"https:\/\/fundaciosetba.org\/es\/wp-json\/wp\/v2\/posts\/34801\/revisions\/34804"}],"wp:featuredmedia":[{"embeddable":true,"href":"https:\/\/fundaciosetba.org\/es\/wp-json\/wp\/v2\/media\/34741"}],"wp:attachment":[{"href":"https:\/\/fundaciosetba.org\/es\/wp-json\/wp\/v2\/media?parent=34801"}],"wp:term":[{"taxonomy":"category","embeddable":true,"href":"https:\/\/fundaciosetba.org\/es\/wp-json\/wp\/v2\/categories?post=34801"},{"taxonomy":"post_tag","embeddable":true,"href":"https:\/\/fundaciosetba.org\/es\/wp-json\/wp\/v2\/tags?post=34801"}],"curies":[{"name":"wp","href":"https:\/\/api.w.org\/{rel}","templated":true}]}}