{"id":35073,"date":"2023-10-19T15:56:44","date_gmt":"2023-10-19T14:56:44","guid":{"rendered":"https:\/\/fundaciosetba.org\/correspondencia-artistica-una-nueva-exposicion-que-une-arte-y-salud-mental\/"},"modified":"2023-10-19T16:57:06","modified_gmt":"2023-10-19T15:57:06","slug":"correspondencia-artistica-una-nueva-exposicion-que-une-arte-y-salud-mental","status":"publish","type":"post","link":"https:\/\/fundaciosetba.org\/es\/correspondencia-artistica-una-nueva-exposicion-que-une-arte-y-salud-mental\/","title":{"rendered":"&#8216;Correspondencia art\u00edstica&#8217;, una nueva exposici\u00f3n que une arte y salud mental"},"content":{"rendered":"<p>El pasado 17 de octubre, en el marco del <strong>D\u00eda Mundial de la Salud Mental<\/strong>, se inaugur\u00f3 la exposici\u00f3n &#8220;Correspondencia art\u00edstica&#8221; en el espacio &#8220;El arte de vivir&#8221; de la Fundaci\u00f3n Ampans, en Manresa.<\/p>\n<p>La muestra es el <strong>resultado de la actividad de mediaci\u00f3n art\u00edstica entre alumnado de 2\u00ba de ESO del Instituto Manresa Seis y usuarios y usuarias del Servicio Prelaboral<\/strong> (unidad de salud mental) <strong>y del taller L&#8217;Art de Vivir<\/strong> (artistas con discapacidad intelectual) de la Fundaci\u00f3n Ampans. Esta iniciativa se enmarca en el proyecto de respiro art\u00edstico <em>Natura es Cultura<\/em>, organizado por la Fundaci\u00f3n Setba.<\/p>\n<p>Sesenta y dos participantes se han comunicado con palabras y colores. <strong>Han intercambiado cartas y han pintado a cuatro manos sobre rel\u00e1jagos de pino<\/strong>. Por una cara, treinta y un alumnos del Instituto, y por la otra, treinta y uno de Ampans.<\/p>\n<div class=\"w-gallery fit_cover wp_gallery type_grid action_popup_image ratio_1x1 count_4\" style=\"--columns:4;--items-gap:8px;\"><div class=\"w-gallery-list\"><div class=\"w-gallery-item\"><div class=\"w-gallery-item-img\"><img loading=\"lazy\" decoding=\"async\" width=\"300\" height=\"300\" src=\"https:\/\/fundaciosetba.org\/wp-content\/uploads\/2023\/10\/aMPANS-300x300.jpeg\" class=\"attachment-woocommerce_thumbnail size-woocommerce_thumbnail\" alt=\"\" srcset=\"https:\/\/fundaciosetba.org\/wp-content\/uploads\/2023\/10\/aMPANS-300x300.jpeg 300w, https:\/\/fundaciosetba.org\/wp-content\/uploads\/2023\/10\/aMPANS-150x150.jpeg 150w\" sizes=\"auto, (max-width: 300px) 100vw, 300px\" \/><\/div><a class=\"w-gallery-item-link\" aria-label=\"aMPANS\" href=\"https:\/\/fundaciosetba.org\/wp-content\/uploads\/2023\/10\/aMPANS.jpeg\" title=\"aMPANS\"><\/a><\/div><div class=\"w-gallery-item\"><div class=\"w-gallery-item-img\"><img loading=\"lazy\" decoding=\"async\" width=\"300\" height=\"300\" src=\"https:\/\/fundaciosetba.org\/wp-content\/uploads\/2023\/10\/IMG_9326-300x300.jpg\" class=\"attachment-woocommerce_thumbnail size-woocommerce_thumbnail\" alt=\"\" srcset=\"https:\/\/fundaciosetba.org\/wp-content\/uploads\/2023\/10\/IMG_9326-300x300.jpg 300w, https:\/\/fundaciosetba.org\/wp-content\/uploads\/2023\/10\/IMG_9326-150x150.jpg 150w\" sizes=\"auto, (max-width: 300px) 100vw, 300px\" \/><\/div><a class=\"w-gallery-item-link\" aria-label=\"IMG_9326\" href=\"https:\/\/fundaciosetba.org\/wp-content\/uploads\/2023\/10\/IMG_9326-scaled.jpg\" title=\"IMG_9326\"><\/a><\/div><div class=\"w-gallery-item\"><div class=\"w-gallery-item-img\"><img loading=\"lazy\" decoding=\"async\" width=\"300\" height=\"300\" src=\"https:\/\/fundaciosetba.org\/wp-content\/uploads\/2023\/10\/IMG_9328-300x300.jpg\" class=\"attachment-woocommerce_thumbnail size-woocommerce_thumbnail\" alt=\"\" srcset=\"https:\/\/fundaciosetba.org\/wp-content\/uploads\/2023\/10\/IMG_9328-300x300.jpg 300w, https:\/\/fundaciosetba.org\/wp-content\/uploads\/2023\/10\/IMG_9328-150x150.jpg 150w\" sizes=\"auto, (max-width: 300px) 100vw, 300px\" \/><\/div><a class=\"w-gallery-item-link\" aria-label=\"IMG_9328\" href=\"https:\/\/fundaciosetba.org\/wp-content\/uploads\/2023\/10\/IMG_9328-scaled.jpg\" title=\"IMG_9328\"><\/a><\/div><div class=\"w-gallery-item\"><div class=\"w-gallery-item-img\"><img loading=\"lazy\" decoding=\"async\" width=\"300\" height=\"300\" src=\"https:\/\/fundaciosetba.org\/wp-content\/uploads\/2023\/10\/IMG_9334-300x300.jpg\" class=\"attachment-woocommerce_thumbnail size-woocommerce_thumbnail\" alt=\"\" srcset=\"https:\/\/fundaciosetba.org\/wp-content\/uploads\/2023\/10\/IMG_9334-300x300.jpg 300w, https:\/\/fundaciosetba.org\/wp-content\/uploads\/2023\/10\/IMG_9334-150x150.jpg 150w\" sizes=\"auto, (max-width: 300px) 100vw, 300px\" \/><\/div><a class=\"w-gallery-item-link\" aria-label=\"IMG_9334\" href=\"https:\/\/fundaciosetba.org\/wp-content\/uploads\/2023\/10\/IMG_9334-scaled.jpg\" title=\"IMG_9334\"><\/a><\/div><\/div><\/div>\n<p>El objetivo de esta &#8220;Correspondencia art\u00edstica&#8221; es <strong>mostrar la capacidad de comunicaci\u00f3n y mediaci\u00f3n que tiene el arte y contribuir a la lucha contra el estigma del trastorno mental.<\/strong><\/p>\n<p>La inauguraci\u00f3n fue presidida por Sebasti\u00e0 Catll\u00e0 presidente de la Fundaci\u00f3n Ampans con la asistencia de los participantes de la actividad de Ampans, de Maria Santamaria miembro del claustro del Instituto Manresa Sis acompa\u00f1ada de cuatro alumnos del Instituto en representaci\u00f3n de la clase y de Cristina Sampere, directora de la Fundaci\u00f3n Setba.<\/p>\n<p>La exposici\u00f3n estar\u00e1 <strong>abierta hasta el 17 de noviembre<\/strong> de 2023 y <strong>se podr\u00e1 visitar de lunes a viernes de 9 a 17 h con cita previa<\/strong>. Para concertar la visita llamar al tel\u00e9fono 93 017 58 10 (ext. 6207 o 6208) o al 699 82 85 11. El espacio L&#8217;Art de Vivir de la Fundaci\u00f3 Ampans est\u00e1 en la calle Bernat Cabrera, 10-14.<\/p>\n<div class=\"w-gallery fit_cover wp_gallery type_grid action_popup_image ratio_1x1 count_6\" style=\"--columns:3;--items-gap:8px;\"><div class=\"w-gallery-list\"><div class=\"w-gallery-item\"><div class=\"w-gallery-item-img\"><img loading=\"lazy\" decoding=\"async\" width=\"300\" height=\"300\" src=\"https:\/\/fundaciosetba.org\/wp-content\/uploads\/2023\/10\/DSCF6309-300x300.jpg\" class=\"attachment-woocommerce_thumbnail size-woocommerce_thumbnail\" alt=\"\" srcset=\"https:\/\/fundaciosetba.org\/wp-content\/uploads\/2023\/10\/DSCF6309-300x300.jpg 300w, https:\/\/fundaciosetba.org\/wp-content\/uploads\/2023\/10\/DSCF6309-150x150.jpg 150w\" sizes=\"auto, (max-width: 300px) 100vw, 300px\" \/><\/div><a class=\"w-gallery-item-link\" aria-label=\"\u00a9\" href=\"https:\/\/fundaciosetba.org\/wp-content\/uploads\/2023\/10\/DSCF6309-scaled.jpg\" title=\"\u00a9\"><\/a><\/div><div class=\"w-gallery-item\"><div class=\"w-gallery-item-img\"><img loading=\"lazy\" decoding=\"async\" width=\"300\" height=\"300\" src=\"https:\/\/fundaciosetba.org\/wp-content\/uploads\/2023\/10\/DSCF6312-300x300.jpg\" class=\"attachment-woocommerce_thumbnail size-woocommerce_thumbnail\" alt=\"\" srcset=\"https:\/\/fundaciosetba.org\/wp-content\/uploads\/2023\/10\/DSCF6312-300x300.jpg 300w, https:\/\/fundaciosetba.org\/wp-content\/uploads\/2023\/10\/DSCF6312-150x150.jpg 150w\" sizes=\"auto, (max-width: 300px) 100vw, 300px\" \/><\/div><a class=\"w-gallery-item-link\" aria-label=\"\u00a9Jordi Pre\u00f1anosa\" href=\"https:\/\/fundaciosetba.org\/wp-content\/uploads\/2023\/10\/DSCF6312-scaled.jpg\" title=\"\u00a9Jordi Pre\u00f1anosa\"><\/a><\/div><div class=\"w-gallery-item\"><div class=\"w-gallery-item-img\"><img loading=\"lazy\" decoding=\"async\" width=\"300\" height=\"300\" src=\"https:\/\/fundaciosetba.org\/wp-content\/uploads\/2023\/10\/DSCF6318-300x300.jpg\" class=\"attachment-woocommerce_thumbnail size-woocommerce_thumbnail\" alt=\"\" srcset=\"https:\/\/fundaciosetba.org\/wp-content\/uploads\/2023\/10\/DSCF6318-300x300.jpg 300w, https:\/\/fundaciosetba.org\/wp-content\/uploads\/2023\/10\/DSCF6318-150x150.jpg 150w\" sizes=\"auto, (max-width: 300px) 100vw, 300px\" \/><\/div><a class=\"w-gallery-item-link\" aria-label=\"\u00a9Jordi Pre\u00f1anosa\" href=\"https:\/\/fundaciosetba.org\/wp-content\/uploads\/2023\/10\/DSCF6318-scaled.jpg\" title=\"\u00a9Jordi Pre\u00f1anosa\"><\/a><\/div><div class=\"w-gallery-item\"><div class=\"w-gallery-item-img\"><img loading=\"lazy\" decoding=\"async\" width=\"300\" height=\"300\" src=\"https:\/\/fundaciosetba.org\/wp-content\/uploads\/2023\/10\/DSCF6339-300x300.jpg\" class=\"attachment-woocommerce_thumbnail size-woocommerce_thumbnail\" alt=\"\" srcset=\"https:\/\/fundaciosetba.org\/wp-content\/uploads\/2023\/10\/DSCF6339-300x300.jpg 300w, https:\/\/fundaciosetba.org\/wp-content\/uploads\/2023\/10\/DSCF6339-150x150.jpg 150w\" sizes=\"auto, (max-width: 300px) 100vw, 300px\" \/><\/div><a class=\"w-gallery-item-link\" aria-label=\"\u00a9Jordi Pre\u00f1anosa\" href=\"https:\/\/fundaciosetba.org\/wp-content\/uploads\/2023\/10\/DSCF6339-scaled.jpg\" title=\"\u00a9Jordi Pre\u00f1anosa\"><\/a><\/div><div class=\"w-gallery-item\"><div class=\"w-gallery-item-img\"><img loading=\"lazy\" decoding=\"async\" width=\"300\" height=\"300\" src=\"https:\/\/fundaciosetba.org\/wp-content\/uploads\/2023\/10\/DSCF6342-300x300.jpg\" class=\"attachment-woocommerce_thumbnail size-woocommerce_thumbnail\" alt=\"\" srcset=\"https:\/\/fundaciosetba.org\/wp-content\/uploads\/2023\/10\/DSCF6342-300x300.jpg 300w, https:\/\/fundaciosetba.org\/wp-content\/uploads\/2023\/10\/DSCF6342-150x150.jpg 150w\" sizes=\"auto, (max-width: 300px) 100vw, 300px\" \/><\/div><a class=\"w-gallery-item-link\" aria-label=\"\u00a9Jordi Pre\u00f1anosa\" href=\"https:\/\/fundaciosetba.org\/wp-content\/uploads\/2023\/10\/DSCF6342-scaled.jpg\" title=\"\u00a9Jordi Pre\u00f1anosa\"><\/a><\/div><div class=\"w-gallery-item\"><div class=\"w-gallery-item-img\"><img loading=\"lazy\" decoding=\"async\" width=\"300\" height=\"300\" src=\"https:\/\/fundaciosetba.org\/wp-content\/uploads\/2023\/10\/DSCF6362-300x300.jpg\" class=\"attachment-woocommerce_thumbnail size-woocommerce_thumbnail\" alt=\"\" srcset=\"https:\/\/fundaciosetba.org\/wp-content\/uploads\/2023\/10\/DSCF6362-300x300.jpg 300w, https:\/\/fundaciosetba.org\/wp-content\/uploads\/2023\/10\/DSCF6362-150x150.jpg 150w\" sizes=\"auto, (max-width: 300px) 100vw, 300px\" \/><\/div><a class=\"w-gallery-item-link\" aria-label=\"\u00a9Jordi Pre\u00f1anosa\" href=\"https:\/\/fundaciosetba.org\/wp-content\/uploads\/2023\/10\/DSCF6362-scaled.jpg\" title=\"\u00a9Jordi Pre\u00f1anosa\"><\/a><\/div><\/div><\/div>\n<p>&nbsp;<\/p>\n<p>Este proyecto est\u00e1 organizado por la Fundaci\u00f3n Setba y la Fundaci\u00f3n Ampans con la participaci\u00f3n del Instituto Manresa Sis y el patrocinio de Capital Care y la Diputaci\u00f3n de Barcelona y la colaboraci\u00f3n de la empresa Top Cable.<\/p>\n","protected":false},"excerpt":{"rendered":"<p>Sesenta y dos participantes se han comunicado con palabras y colores. Han intercambiado cartas y han pintado a cuatro manos sobre rel\u00e1jagos de pino. Por una cara, treinta y un alumnos del Instituto Manresa Sis, y por la otra, treinta y un usuarios de Ampans.<\/p>\n","protected":false},"author":1,"featured_media":35070,"comment_status":"open","ping_status":"closed","sticky":false,"template":"","format":"standard","meta":{"footnotes":""},"categories":[1355],"tags":[],"class_list":["post-35073","post","type-post","status-publish","format-standard","has-post-thumbnail","hentry","category-naturaleza-es-cultura"],"_links":{"self":[{"href":"https:\/\/fundaciosetba.org\/es\/wp-json\/wp\/v2\/posts\/35073","targetHints":{"allow":["GET"]}}],"collection":[{"href":"https:\/\/fundaciosetba.org\/es\/wp-json\/wp\/v2\/posts"}],"about":[{"href":"https:\/\/fundaciosetba.org\/es\/wp-json\/wp\/v2\/types\/post"}],"author":[{"embeddable":true,"href":"https:\/\/fundaciosetba.org\/es\/wp-json\/wp\/v2\/users\/1"}],"replies":[{"embeddable":true,"href":"https:\/\/fundaciosetba.org\/es\/wp-json\/wp\/v2\/comments?post=35073"}],"version-history":[{"count":1,"href":"https:\/\/fundaciosetba.org\/es\/wp-json\/wp\/v2\/posts\/35073\/revisions"}],"predecessor-version":[{"id":35074,"href":"https:\/\/fundaciosetba.org\/es\/wp-json\/wp\/v2\/posts\/35073\/revisions\/35074"}],"wp:featuredmedia":[{"embeddable":true,"href":"https:\/\/fundaciosetba.org\/es\/wp-json\/wp\/v2\/media\/35070"}],"wp:attachment":[{"href":"https:\/\/fundaciosetba.org\/es\/wp-json\/wp\/v2\/media?parent=35073"}],"wp:term":[{"taxonomy":"category","embeddable":true,"href":"https:\/\/fundaciosetba.org\/es\/wp-json\/wp\/v2\/categories?post=35073"},{"taxonomy":"post_tag","embeddable":true,"href":"https:\/\/fundaciosetba.org\/es\/wp-json\/wp\/v2\/tags?post=35073"}],"curies":[{"name":"wp","href":"https:\/\/api.w.org\/{rel}","templated":true}]}}