{"id":35083,"date":"2023-10-20T11:41:29","date_gmt":"2023-10-20T10:41:29","guid":{"rendered":"https:\/\/fundaciosetba.org\/la-fundacion-setba-nominada-a-los-premios-graffica-2023\/"},"modified":"2023-10-20T11:58:38","modified_gmt":"2023-10-20T10:58:38","slug":"la-fundacion-setba-nominada-a-los-premios-graffica-2023","status":"publish","type":"post","link":"https:\/\/fundaciosetba.org\/es\/la-fundacion-setba-nominada-a-los-premios-graffica-2023\/","title":{"rendered":"La Fundaci\u00f3n Setba nominada a los Premios Gr\u00e1ffica 2023"},"content":{"rendered":"<p>La prestigiosa revista de dise\u00f1o y cultura visual <strong>Gr\u00e1ffica <\/strong><a href=\"https:\/\/graffica.info\/premiosgraffica\/fundacion-setba\/\"><br \/>\n<strong>ha nominado a la Fundaci\u00f3n Setba<\/strong><br \/>\n<\/a> en sus premios de este a\u00f1o.<\/p>\n<p>Gr\u00e1ffica destaca la Fundaci\u00f3n por su <strong>compromiso con la inclusi\u00f3n social<\/strong>, por la creaci\u00f3n de espacios de inclusi\u00f3n mediante la cultura, ofreciendo oportunidades a personas que, de otra manera, podr\u00edan haber quedado excluidas, demostrando que el arte puede ser una v\u00eda para la expresi\u00f3n, la curaci\u00f3n y la conexi\u00f3n con los dem\u00e1s, independientemente de la situaci\u00f3n de vida.<\/p>\n<p>El jurado compuesto por <a href=\"https:\/\/graffica.info\/premiosgraffica\/conoce-el-jurado-de-los-premios-graffica-2023\/\">16 profesionales<\/a> del mundo del dise\u00f1o y la cultura ha escogido un grupo ecl\u00e9ctico y talentoso de profesionales, colectivos e instituciones que son, todos ellos, referentes en el mundo de la cultura visual. Estos finalistas destacan en diversas disciplinas, mostrando una incre\u00edble habilidad y creatividad en sus respectivos campos.<\/p>\n<p><strong>Las <a href=\"https:\/\/graffica.info\/premiosgraffica\/\">nominaciones<\/a> a los Premios Gr\u00e1ffica 2023 son<\/strong>:<\/p>\n<p>Enric Jard\u00ed | Xavier Grau | Anna Bonny | Fundaci\u00f3n Setba | Impresas | Estudio Yinsen | Santiago Sierra | Pet Lamp | Recetas Urbanas | Cenlitros | Coco D\u00e1vez | H\u00e9ctor Ayuso Offf | News &amp; Coffee | Moderna de Pueblo | Sargadelos | \u00d3scar Marin\u00e9 | Sergio Garc\u00eda S\u00e1nchez | Familia Pl\u00f3mez | Fido | Comme des Machines | La Casa Encendida | Pepe Barro | Xeri\u00f3n | Carlota Pereiro | Flora | Underbau | Cristina Daura | Conde Duque | Marta Riezu | Editorial Terranova | Setenta | Pep Carri\u00f3 | Pedro Arilla | PFP | Pichiavo, Supperstudio | Helvetica | Rubio y del Amo | Hoy Empieza Todo | CCCC<\/p>\n<p>Cada a\u00f1o, expertos de la cultura se enfrentan al reto de observar, seleccionar, filtrar y decidir, de manera an\u00f3nima y sin influencias externas, los 10 Premios Gr\u00e1ffica que honran a los mejores talentos del panorama espa\u00f1ol en los campos de la creatividad, el dise\u00f1o gr\u00e1fico y la cultura visual. En los pr\u00f3ximos d\u00edas se desvelar\u00e1 tanto la sede donde se realizar\u00e1n los premios este a\u00f1o como los nominados, entre los que se encontrar\u00e1n los galardonados de esta edici\u00f3n.<\/p>\n<p>M\u00e1s informaci\u00f3n: gr\u00e0ffica.info<\/p>\n","protected":false},"excerpt":{"rendered":"<p>La reconocida revista de dise\u00f1o y cultura visual Gr\u00e1ffica ha nominado a la Fundaci\u00f3n Setba en sus premios de este a\u00f1o, los Premios Gr\u00e1ffica 2023.<\/p>\n","protected":false},"author":1,"featured_media":35078,"comment_status":"closed","ping_status":"closed","sticky":false,"template":"","format":"standard","meta":{"footnotes":""},"categories":[1352,1355,1353,1350,1349],"tags":[],"class_list":["post-35083","post","type-post","status-publish","format-standard","has-post-thumbnail","hentry","category-magistrales-es","category-naturaleza-es-cultura","category-premio-setba-es","category-traspasando-el-objetivo-es","category-traspasando-muros-es"],"_links":{"self":[{"href":"https:\/\/fundaciosetba.org\/es\/wp-json\/wp\/v2\/posts\/35083","targetHints":{"allow":["GET"]}}],"collection":[{"href":"https:\/\/fundaciosetba.org\/es\/wp-json\/wp\/v2\/posts"}],"about":[{"href":"https:\/\/fundaciosetba.org\/es\/wp-json\/wp\/v2\/types\/post"}],"author":[{"embeddable":true,"href":"https:\/\/fundaciosetba.org\/es\/wp-json\/wp\/v2\/users\/1"}],"replies":[{"embeddable":true,"href":"https:\/\/fundaciosetba.org\/es\/wp-json\/wp\/v2\/comments?post=35083"}],"version-history":[{"count":1,"href":"https:\/\/fundaciosetba.org\/es\/wp-json\/wp\/v2\/posts\/35083\/revisions"}],"predecessor-version":[{"id":35084,"href":"https:\/\/fundaciosetba.org\/es\/wp-json\/wp\/v2\/posts\/35083\/revisions\/35084"}],"wp:featuredmedia":[{"embeddable":true,"href":"https:\/\/fundaciosetba.org\/es\/wp-json\/wp\/v2\/media\/35078"}],"wp:attachment":[{"href":"https:\/\/fundaciosetba.org\/es\/wp-json\/wp\/v2\/media?parent=35083"}],"wp:term":[{"taxonomy":"category","embeddable":true,"href":"https:\/\/fundaciosetba.org\/es\/wp-json\/wp\/v2\/categories?post=35083"},{"taxonomy":"post_tag","embeddable":true,"href":"https:\/\/fundaciosetba.org\/es\/wp-json\/wp\/v2\/tags?post=35083"}],"curies":[{"name":"wp","href":"https:\/\/api.w.org\/{rel}","templated":true}]}}